{"id":145025,"date":"2021-05-04T18:38:52","date_gmt":"2021-05-04T17:38:52","guid":{"rendered":"https:\/\/www.elche.es\/2021\/05\/el-consell-juridic-consultiu-avala-la-rescissio-del-contracte-del-mercat-central-per-part-de-lajuntament\/"},"modified":"2021-05-05T16:39:02","modified_gmt":"2021-05-05T15:39:02","slug":"el-consell-juridic-consultiu-avala-la-rescissio-del-contracte-del-mercat-central-per-part-de-lajuntament","status":"publish","type":"post","link":"https:\/\/www.elche.es\/va\/2021\/05\/el-consell-juridic-consultiu-avala-la-rescissio-del-contracte-del-mercat-central-per-part-de-lajuntament\/","title":{"rendered":"El Consell Jur\u00eddic Consultiu avala la rescissi\u00f3 del contracte del Mercat Central per part de l&#8217;Ajuntament"},"content":{"rendered":"<div class=\"wpb-content-wrapper\"><p>[vc_row el_id=&#8221;SUBTITULAR_NOTICIA&#8221;][vc_column][vc_column_text]<\/p>\n<hr \/>\n<h4>L&#8217;alcalde, diu que els arguments esgrimits en el dictamen posen en relleu que la decisi\u00f3 de l&#8217;Equip de Govern era una decisi\u00f3 justificada, \u00e0mpliament argumentada i necess\u00e0ria per a protegir el Misteri i el refugi de la Guerra Civil<\/h4>\n<hr \/>\n<p>[\/vc_column_text][vc_btn title=&#8221;Dictamen Mercat Central&#8221; color=&#8221;vista-blue&#8221; size=&#8221;lg&#8221; align=&#8221;left&#8221; link=&#8221;url:https%3A%2F%2Fwww.elche.es%2Fwp-content%2Fuploads%2F2021%2F05%2Fdictamen-251-exp.-534-2021_firmado.pdf|&#8221; css=&#8221;.vc_custom_1620206796448{margin-top: 25px !important;margin-bottom: 0px !important;}&#8221;][\/vc_column][\/vc_row][vc_row el_id=&#8221;TEXTO_NOTICIA&#8221;][vc_column][vc_column_text]<strong>L&#8217;alcalde d&#8217;Elx, Carlos Gonz\u00e1lez, acompanyat de la regidora Esther D\u00edez i del regidor H\u00e9ctor D\u00edez, ha donat a con\u00e9ixer el dictamen del Consell Jur\u00eddic Consultiu de la Comunitat Valenciana<\/strong> sobre l&#8217;expedient de resoluci\u00f3 del contracte del nou Mercat Central. Un dictamen que, tal com ha assenyalat l&#8217;alcalde, <strong>conclou \u201camb absoluta claredat i nitidesa\u201d<\/strong> que procedeix acordar la resoluci\u00f3 del contracte per la via de l&#8217;article 223\/6 del text ref\u00f3s de la Llei de contractes del sector p\u00fablic\u201d.<\/p>\n<p>Gonz\u00e1lez, ha afegit que l&#8217;informe del Consell Jur\u00eddic determina que amb els efectes establits en l&#8217;article 225\/5 que ve a ser el dret a rebre una indemnitzaci\u00f3 del tres per cent de la prestaci\u00f3 deixada de realitzar.<\/p>\n<p><strong>L&#8217;alcalde ha indicat que el dictamen ha sigut rem\u00e9s als serveis jur\u00eddics municipals<\/strong> per a realitzar una an\u00e0lisi en profunditat d&#8217;aquest, no obstant aix\u00f2, ha avan\u00e7at algunes de les q\u00fcestions importants que es recullen en aquest, <strong>\u201carguments contundents i clars que venen a donar la ra\u00f3 a l&#8217;Ajuntament en la nostra pretensi\u00f3 de rescindir el contracte del Mercat Central\u201d<\/strong>.[\/vc_column_text][\/vc_column][\/vc_row][vc_row el_id=&#8221;DESTACADO_NOTICIA&#8221;][vc_column][vc_column_text el_class=&#8221;cuadronoticia&#8221;]<\/p>\n<h5>La regidora Esther D\u00edez explica que el Consell Jur\u00eddic estableix que \u201cla irresponsabilitat per part de l&#8217;Ajuntament haguera sigut permetre que el contracte seguira avant\u201d<\/h5>\n<p>[\/vc_column_text][\/vc_column][\/vc_row][vc_row][vc_column][vc_column_text]En primer lloc, Gonz\u00e1lez ha destacat que <strong>\u201cles modificacions que haurien de ser realitzades per a complir el contracte excedeixen amb escreix els l\u00edmits m\u00e0xims establits per la llei\u201d<\/strong>.<\/p>\n<p>Aquest era un dels arguments fonamentals sostinguts per l&#8217;Equip de Govern Municipal en l&#8217;escrit en el qual s&#8217;exposava la necessitat de rescindir el contracte.<\/p>\n<p>L&#8217;alcalde ha explicat que <strong>\u201cles modificacions que caldria realitzar per a compatibilitzar la protecci\u00f3 patrimonial amb l&#8217;execuci\u00f3 del projecte excedeixen amb escreix les previsions m\u00e0ximes establides per la llei\u201d<\/strong>. Ha afegit que l&#8217;informe diu que l&#8217;empresa no ha arribat a aportar cap justificaci\u00f3 que prove que els c\u00e0lculs municipals no s\u00f3n correctes.<\/p>\n<p>En segon lloc, l&#8217;informe exposa que \u201cde cap manera pot qualificar-se la decisi\u00f3 de resoldre el contracte com una decisi\u00f3 discrecional, unilateral o injustificada, en portar causa de raons d&#8217;inter\u00e9s p\u00fablic \u00e0mpliament contrastades. Davant del que s&#8217;ha dit des de diversos sectors, \u00e9s evident que ha sigut <strong>una decisi\u00f3 fundada, absolutament necess\u00e0ria en defensa de l&#8217;inter\u00e9s p\u00fablic<\/strong>\u201d.<\/p>\n<p>Un altre dels arguments que posa sobre la taula el dictamen \u00e9s que \u201c<strong>resulta acreditat que la continu\u00eftat de l&#8217;execuci\u00f3 del projecte suposa la possibilitat certa que es produiria una lesi\u00f3 greu a l&#8217;inter\u00e9s p\u00fablic<\/strong>. \u00c9s a dir, el Consell Juridic diu que d&#8217;haver continuat amb l&#8217;execuci\u00f3 del contracte en els termes inicials haguera produ\u00eft \u2018de manera certa\u2019 una lesi\u00f3 greu a l&#8217;inter\u00e9s p\u00fablic\u201d.[\/vc_column_text][\/vc_column][\/vc_row][vc_row][vc_column][vc_column_text el_class=&#8221;cuadronoticia&#8221;]<\/p>\n<h5>L&#8217;\u00f2rgan auton\u00f2mic estableix que les modificacions que haurien de ser realitzades per a complir el contracte excedeixen amb escreix els l\u00edmits m\u00e0xims establits per la llei<\/h5>\n<p>[\/vc_column_text][\/vc_column][\/vc_row][vc_row el_id=&#8221;TEXTO_FIN_NOTICIA&#8221;][vc_column][vc_column_text]Un altre dels arguments que posa sobre la taula el dictamen \u00e9s que <strong>\u201cresulta acreditat que la continu\u00eftat de l&#8217;execuci\u00f3 del projecte suposa la possibilitat certa que es produ\u00efra una lesi\u00f3 greu a l&#8217;inter\u00e9s p\u00fablic<\/strong>. \u00c9s a dir, el Consell Juridic diu que d&#8217;<strong>haver continuat amb l&#8217;execuci\u00f3 del contracte en els termes inicials haguera produ\u00eft \u2018de manera certa\u2019 una lesi\u00f3 greu a l&#8217;inter\u00e9s p\u00fablic\u201d<\/strong>.<\/p>\n<p>Tal com ha explicat l&#8217;alcalde, aquests arguments posen en relleu que la decisi\u00f3 de l&#8217;Equip de Govern de resoldre el contracte del Mercat Central era <strong>una decisi\u00f3 \u201cjustificada, \u00e0mpliament argumentada i necess\u00e0ria per a protegir el Misteri i el refugi de la Guerra Civil<\/strong>, la qual cosa, \u00e9s un suport inequ\u00edvoc a la decisi\u00f3 de l&#8217;Equip de Govern de resoldre un contracte que, tal com diu el dictamen de l&#8217;\u00f2rgan auton\u00f2mic, era lesiu per a l&#8217;inter\u00e9s p\u00fablic i perjudicial per als interessos de la nostra ciutat\u201d.<\/p>\n<p>Davant aquest dictamen, l&#8217;alcalde ha apuntat que ara procedeix seguir avant amb el proc\u00e9s administratiu de resoluci\u00f3 definitiva del contracte del Mercat Central amb l&#8217;aval del Consell Juridic Consultiu. <strong>\u201cEs tracta d&#8217;un aval jur\u00eddic que t\u00e9 una projecci\u00f3 pol\u00edtica, perqu\u00e8 dona la ra\u00f3 als arguments de l&#8217;Ajuntament\u201d.<\/strong><\/p>\n<p>Per la seua part, la regidora de Mobilitat i Medi Ambient, <strong>Esther D\u00edez, ha assenyalat que \u201cel dictamen el que diu \u00e9s que el plantejament de l&#8217;Ajuntament era correcte i apunta que, per descomptat, el patrimoni est\u00e0 per damunt del contracte<\/strong>, que \u00e9s evident l&#8217;afectaci\u00f3 del contracte des del punt de vista patrimonial i que protegir aquest patrimoni suposa uns canvis en el projecte que fan inviable el contracte\u201d.<\/p>\n<p>D\u00edez ha destacat a m\u00e9s, que \u201c<strong>el Consell Jur\u00eddic diu que la irresponsabilitat per part de l&#8217;Ajuntament haguera sigut permetre que el contracte seguira avant<\/strong>. Aix\u00ed doncs, estem fent el correcte. Estem protegint l&#8217;inter\u00e9s p\u00fablic, el patrimoni dels il\u00b7licitans i de les il\u00b7licitanes i que el que procedia des del punt de vista legal era dur a terme la rescissi\u00f3\u201d.<\/p>\n<hr \/>\n<p>[\/vc_column_text][\/vc_column][\/vc_row][vc_row][vc_column width=&#8221;1\/2&#8243;]<audio class=\"sc_audio\" src=\"https:\/\/soundcloud.com\/ayuntamiento-de-elche\/carlos-gonzalez-7\" width=\"\" height=\"\"><\/audio>[\/vc_column][vc_column width=&#8221;1\/2&#8243;]<audio class=\"sc_audio\" src=\"https:\/\/soundcloud.com\/ayuntamiento-de-elche\/esther-diez-4\" width=\"\" height=\"\"><\/audio>[\/vc_column][\/vc_row]<\/p>\n<\/div>","protected":false},"excerpt":{"rendered":"<p>[vc_row el_id=&#8221;SUBTITULAR_NOTICIA&#8221;][vc_column][vc_column_text] L&#8217;alcalde, diu que els arguments esgrimits en el dictamen posen en relleu que la decisi\u00f3 de l&#8217;Equip de Govern era una decisi\u00f3 justificada, \u00e0mpliament argumentada i necess\u00e0ria per [&hellip;]<\/p>\n","protected":false},"author":15,"featured_media":145021,"comment_status":"closed","ping_status":"closed","sticky":false,"template":"","format":"standard","meta":{"footnotes":""},"categories":[391,211,217,1312],"tags":[],"class_list":["post-145025","post","type-post","status-publish","format-standard","has-post-thumbnail","hentry","category-home-va","category-medi-ambient-va","category-mobilitat","category-noticias-va"],"_links":{"self":[{"href":"https:\/\/www.elche.es\/va\/wp-json\/wp\/v2\/posts\/145025","targetHints":{"allow":["GET"]}}],"collection":[{"href":"https:\/\/www.elche.es\/va\/wp-json\/wp\/v2\/posts"}],"about":[{"href":"https:\/\/www.elche.es\/va\/wp-json\/wp\/v2\/types\/post"}],"author":[{"embeddable":true,"href":"https:\/\/www.elche.es\/va\/wp-json\/wp\/v2\/users\/15"}],"replies":[{"embeddable":true,"href":"https:\/\/www.elche.es\/va\/wp-json\/wp\/v2\/comments?post=145025"}],"version-history":[{"count":0,"href":"https:\/\/www.elche.es\/va\/wp-json\/wp\/v2\/posts\/145025\/revisions"}],"wp:featuredmedia":[{"embeddable":true,"href":"https:\/\/www.elche.es\/va\/wp-json\/wp\/v2\/media\/145021"}],"wp:attachment":[{"href":"https:\/\/www.elche.es\/va\/wp-json\/wp\/v2\/media?parent=145025"}],"wp:term":[{"taxonomy":"category","embeddable":true,"href":"https:\/\/www.elche.es\/va\/wp-json\/wp\/v2\/categories?post=145025"},{"taxonomy":"post_tag","embeddable":true,"href":"https:\/\/www.elche.es\/va\/wp-json\/wp\/v2\/tags?post=145025"}],"curies":[{"name":"wp","href":"https:\/\/api.w.org\/{rel}","templated":true}]}}