{"id":145150,"date":"2021-05-05T15:57:40","date_gmt":"2021-05-05T14:57:40","guid":{"rendered":"https:\/\/www.elche.es\/2021\/05\/elx-avanca-en-la-seua-estrategia-de-destinacio-turistica-intel%c2%b7ligent\/"},"modified":"2021-05-06T07:30:42","modified_gmt":"2021-05-06T06:30:42","slug":"elx-avanca-en-la-seua-estrategia-de-destinacio-turistica-intel%c2%b7ligent","status":"publish","type":"post","link":"https:\/\/www.elche.es\/va\/2021\/05\/elx-avanca-en-la-seua-estrategia-de-destinacio-turistica-intel%c2%b7ligent\/","title":{"rendered":"Elx avan\u00e7a en la seua estrat\u00e8gia de destinaci\u00f3 tur\u00edstica intel\u00b7ligent"},"content":{"rendered":"<div class=\"wpb-content-wrapper\"><p>[vc_row el_id=&#8221;SUBTITULAR_NOTICIA&#8221;][vc_column][vc_column_text]<\/p>\n<hr \/>\n<h4>El Centre de Congressos Ciutat d\u2019Elx ha acollit aquest mat\u00ed la primera reuni\u00f3 per a la redacci\u00f3 d&#8217;un Pla Operatiu Estrat\u00e8gic de Turisme<\/h4>\n<hr \/>\n<p>[\/vc_column_text][\/vc_column][\/vc_row][vc_row el_id=&#8221;TEXTO_NOTICIA&#8221;][vc_column][vc_column_text]<strong>L&#8217;Ajuntament ha fet hui un important pas per a rellan\u00e7ar Elx com a destinaci\u00f3 tur\u00edstica.<\/strong> El Centre de Congressos Ciutat d\u2019Elx ha acollit aquest mat\u00ed la primera reuni\u00f3 per a la <strong>redacci\u00f3 d&#8217;un Pla Operatiu Estrat\u00e8gic de Turisme i al seu torn, un Pla Director de Turisme Intel\u00b7ligent d&#8217;Elx.<\/strong><\/p>\n<p>Una trobada a la qual han assistit el director general de Turisme, Herick Campos; el regidor de Turisme, Carles Molina; el director d&#8217;Invat.tur Red DTI-CV, Paco Juan; la majoria dels regidors de l&#8217;Equip de Govern; t\u00e8cnics municipals de diferents departaments i representants dels grups pol\u00edtics municipals.<\/p>\n<p>Tal com ha explicat l&#8217;alcalde, <strong>l&#8217;objectiu de la reuni\u00f3 de hui ha sigut \u201cimpulsar una metodologia de treball que ens permeta desenvolupar aquest Pla Estrat\u00e8gic Operatiu de Turisme per a rellan\u00e7ar tur\u00edsticament la ciutat<\/strong>, despr\u00e9s d&#8217;un per\u00edode de dos d\u00e8cades en les quals Elx s&#8217;ha convertit en un actor tur\u00edstic rellevant dins de l&#8217;oferta tur\u00edstica de la Comunitat Valenciana\u201d.[\/vc_column_text][\/vc_column][\/vc_row][vc_row el_id=&#8221;DESTACADO_NOTICIA&#8221;][vc_column][vc_column_text el_class=&#8221;cuadronoticia&#8221;]<\/p>\n<h5>\u201cL&#8217;objectiu de la reuni\u00f3 ha sigut impulsar una metodologia de treball que ens permeta desenvolupar aquest pla per a rellan\u00e7ar tur\u00edsticament la ciutat\u201d, ha dit l&#8217;alcalde<\/h5>\n<p>[\/vc_column_text][vc_column_text]El Pla Operatiu Estrat\u00e8gic de Turisme i un Pla Director de Turisme Intel\u00b7ligent d&#8217;Elx marcaran el<strong> full de ruta del desenvolupament tur\u00edstic del municipi en els pr\u00f2xims anys<\/strong>, que considerar\u00e0 des d&#8217;un inici variables tan importants com s\u00f3n la <strong>sostenibilitat, l&#8217;accessibilitat, la innovaci\u00f3 i la governan\u00e7a<\/strong> col\u00b7laborativa per a aconseguir que el turisme es consolide com un dels sectors econ\u00f2mics m\u00e9s rellevants per a Elx.<\/p>\n<p><strong>\u201cEs tracta d&#8217;aprofitar les nostres fortaleses com a destinaci\u00f3 tur\u00edstica per a ordenar-les i afavorir el desenvolupament tur\u00edstic a la nostra ciutat\u201d, ha apuntat l&#8217;alcalde<\/strong>, que ha afegit que \u201cestem en un bon moment i comptem amb els recursos, amb la voluntat i amb aliats com la Generalitat, per a rellan\u00e7ar tur\u00edsticament un municipi que t\u00e9 un gran potencial\u201d.<\/p>\n<p>Per la seua part, <strong>Herick Campos ha dit que Elx \u00e9s un referent tur\u00edstic dins del dest\u00ed Comunitat Valenciana<\/strong>. \u201cHui \u00e9s un dia important per a Elx. Per al que \u00e9s i per al que vol ser en turisme. \u00c9s un referent en qualsevol dels recursos i productes tur\u00edstics. Evidentment hi ha un que predomina, que \u00e9s el cultural, per\u00f2 hui mateix en el treball que hem comen\u00e7at <strong>s&#8217;ha posat de manifest que existeix producte de congressos, d&#8217;oferta urbana, de sol i platja, de naturalesa, de gastronomia, de festes, d&#8217;esport, de salut\u2026<\/strong> existeix tot l&#8217;ideal per al que ja \u00e9s una realitat\u201d, ha assenyalat el director general de Turisme.[\/vc_column_text][vc_column_text el_class=&#8221;cuadronoticia&#8221;]<\/p>\n<h5>\u201cEs tracta d&#8217;aprofitar les nostres fortaleses com a destinaci\u00f3 tur\u00edstica per a ordenar-les i afavorir el desenvolupament tur\u00edstic a la nostra ciutat\u201d, ha apuntat Carlos Gonz\u00e1lez<\/h5>\n<p>[\/vc_column_text][\/vc_column][\/vc_row][vc_row el_id=&#8221;TEXTO_FIN_NOTICIA&#8221;][vc_column][vc_column_text]Tal com ha assenyalat Campos, \u201cintel\u00b7lig\u00e8ncia tur\u00edstica \u00e9s governan\u00e7a, -tots els departaments treballen en la gesti\u00f3 amb residents i organitzacions- i \u00e9s sostenibilitat econ\u00f2mica, social i mediambiental\u201d.<\/p>\n<p><strong>Finalment, Herick Campos ha destacat que \u201cElx ha fet hui un pas de gegant per a poder obtindre fons europeus destinats al turisme.<\/strong> El Pla Estrat\u00e8gic d&#8217;Ordenaci\u00f3 Tur\u00edstica \u00e9s una garantia per a poder optar a aquestes ajudes europees\u201d.<\/p>\n<p><strong>Segons ha assenyalat Carles Molina, el Pla Operatiu Estrat\u00e8gic ser\u00e0 un document que establir\u00e0 i orientar\u00e0 sobre l&#8217;estrat\u00e8gia del dest\u00ed en mat\u00e8ria d&#8217;aprofitament dels seus recursos tur\u00edstics<\/strong>, de desenvolupament de productes, de necessitats de millora, de la seua posada en valor i d&#8217;accions de promoci\u00f3 i de comunicaci\u00f3 que ajuden a millorar el posicionament del dest\u00ed i de les empreses en els diferents mercats tur\u00edstics.<\/p>\n<p>A m\u00e9s, el Pla Director de Turisme Intel\u00b7ligent \u00e9s un <strong>model de gesti\u00f3 basat en la governan\u00e7a col\u00b7laborativa que permetr\u00e0 identificar i orientar les necessitats de millora<\/strong> des de la perspectiva de la sostenibilitat, l&#8217;accessibilitat, la innovaci\u00f3, els sistemes d&#8217;informaci\u00f3 i intel\u00b7lig\u00e8ncia tur\u00edstica, la connectivitat i sensoritzaci\u00f3 o el m\u00e0rqueting digital, amb les quals facilitar una millor gesti\u00f3 tur\u00edstica del dest\u00ed Elx en els pr\u00f2xims anys.<\/p>\n<p>Tots dos projectes estan totalment relacionats, i a m\u00e9s, \u00e9s aconsellable per a qualsevol dest\u00ed que el Pla Director de Destinaci\u00f3 Tur\u00edstica Intel\u00b7ligent es desenvolupe sobre el context i les l\u00ednies estrat\u00e8giques que determine el Pla Operatiu Estrat\u00e8gic.<\/p>\n<p><strong>Aquest pla ser\u00e0 presentat dem\u00e0 a la societat civil.<\/strong><\/p>\n<hr \/>\n<p>[\/vc_column_text][\/vc_column][\/vc_row][vc_row][vc_column width=&#8221;1\/6&#8243;][\/vc_column][vc_column width=&#8221;2\/3&#8243;]<audio class=\"sc_audio\" src=\"https:\/\/soundcloud.com\/ayuntamiento-de-elche\/rueda-de-prensa-sobre-el-inicio-de-los-trabajos-de-redaccion-del-plan-estrategico-operativo-de-turismo\" width=\"\" height=\"\"><\/audio>[\/vc_column][vc_column width=&#8221;1\/6&#8243;][\/vc_column][\/vc_row]<\/p>\n<\/div>","protected":false},"excerpt":{"rendered":"<p>[vc_row el_id=&#8221;SUBTITULAR_NOTICIA&#8221;][vc_column][vc_column_text] El Centre de Congressos Ciutat d\u2019Elx ha acollit aquest mat\u00ed la primera reuni\u00f3 per a la redacci\u00f3 d&#8217;un Pla Operatiu Estrat\u00e8gic de Turisme [\/vc_column_text][\/vc_column][\/vc_row][vc_row el_id=&#8221;TEXTO_NOTICIA&#8221;][vc_column][vc_column_text]L&#8217;Ajuntament ha fet hui [&hellip;]<\/p>\n","protected":false},"author":15,"featured_media":145139,"comment_status":"closed","ping_status":"closed","sticky":false,"template":"","format":"standard","meta":{"footnotes":""},"categories":[391,1312,228],"tags":[],"class_list":["post-145150","post","type-post","status-publish","format-standard","has-post-thumbnail","hentry","category-home-va","category-noticias-va","category-turisme-va"],"_links":{"self":[{"href":"https:\/\/www.elche.es\/va\/wp-json\/wp\/v2\/posts\/145150","targetHints":{"allow":["GET"]}}],"collection":[{"href":"https:\/\/www.elche.es\/va\/wp-json\/wp\/v2\/posts"}],"about":[{"href":"https:\/\/www.elche.es\/va\/wp-json\/wp\/v2\/types\/post"}],"author":[{"embeddable":true,"href":"https:\/\/www.elche.es\/va\/wp-json\/wp\/v2\/users\/15"}],"replies":[{"embeddable":true,"href":"https:\/\/www.elche.es\/va\/wp-json\/wp\/v2\/comments?post=145150"}],"version-history":[{"count":0,"href":"https:\/\/www.elche.es\/va\/wp-json\/wp\/v2\/posts\/145150\/revisions"}],"wp:featuredmedia":[{"embeddable":true,"href":"https:\/\/www.elche.es\/va\/wp-json\/wp\/v2\/media\/145139"}],"wp:attachment":[{"href":"https:\/\/www.elche.es\/va\/wp-json\/wp\/v2\/media?parent=145150"}],"wp:term":[{"taxonomy":"category","embeddable":true,"href":"https:\/\/www.elche.es\/va\/wp-json\/wp\/v2\/categories?post=145150"},{"taxonomy":"post_tag","embeddable":true,"href":"https:\/\/www.elche.es\/va\/wp-json\/wp\/v2\/tags?post=145150"}],"curies":[{"name":"wp","href":"https:\/\/api.w.org\/{rel}","templated":true}]}}