{"id":145215,"date":"2021-05-06T13:03:59","date_gmt":"2021-05-06T12:03:59","guid":{"rendered":"https:\/\/www.elche.es\/2021\/05\/la-regidoria-digualtat-organitza-lexposicio-de-subdites-a-ciutadanes-espanya-1965-1995-sobre-levolucio-dels-drets-de-la-dona\/"},"modified":"2021-05-06T13:11:06","modified_gmt":"2021-05-06T12:11:06","slug":"la-regidoria-digualtat-organitza-lexposicio-de-subdites-a-ciutadanes-espanya-1965-1995-sobre-levolucio-dels-drets-de-la-dona","status":"publish","type":"post","link":"https:\/\/www.elche.es\/va\/2021\/05\/la-regidoria-digualtat-organitza-lexposicio-de-subdites-a-ciutadanes-espanya-1965-1995-sobre-levolucio-dels-drets-de-la-dona\/","title":{"rendered":"La Regidoria d&#8217;Igualtat organitza l&#8217;exposici\u00f3 \u2018De s\u00fabdites a ciutadanes -Espanya 1965 &#8211; 1995\u2019, sobre l&#8217;evoluci\u00f3 dels drets de la dona"},"content":{"rendered":"<div class=\"wpb-content-wrapper\"><p>[vc_row el_id=&#8221;SUBTITULAR_NOTICIA&#8221;][vc_column][vc_column_text]<\/p>\n<hr \/>\n<h4>La mostra s&#8217;inaugurar\u00e0 dimarts que ve, 11 de maig, a les 18 hores en el Centre Cultural Les Clarisses<\/h4>\n<hr \/>\n<p>[\/vc_column_text][\/vc_column][\/vc_row][vc_row el_id=&#8221;TEXTO_NOTICIA&#8221;][vc_column][vc_column_text]<strong>La Regidoria d&#8217;Igualtat organitza l&#8217;exposici\u00f3 \u2018De s\u00fabdites a ciutadanes &#8211; Espanya 1965 &#8211; 1995\u2019, que s&#8217;inaugurar\u00e0 dimarts que ve, 11 de maig, a les 18 hores<\/strong> en el Centre Cultural Les Clarisses, situat en la pla\u00e7a de la Merc\u00e9.<\/p>\n<p><strong>La visita a l&#8217;exposici\u00f3 \u00e9s gratu\u00efta i estar\u00e0 fins al 7 de juny en el Centre Cultural Les Clarisses.<\/strong> Les persones interessades a visitar-la podran fer-ho <strong>de dimarts a dissabte de 10 a 14 hores i de 15 a 18 hores i els diumenges de 10 a 14 hores<\/strong>.<\/p>\n<p>El regidor de l&#8217;\u00e0rea, Mariano <strong>Valera, explica que aquesta mostra \u201ces realitza un rep\u00e0s de les accions, de les reivindicacions, dels avan\u00e7os i dels drets de les dones<\/strong> en la seua versi\u00f3 pol\u00edtica, organitzada i col\u00b7lectiva entre els anys 1965 i 1995\u201d.[\/vc_column_text][\/vc_column][\/vc_row][vc_row el_id=&#8221;DESTACADO_NOTICIA&#8221;][vc_column][vc_column_text el_class=&#8221;cuadronoticia&#8221;]<\/p>\n<h5>El regidor de l&#8217;\u00e0rea, Mariano Valera, explica que \u201ces realitza un rep\u00e0s de les accions, de les reivindicacions, dels avan\u00e7os i dels drets de les dones en la seua versi\u00f3 pol\u00edtica, organitzada i col\u00b7lectiva, entre els anys 1965 i 1995\u201d<\/h5>\n<p>[\/vc_column_text][\/vc_column][\/vc_row][vc_row el_id=&#8221;TEXTO_FIN_NOTICIA&#8221;][vc_column][vc_column_text]Segons el regidor, en la trentena d&#8217;anys que recull l&#8217;exposici\u00f3, es passa de les lleis dures del franquisme a un desplegament de <strong>llibertats p\u00fabliques i drets per a les espanyoles<\/strong>. Es donen les claus sobre les diverses accions i orientacions feministes que van desembocar en una millora de la qualitat dels drets de les dones.<\/p>\n<p>D&#8217;altra banda, segons la Regidoria, es posa de manifest la <strong>import\u00e0ncia del feminisme com a motor de canvi, moviment, pensament i com a impulsor de pol\u00edtiques d&#8217;igualtat<\/strong>. De la mateixa manera, es pret\u00e9n neutralitzar prejudicis com que les dones ja han arribat on havien d&#8217;arribar i que tots els avan\u00e7os s\u00f3n producte del desenvolupament hist\u00f2ric.<\/p>\n<p>En la inauguraci\u00f3 es comptar\u00e0 amb la pres\u00e8ncia d&#8217;Elena Sim\u00f3n, comiss\u00e0ria de l&#8217;exposici\u00f3, que realitzar\u00e0 una visita guiada a les persones assistents.<\/p>\n<hr \/>\n<p>[\/vc_column_text][\/vc_column][\/vc_row]<\/p>\n<\/div>","protected":false},"excerpt":{"rendered":"<p>[vc_row el_id=&#8221;SUBTITULAR_NOTICIA&#8221;][vc_column][vc_column_text] La mostra s&#8217;inaugurar\u00e0 dimarts que ve, 11 de maig, a les 18 hores en el Centre Cultural Les Clarisses [\/vc_column_text][\/vc_column][\/vc_row][vc_row el_id=&#8221;TEXTO_NOTICIA&#8221;][vc_column][vc_column_text]La Regidoria d&#8217;Igualtat organitza l&#8217;exposici\u00f3 \u2018De s\u00fabdites a [&hellip;]<\/p>\n","protected":false},"author":15,"featured_media":145184,"comment_status":"closed","ping_status":"closed","sticky":false,"template":"","format":"standard","meta":{"footnotes":""},"categories":[190,209,391,1312],"tags":[],"class_list":["post-145215","post","type-post","status-publish","format-standard","has-post-thumbnail","hentry","category-drets-socials","category-igualtat-va","category-home-va","category-noticias-va"],"_links":{"self":[{"href":"https:\/\/www.elche.es\/va\/wp-json\/wp\/v2\/posts\/145215","targetHints":{"allow":["GET"]}}],"collection":[{"href":"https:\/\/www.elche.es\/va\/wp-json\/wp\/v2\/posts"}],"about":[{"href":"https:\/\/www.elche.es\/va\/wp-json\/wp\/v2\/types\/post"}],"author":[{"embeddable":true,"href":"https:\/\/www.elche.es\/va\/wp-json\/wp\/v2\/users\/15"}],"replies":[{"embeddable":true,"href":"https:\/\/www.elche.es\/va\/wp-json\/wp\/v2\/comments?post=145215"}],"version-history":[{"count":0,"href":"https:\/\/www.elche.es\/va\/wp-json\/wp\/v2\/posts\/145215\/revisions"}],"wp:featuredmedia":[{"embeddable":true,"href":"https:\/\/www.elche.es\/va\/wp-json\/wp\/v2\/media\/145184"}],"wp:attachment":[{"href":"https:\/\/www.elche.es\/va\/wp-json\/wp\/v2\/media?parent=145215"}],"wp:term":[{"taxonomy":"category","embeddable":true,"href":"https:\/\/www.elche.es\/va\/wp-json\/wp\/v2\/categories?post=145215"},{"taxonomy":"post_tag","embeddable":true,"href":"https:\/\/www.elche.es\/va\/wp-json\/wp\/v2\/tags?post=145215"}],"curies":[{"name":"wp","href":"https:\/\/api.w.org\/{rel}","templated":true}]}}