{"id":145314,"date":"2021-05-06T19:05:17","date_gmt":"2021-05-06T18:05:17","guid":{"rendered":"https:\/\/www.elche.es\/2021\/05\/lalcalde-rep-el-propietari-de-lelx-cf-a-lajuntament\/"},"modified":"2021-05-06T19:24:18","modified_gmt":"2021-05-06T18:24:18","slug":"lalcalde-rep-el-propietari-de-lelx-cf-a-lajuntament","status":"publish","type":"post","link":"https:\/\/www.elche.es\/va\/2021\/05\/lalcalde-rep-el-propietari-de-lelx-cf-a-lajuntament\/","title":{"rendered":"L&#8217;alcalde rep el propietari de l&#8217;Elx CF a l&#8217;Ajuntament"},"content":{"rendered":"<div class=\"wpb-content-wrapper\"><p>[vc_row][vc_column][vc_column_text]<\/p>\n<hr \/>\n<h4>Carlos Gonz\u00e1lez i el regidor Vicente Alberola han conversat amb Christian Bragarnik sobre l&#8217;actualitat, els reptes i els projectes de l&#8217;entitat franjaverda<\/h4>\n<hr \/>\n<h4><\/h4>\n<p>&nbsp;[\/vc_column_text][\/vc_column][\/vc_row][vc_row][vc_column][vc_column_text]L&#8217;<strong>alcalde d&#8217;Elx, Carlos Gonz\u00e1lez<\/strong>, ha rebut a l&#8217;Ajuntament el <strong>propietari de l&#8217;Elx CF, Christian Bragarnik<\/strong>. A la trobada tamb\u00e9 han assistit el <strong>regidor d&#8217;Esports, Vicente Alberola<\/strong>, i el <strong>president franjaverd, Joaqu\u00edn Buitrago<\/strong>.<\/p>\n<p>Durant la reuni\u00f3 mantinguda, que s&#8217;ha celebrat en un ambient cordial i dist\u00e9s, <strong>han conversat sobre l&#8217;actualitat del club i sobre els reptes i projectes de l&#8217;entitat<\/strong>. En aquest sentit, la cita tamb\u00e9 ha contribu\u00eft a refor\u00e7ar els lla\u00e7os ja existents, amb una col\u00b7laboraci\u00f3 estreta en el dia a dia entre les \u00e0rees de les dues institucions.<\/p>\n<p>Aix\u00ed mateix,<strong> l&#8217;alcalde ha desitjat sort al primer equip en la recta final de la temporada<\/strong>, en la qual est\u00e0 immers en la lluita per la perman\u00e8ncia en La Lliga Santander, la m\u00e0xima categoria del futbol espanyol.<\/p>\n<p><strong>La relaci\u00f3 entre l&#8217;Ajuntament i l&#8217;Elx CF \u00e9s fluida i pr\u00f2xima<\/strong>, amb l&#8217;objectiu de continuar enfortint el contacte perqu\u00e8 la imatge de la ciutat i el club continue expandint-se a nivell nacional i internacional.<\/p>\n<hr \/>\n<p>&nbsp;[\/vc_column_text][\/vc_column][\/vc_row]<\/p>\n<\/div>","protected":false},"excerpt":{"rendered":"<p>[vc_row][vc_column][vc_column_text] Carlos Gonz\u00e1lez i el regidor Vicente Alberola han conversat amb Christian Bragarnik sobre l&#8217;actualitat, els reptes i els projectes de l&#8217;entitat franjaverda &nbsp;[\/vc_column_text][\/vc_column][\/vc_row][vc_row][vc_column][vc_column_text]L&#8217;alcalde d&#8217;Elx, Carlos Gonz\u00e1lez, ha rebut a [&hellip;]<\/p>\n","protected":false},"author":15,"featured_media":145300,"comment_status":"closed","ping_status":"closed","sticky":false,"template":"","format":"standard","meta":{"footnotes":""},"categories":[187,391,1312],"tags":[],"class_list":["post-145314","post","type-post","status-publish","format-standard","has-post-thumbnail","hentry","category-esports","category-home-va","category-noticias-va"],"_links":{"self":[{"href":"https:\/\/www.elche.es\/va\/wp-json\/wp\/v2\/posts\/145314","targetHints":{"allow":["GET"]}}],"collection":[{"href":"https:\/\/www.elche.es\/va\/wp-json\/wp\/v2\/posts"}],"about":[{"href":"https:\/\/www.elche.es\/va\/wp-json\/wp\/v2\/types\/post"}],"author":[{"embeddable":true,"href":"https:\/\/www.elche.es\/va\/wp-json\/wp\/v2\/users\/15"}],"replies":[{"embeddable":true,"href":"https:\/\/www.elche.es\/va\/wp-json\/wp\/v2\/comments?post=145314"}],"version-history":[{"count":0,"href":"https:\/\/www.elche.es\/va\/wp-json\/wp\/v2\/posts\/145314\/revisions"}],"wp:featuredmedia":[{"embeddable":true,"href":"https:\/\/www.elche.es\/va\/wp-json\/wp\/v2\/media\/145300"}],"wp:attachment":[{"href":"https:\/\/www.elche.es\/va\/wp-json\/wp\/v2\/media?parent=145314"}],"wp:term":[{"taxonomy":"category","embeddable":true,"href":"https:\/\/www.elche.es\/va\/wp-json\/wp\/v2\/categories?post=145314"},{"taxonomy":"post_tag","embeddable":true,"href":"https:\/\/www.elche.es\/va\/wp-json\/wp\/v2\/tags?post=145314"}],"curies":[{"name":"wp","href":"https:\/\/api.w.org\/{rel}","templated":true}]}}