{"id":145328,"date":"2021-05-07T11:45:30","date_gmt":"2021-05-07T10:45:30","guid":{"rendered":"https:\/\/www.elche.es\/2021\/05\/la-policia-local-desallotja-a-mes-de-40-persones-que-celebraven-una-festa-il%c2%b7legal-en-un-camp-daltabix\/"},"modified":"2021-05-10T07:18:39","modified_gmt":"2021-05-10T06:18:39","slug":"la-policia-local-desallotja-a-mes-de-40-persones-que-celebraven-una-festa-il%c2%b7legal-en-un-camp-daltabix","status":"publish","type":"post","link":"https:\/\/www.elche.es\/va\/2021\/05\/la-policia-local-desallotja-a-mes-de-40-persones-que-celebraven-una-festa-il%c2%b7legal-en-un-camp-daltabix\/","title":{"rendered":"La Policia Local desallotja m\u00e9s de 40 persones que celebraven una festa il\u00b7legal en un camp d&#8217;Altabix"},"content":{"rendered":"<div class=\"wpb-content-wrapper\"><p>[vc_row][vc_column][vc_column_text]<\/p>\n<hr \/>\n<h4>Els convidats de l&#8217;esdeveniment es trobaven sense m\u00e0scares i estaven consumint beguda i menjar a l&#8217;interior de la propietat<\/h4>\n<hr \/>\n<h4><\/h4>\n<p>[\/vc_column_text][\/vc_column][\/vc_row][vc_row][vc_column][vc_column_text]La<strong> Policia Local va desallotjar<\/strong>, el dissabte 1 de maig, <strong>m\u00e9s de 40 persones en un camp d&#8217;Altabix<\/strong> on celebraven una festa d&#8217;aniversari que incomplia les mesures sanit\u00e0ries davant la Covid. La Sala d&#8217;Operacions (092) va rebre l&#8217;alerta sobre aquest esdeveniment no autoritzat a les 20.50 hores.<\/p>\n<p>En arribar, les dotacions van trobar <strong>prop de mig centenar de persones a l&#8217;interior de la propietat entre adults i menors, sense m\u00e0scares<\/strong> que estaven consumint beguda i menjar. La responsable de l&#8217;organitzaci\u00f3 de l&#8217;esdeveniment va indicar que es tractava d&#8217;una reuni\u00f3 amb finalitats ben\u00e8fiques.<\/p>\n<p>La implicada va ser informada de la prohibici\u00f3 expressa de realitzar qualsevol tipus d&#8217;esdeveniment amb motiu de les mesures davant la Covid-19. Seguidament, els agents van cursar <strong>den\u00fancia per incompliment de les mesures sanit\u00e0ries<\/strong> i els van obligar a cessar l&#8217;activitat.<\/p>\n<hr \/>\n<p>[\/vc_column_text][\/vc_column][\/vc_row]<\/p>\n<\/div>","protected":false},"excerpt":{"rendered":"<p>[vc_row][vc_column][vc_column_text] Els convidats de l&#8217;esdeveniment es trobaven sense m\u00e0scares i estaven consumint beguda i menjar a l&#8217;interior de la propietat [\/vc_column_text][\/vc_column][\/vc_row][vc_row][vc_column][vc_column_text]La Policia Local va desallotjar, el dissabte 1 de maig, [&hellip;]<\/p>\n","protected":false},"author":15,"featured_media":113032,"comment_status":"closed","ping_status":"closed","sticky":false,"template":"","format":"standard","meta":{"footnotes":""},"categories":[391,1312,238],"tags":[],"class_list":["post-145328","post","type-post","status-publish","format-standard","has-post-thumbnail","hentry","category-home-va","category-noticias-va","category-policia-local-va"],"_links":{"self":[{"href":"https:\/\/www.elche.es\/va\/wp-json\/wp\/v2\/posts\/145328","targetHints":{"allow":["GET"]}}],"collection":[{"href":"https:\/\/www.elche.es\/va\/wp-json\/wp\/v2\/posts"}],"about":[{"href":"https:\/\/www.elche.es\/va\/wp-json\/wp\/v2\/types\/post"}],"author":[{"embeddable":true,"href":"https:\/\/www.elche.es\/va\/wp-json\/wp\/v2\/users\/15"}],"replies":[{"embeddable":true,"href":"https:\/\/www.elche.es\/va\/wp-json\/wp\/v2\/comments?post=145328"}],"version-history":[{"count":0,"href":"https:\/\/www.elche.es\/va\/wp-json\/wp\/v2\/posts\/145328\/revisions"}],"wp:featuredmedia":[{"embeddable":true,"href":"https:\/\/www.elche.es\/va\/wp-json\/wp\/v2\/media\/113032"}],"wp:attachment":[{"href":"https:\/\/www.elche.es\/va\/wp-json\/wp\/v2\/media?parent=145328"}],"wp:term":[{"taxonomy":"category","embeddable":true,"href":"https:\/\/www.elche.es\/va\/wp-json\/wp\/v2\/categories?post=145328"},{"taxonomy":"post_tag","embeddable":true,"href":"https:\/\/www.elche.es\/va\/wp-json\/wp\/v2\/tags?post=145328"}],"curies":[{"name":"wp","href":"https:\/\/api.w.org\/{rel}","templated":true}]}}