{"id":145398,"date":"2021-05-07T14:11:54","date_gmt":"2021-05-07T13:11:54","guid":{"rendered":"https:\/\/www.elche.es\/2021\/05\/tall-en-lavinguda-de-novelda-el-dilluns-10-de-maig\/"},"modified":"2021-05-07T14:38:49","modified_gmt":"2021-05-07T13:38:49","slug":"tall-en-lavinguda-de-novelda-el-dilluns-10-de-maig","status":"publish","type":"post","link":"https:\/\/www.elche.es\/va\/2021\/05\/tall-en-lavinguda-de-novelda-el-dilluns-10-de-maig\/","title":{"rendered":"Tall en l&#8217;avinguda de Novelda el dilluns 10 de maig"},"content":{"rendered":"<div class=\"wpb-content-wrapper\"><p>[vc_row el_id=&#8221;SUBTITULAR_NOTICIA&#8221;][vc_column][vc_column_text]<\/p>\n<hr \/>\n<h4>De 09.30 a 20.00 hores es tallar\u00e0 la circulaci\u00f3 al tr\u00e0nsit rodat de l&#8217;avinguda de Novelda des de l&#8217;avinguda de Corts Valencianes fins a l&#8217;entroncament de carrers Diagonal, Professor Francisco Tom\u00e1s y Valiente i Emilio Hern\u00e1ndez Selva<\/h4>\n<hr \/>\n<p>[\/vc_column_text][\/vc_column][\/vc_row][vc_row el_id=&#8221;TEXTO_NOTICIA&#8221;][vc_column][vc_column_text]<strong>El dilluns 10 de maig de 2021, de 09.30 a 20.00 hores, es tallar\u00e0 la circulaci\u00f3 al tr\u00e0nsit rodat de l&#8217;avinguda de Novelda des de l&#8217;avinguda de Corts Valencianes fins a l&#8217;entroncament de carrers Diagonal, Professor Francisco Tom\u00e1s y Valiente i Emilio Hern\u00e1ndez Selva<\/strong>, \u00fanicament en el sentit cap al centre de la ciutat, quedar\u00e0 lliure la circulaci\u00f3 en sentit cap al Pol\u00edgon Industrial de Carr\u00fas.<\/p>\n<p>Es recomana com a vies alternatives:<\/p>\n<ul>\n<li>Cap a l&#8217;est de la ciutat, l&#8217;avinguda del Mestre Melchor Botella, Vict\u00f2ria Kent i Clara Campoamor.<\/li>\n<\/ul>\n<p>&nbsp;<\/p>\n<ul>\n<li>Cap a l&#8217;oest de la ciutat, l&#8217;avinguda de les Corts Valencianes, Professor Enrique Tierno Galv\u00e1n, Callosa del Segura i carrer Bigastre.<\/li>\n<\/ul>\n<hr \/>\n<p>[\/vc_column_text][\/vc_column][\/vc_row]<\/p>\n<\/div>","protected":false},"excerpt":{"rendered":"<p>[vc_row el_id=&#8221;SUBTITULAR_NOTICIA&#8221;][vc_column][vc_column_text] De 09.30 a 20.00 hores es tallar\u00e0 la circulaci\u00f3 al tr\u00e0nsit rodat de l&#8217;avinguda de Novelda des de l&#8217;avinguda de Corts Valencianes fins a l&#8217;entroncament de carrers Diagonal, [&hellip;]<\/p>\n","protected":false},"author":15,"featured_media":145381,"comment_status":"closed","ping_status":"closed","sticky":false,"template":"","format":"standard","meta":{"footnotes":""},"categories":[391,1312,2027],"tags":[],"class_list":["post-145398","post","type-post","status-publish","format-standard","has-post-thumbnail","hentry","category-home-va","category-noticias-va","category-policia-local-avisos-va"],"_links":{"self":[{"href":"https:\/\/www.elche.es\/va\/wp-json\/wp\/v2\/posts\/145398","targetHints":{"allow":["GET"]}}],"collection":[{"href":"https:\/\/www.elche.es\/va\/wp-json\/wp\/v2\/posts"}],"about":[{"href":"https:\/\/www.elche.es\/va\/wp-json\/wp\/v2\/types\/post"}],"author":[{"embeddable":true,"href":"https:\/\/www.elche.es\/va\/wp-json\/wp\/v2\/users\/15"}],"replies":[{"embeddable":true,"href":"https:\/\/www.elche.es\/va\/wp-json\/wp\/v2\/comments?post=145398"}],"version-history":[{"count":0,"href":"https:\/\/www.elche.es\/va\/wp-json\/wp\/v2\/posts\/145398\/revisions"}],"wp:featuredmedia":[{"embeddable":true,"href":"https:\/\/www.elche.es\/va\/wp-json\/wp\/v2\/media\/145381"}],"wp:attachment":[{"href":"https:\/\/www.elche.es\/va\/wp-json\/wp\/v2\/media?parent=145398"}],"wp:term":[{"taxonomy":"category","embeddable":true,"href":"https:\/\/www.elche.es\/va\/wp-json\/wp\/v2\/categories?post=145398"},{"taxonomy":"post_tag","embeddable":true,"href":"https:\/\/www.elche.es\/va\/wp-json\/wp\/v2\/tags?post=145398"}],"curies":[{"name":"wp","href":"https:\/\/api.w.org\/{rel}","templated":true}]}}