{"id":145416,"date":"2021-05-07T15:03:10","date_gmt":"2021-05-07T14:03:10","guid":{"rendered":"https:\/\/www.elche.es\/2021\/05\/lassociacio-de-moros-i-cristians-i-la-regidoria-de-festes-presenten-lexposicio-fotografica-la-festa-des-del-teu-visor\/"},"modified":"2021-05-10T08:52:40","modified_gmt":"2021-05-10T07:52:40","slug":"lassociacio-de-moros-i-cristians-i-la-regidoria-de-festes-presenten-lexposicio-fotografica-la-festa-des-del-teu-visor","status":"publish","type":"post","link":"https:\/\/www.elche.es\/va\/2021\/05\/lassociacio-de-moros-i-cristians-i-la-regidoria-de-festes-presenten-lexposicio-fotografica-la-festa-des-del-teu-visor\/","title":{"rendered":"L&#8217;Associaci\u00f3 de Moros i Cristians i la Regidoria de Festes presenten l&#8217;exposici\u00f3 fotogr\u00e0fica \u2018La Festa des del teu visor\u2019"},"content":{"rendered":"<div class=\"wpb-content-wrapper\"><p>[vc_row][vc_column][vc_column_text]<\/p>\n<hr \/>\n<h4>Un total de tretze autors exposen la seua visi\u00f3 de la festa de Moros i Cristians a trav\u00e9s de quatre d\u00e8cades d&#8217;hist\u00f2ria de la festivitat des de la seua recuperaci\u00f3<\/h4>\n<hr \/>\n<h4><\/h4>\n<p>[\/vc_column_text][\/vc_column][\/vc_row][vc_row][vc_column][vc_column_text]La <strong>regidora de Festes, Mariola Galiana<\/strong>, ha assistit a la inauguraci\u00f3 de l&#8217;exposici\u00f3 fotogr\u00e0fica <strong>\u201cLa festa des del teu visor\u201d<\/strong>, organitzada per l&#8217;<strong>Associaci\u00f3 Festera de Moros i Cristians d&#8217;Elx<\/strong>, que es podr\u00e0 visitar a la <strong>Sala Ma\u00e7\u00f2nica de la Torre de la Calaforra des d&#8217;aquest divendres 7 fins al diumenge 23 de maig<\/strong>.<\/p>\n<p>La regidora ha estat acompanyada pel <strong>president de l&#8217;entitat festera, Juli\u00e1n Fern\u00e1ndez<\/strong>, que li ha mostrat les diferents instant\u00e0nies que recullen <strong>moments significatius de la festa de Moros i Cristians a Elx des de 1978<\/strong>.<\/p>\n<p>Mariola Galiana ha felicitat la gran fam\u00edlia dels Moros i Cristians d&#8217;Elx per \u201cla <strong>gran bellesa de les imatges exposades<\/strong> aix\u00ed com per aquesta excel\u00b7lent iniciativa que suposa un nou moment de retrobament amb les nostres benvolgudes festes a trav\u00e9s del record dels moments m\u00e9s especials que ja formen part de la hist\u00f2ria de la ciutat\u201d.<\/p>\n<p>Aquesta mostra presenta fotografies dels autors: <strong>Alejandro Bot\u00ed, Elvira Penalva, Fran Bordonado, J. Garc\u00eda Poveda, Gus Winterman, J. Garc\u00eda Blanes, Iv\u00e1n L\u00f3pez, Jaime Olcina, Jos\u00e9 Donoso, J. Garc\u00eda Domene, Miguel A. Rodr\u00edguez, Salva Gonz\u00e1lez i Vanesa Contell<\/strong>.<\/p>\n<p>L&#8217;<strong>horari de visites<\/strong> \u00e9s: de dimarts a dissabte de 10.00 a 14.00 i de 15.00 a 18.00 hores. Diumenges de 10.00 a 14.00 hores i tancar\u00e0 els dilluns.<\/p>\n<hr \/>\n<p>[\/vc_column_text][\/vc_column][\/vc_row]<\/p>\n<\/div>","protected":false},"excerpt":{"rendered":"<p>[vc_row][vc_column][vc_column_text] Un total de tretze autors exposen la seua visi\u00f3 de la festa de Moros i Cristians a trav\u00e9s de quatre d\u00e8cades d&#8217;hist\u00f2ria de la festivitat des de la seua [&hellip;]<\/p>\n","protected":false},"author":15,"featured_media":145390,"comment_status":"closed","ping_status":"closed","sticky":false,"template":"","format":"standard","meta":{"footnotes":""},"categories":[191,391,1312],"tags":[],"class_list":["post-145416","post","type-post","status-publish","format-standard","has-post-thumbnail","hentry","category-festes-va","category-home-va","category-noticias-va"],"_links":{"self":[{"href":"https:\/\/www.elche.es\/va\/wp-json\/wp\/v2\/posts\/145416","targetHints":{"allow":["GET"]}}],"collection":[{"href":"https:\/\/www.elche.es\/va\/wp-json\/wp\/v2\/posts"}],"about":[{"href":"https:\/\/www.elche.es\/va\/wp-json\/wp\/v2\/types\/post"}],"author":[{"embeddable":true,"href":"https:\/\/www.elche.es\/va\/wp-json\/wp\/v2\/users\/15"}],"replies":[{"embeddable":true,"href":"https:\/\/www.elche.es\/va\/wp-json\/wp\/v2\/comments?post=145416"}],"version-history":[{"count":0,"href":"https:\/\/www.elche.es\/va\/wp-json\/wp\/v2\/posts\/145416\/revisions"}],"wp:featuredmedia":[{"embeddable":true,"href":"https:\/\/www.elche.es\/va\/wp-json\/wp\/v2\/media\/145390"}],"wp:attachment":[{"href":"https:\/\/www.elche.es\/va\/wp-json\/wp\/v2\/media?parent=145416"}],"wp:term":[{"taxonomy":"category","embeddable":true,"href":"https:\/\/www.elche.es\/va\/wp-json\/wp\/v2\/categories?post=145416"},{"taxonomy":"post_tag","embeddable":true,"href":"https:\/\/www.elche.es\/va\/wp-json\/wp\/v2\/tags?post=145416"}],"curies":[{"name":"wp","href":"https:\/\/api.w.org\/{rel}","templated":true}]}}