{"id":145422,"date":"2021-05-07T15:29:35","date_gmt":"2021-05-07T14:29:35","guid":{"rendered":"https:\/\/www.elche.es\/2021\/05\/carlos-gonzalez-qualifica-de-pas-decisiu-i-de-justicia-la-iniciativa-de-psoe-compromis-i-podemos-en-les-corts-valencianes-per-a-garantir-el-financament-del-palmerar\/"},"modified":"2021-05-10T08:44:49","modified_gmt":"2021-05-10T07:44:49","slug":"carlos-gonzalez-qualifica-de-pas-decisiu-i-de-justicia-la-iniciativa-de-psoe-compromis-i-podemos-en-les-corts-valencianes-per-a-garantir-el-financament-del-palmerar","status":"publish","type":"post","link":"https:\/\/www.elche.es\/va\/2021\/05\/carlos-gonzalez-qualifica-de-pas-decisiu-i-de-justicia-la-iniciativa-de-psoe-compromis-i-podemos-en-les-corts-valencianes-per-a-garantir-el-financament-del-palmerar\/","title":{"rendered":"Carlos Gonz\u00e1lez qualifica de \u201cpas decisiu i de just\u00edcia\u201d la iniciativa de PSOE, Comprom\u00eds i Podem en les Corts Valencianes per a garantir el finan\u00e7ament del Palmerar"},"content":{"rendered":"<div class=\"wpb-content-wrapper\"><p>[vc_row][vc_column][vc_column_text]<\/p>\n<hr \/>\n<h4>L&#8217;alcalde assenyala que \u201cla gran clau per a conservar el Palmerar i perqu\u00e8 siga un actiu cultural i tur\u00edstic \u00e9s el seu adequat manteniment amb neteja, poda i reg\u201d<\/h4>\n<hr \/>\n<p>[\/vc_column_text][\/vc_column][\/vc_row][vc_row][vc_column][vc_column_text]<strong>L&#8217;alcalde d&#8217;Elx, Carlos Gonz\u00e1lez, ha qualificat de \u201cpas decisiu i de just\u00edcia per a la conservaci\u00f3 del Palmerar\u201d l&#8217;esmena plantejada a la Llei del Palmerar<\/strong> pels grups parlamentaris de PSOE, Comprom\u00eds i Podem en les Corts Valencianes sobre el seu finan\u00e7ament.<\/p>\n<p>Gonz\u00e1lez ha explicat que <strong>aquesta iniciativa \u201cfa just\u00edcia amb la import\u00e0ncia que el Palmerar d&#8217;Elx t\u00e9 per a la Comunitat Valenciana en la seua condici\u00f3 de Patrimoni de la Humanitat<\/strong>. Es tracta d&#8217;un pas decisiu perqu\u00e8, com he sostingut, la gran clau per a conservar el Palmerar i perqu\u00e8 siga un actiu cultural i tur\u00edstic \u00e9s el seu adequat manteniment amb neteja, poda i reg\u201d.<\/p>\n<p>\u201cCom a alcalde d&#8217;Elx valore molt positivament que la reivindicaci\u00f3 que he realitzat en nombroses ocasions, per\u00f2 que concretament vaig fer al Consell el passat 30 de novembre en el vint\u00e9 aniversari del Palmerar quan vaig demanar un comprom\u00eds decidit de la Generalitat i una alian\u00e7a per a conservar-lo, es veja contemplada en aquests termes en la llei. <strong>Ho considere un \u00e8xit i una mesura de futur<\/strong>\u201d, ha assenyalat Gonz\u00e1lez.[\/vc_column_text][\/vc_column][\/vc_row][vc_row][vc_column][vc_column_text el_class=&#8221;cuadronoticia&#8221;]<\/p>\n<h5>El responsable de l&#8217;Equip de Govern destaca la import\u00e0ncia que el finan\u00e7ament de la conservaci\u00f3 es reculla en la llei com una obligaci\u00f3 de la Generalitat<\/h5>\n<p>[\/vc_column_text][\/vc_column][\/vc_row][vc_row][vc_column][vc_column_text]\u201c<strong>Es tracta d&#8217;una de les nostres principals reivindicacions com a Govern en relaci\u00f3 amb el Palmerar<\/strong> i, afortunadament, amb la presentaci\u00f3 d&#8217;aquesta esmena veurem com es converteix en realitat. <strong>\u00c9s un \u00e8xit de tots, per\u00f2 que naix del treball, la determinaci\u00f3 i l&#8217;impuls de l&#8217;Equip de Govern<\/strong>, que primer va plantejar aquesta proposta de Llei, l&#8217;ess\u00e8ncia del que s&#8217;est\u00e0 discutint en les Corts Valencianes, i que ara veur\u00e0 recollits els principals aspectes\u201d, indica l&#8217;alcalde il\u00b7licit\u00e0.<\/p>\n<p>\u201cVull posar en relleu la <strong>import\u00e0ncia transcendental que t\u00e9 el fet que es reculla el finan\u00e7ament de la conservaci\u00f3 i el manteniment del Palmerar en la llei com una obligaci\u00f3 de la Generalitat<\/strong>, sense que aix\u00f2 siga obstacle perqu\u00e8 continuem treballant amb la finalitat d&#8217;implicar el Govern d&#8217;Espanya i la Diputaci\u00f3 Provincial d&#8217;Alacant\u201d.<\/p>\n<hr \/>\n<p>[\/vc_column_text][\/vc_column][\/vc_row]<\/p>\n<\/div>","protected":false},"excerpt":{"rendered":"<p>[vc_row][vc_column][vc_column_text] L&#8217;alcalde assenyala que \u201cla gran clau per a conservar el Palmerar i perqu\u00e8 siga un actiu cultural i tur\u00edstic \u00e9s el seu adequat manteniment amb neteja, poda i reg\u201d [&hellip;]<\/p>\n","protected":false},"author":15,"featured_media":145405,"comment_status":"closed","ping_status":"closed","sticky":false,"template":"","format":"standard","meta":{"footnotes":""},"categories":[391,1312],"tags":[],"class_list":["post-145422","post","type-post","status-publish","format-standard","has-post-thumbnail","hentry","category-home-va","category-noticias-va"],"_links":{"self":[{"href":"https:\/\/www.elche.es\/va\/wp-json\/wp\/v2\/posts\/145422","targetHints":{"allow":["GET"]}}],"collection":[{"href":"https:\/\/www.elche.es\/va\/wp-json\/wp\/v2\/posts"}],"about":[{"href":"https:\/\/www.elche.es\/va\/wp-json\/wp\/v2\/types\/post"}],"author":[{"embeddable":true,"href":"https:\/\/www.elche.es\/va\/wp-json\/wp\/v2\/users\/15"}],"replies":[{"embeddable":true,"href":"https:\/\/www.elche.es\/va\/wp-json\/wp\/v2\/comments?post=145422"}],"version-history":[{"count":0,"href":"https:\/\/www.elche.es\/va\/wp-json\/wp\/v2\/posts\/145422\/revisions"}],"wp:featuredmedia":[{"embeddable":true,"href":"https:\/\/www.elche.es\/va\/wp-json\/wp\/v2\/media\/145405"}],"wp:attachment":[{"href":"https:\/\/www.elche.es\/va\/wp-json\/wp\/v2\/media?parent=145422"}],"wp:term":[{"taxonomy":"category","embeddable":true,"href":"https:\/\/www.elche.es\/va\/wp-json\/wp\/v2\/categories?post=145422"},{"taxonomy":"post_tag","embeddable":true,"href":"https:\/\/www.elche.es\/va\/wp-json\/wp\/v2\/tags?post=145422"}],"curies":[{"name":"wp","href":"https:\/\/api.w.org\/{rel}","templated":true}]}}