{"id":145647,"date":"2021-05-10T16:20:25","date_gmt":"2021-05-10T15:20:25","guid":{"rendered":"https:\/\/www.elche.es\/2021\/05\/gran-exit-dacolliment-de-lespectacle-el-rock-and-roll-tambe-es-cosa-de-xiquets-i-de-pares-celebrat-en-la-rotonda-del-parc-municipal-delx\/"},"modified":"2021-05-11T11:24:20","modified_gmt":"2021-05-11T10:24:20","slug":"gran-exit-dacolliment-de-lespectacle-el-rock-and-roll-tambe-es-cosa-de-xiquets-i-de-pares-celebrat-en-la-rotonda-del-parc-municipal-delx","status":"publish","type":"post","link":"https:\/\/www.elche.es\/va\/2021\/05\/gran-exit-dacolliment-de-lespectacle-el-rock-and-roll-tambe-es-cosa-de-xiquets-i-de-pares-celebrat-en-la-rotonda-del-parc-municipal-delx\/","title":{"rendered":"Gran \u00e8xit d&#8217;acolliment de l&#8217;espectacle \u2018El Rock and Roll tamb\u00e9 \u00e9s cosa de xiquets i de pares!\u2019 celebrat en la rotonda del Parc Municipal d&#8217;Elx"},"content":{"rendered":"<div class=\"wpb-content-wrapper\"><p>[vc_row][vc_column][vc_column_text]<\/p>\n<hr \/>\n<h4>El concert, celebrat el diumenge, va ser un xou musical en valenci\u00e0, am\u00e9 i entretingut en el qual van interactuar pares i xiquets<\/h4>\n<hr \/>\n<p>[\/vc_column_text][\/vc_column][\/vc_row][vc_row][vc_column][vc_column_text]Gran \u00e8xit d&#8217;acolliment de l&#8217;espectacle \u2018<strong>El Rock and Roll tamb\u00e9 \u00e9s cosa de xiquets i de pares!\u2019<\/strong> celebrat en la <strong>rotonda del Parc Municipal d&#8217;Elx<\/strong>. El concert, que va tindre lloc el diumenge, va ser un <strong>xou musical en valenci\u00e0<\/strong>, am\u00e9 i entretingut en el qual tant els xiquets com els adults van interactuar.<\/p>\n<p><strong>Marga Ant\u00f3n, regidora de Cultura<\/strong>, ressalta que \u201cles 400 cadires de la rotonda estaven ocupades per <strong>fam\u00edlies que setmana a setmana ja s\u00f3n un p\u00fablic fidel a aquesta iniciativa<\/strong>\u2019. Les mesures higienicosanit\u00e0ries van estar garantides en tot moment.<\/p>\n<p>Es tracta d&#8217;un <strong>espectacle did\u00e0ctic en el qual s&#8217;explica als xiquets i als pares el naixement, l&#8217;origen, i posterior evoluci\u00f3 i expansi\u00f3 del Rock and Roll<\/strong>. Les entrades a aquests esdeveniments en la rotonda s\u00f3n gratu\u00eftes per\u00f2 cal recollir les invitacions en les taquilles del Gran Teatre.[\/vc_column_text][\/vc_column][\/vc_row][vc_row][vc_column][vc_column_text el_class=&#8221;cuadronoticia&#8221;]<\/p>\n<h5>Marga Ant\u00f3n, regidora de Cultura, ressalta que \u201cles 400 cadires de la rotonda estaven ocupades per fam\u00edlies que setmana a setmana ja es van fidelitzant a aquesta iniciativa\u201d<\/h5>\n<p>[\/vc_column_text][\/vc_column][\/vc_row][vc_row][vc_column][vc_column_text]<strong>El grup valenci\u00e0 \u2018Big 54\u2019 va presentar l&#8217;espectacle en un format semiac\u00fastic<\/strong>, format per un contrabaix, un guitarra, un semibateria i un pianista. \u00c9s la banda que acompanya habitualment al rocker Carlos Segarra.<\/p>\n<p>El xou va comen\u00e7ar amb una xicoteta <strong>introducci\u00f3 al Blues i al Folk Irland\u00e9s per a donar pas al Country i al Rock and Roll<\/strong>. Es va posar el focus d&#8217;atenci\u00f3 en els pioners dels anys 50 i primers dels 60 amb temes d&#8217;Elvis Presley, d&#8217;Eddie Cochran, de Chuck Berry, de Gene Vincent, de Jerry Lee Lewis, de Carl Perkins i de Bill Halley, entre altres. A m\u00e9s,<strong> es va explicar la magnitud que va tindre el moviment a nivell mundial<\/strong>.<\/p>\n<hr \/>\n<p>[\/vc_column_text][\/vc_column][\/vc_row]<\/p>\n<\/div>","protected":false},"excerpt":{"rendered":"<p>[vc_row][vc_column][vc_column_text] El concert, celebrat el diumenge, va ser un xou musical en valenci\u00e0, am\u00e9 i entretingut en el qual van interactuar pares i xiquets [\/vc_column_text][\/vc_column][\/vc_row][vc_row][vc_column][vc_column_text]Gran \u00e8xit d&#8217;acolliment de l&#8217;espectacle \u2018El [&hellip;]<\/p>\n","protected":false},"author":15,"featured_media":145591,"comment_status":"closed","ping_status":"closed","sticky":false,"template":"","format":"standard","meta":{"footnotes":""},"categories":[193,391,1312],"tags":[],"class_list":["post-145647","post","type-post","status-publish","format-standard","has-post-thumbnail","hentry","category-cultura-va","category-home-va","category-noticias-va"],"_links":{"self":[{"href":"https:\/\/www.elche.es\/va\/wp-json\/wp\/v2\/posts\/145647","targetHints":{"allow":["GET"]}}],"collection":[{"href":"https:\/\/www.elche.es\/va\/wp-json\/wp\/v2\/posts"}],"about":[{"href":"https:\/\/www.elche.es\/va\/wp-json\/wp\/v2\/types\/post"}],"author":[{"embeddable":true,"href":"https:\/\/www.elche.es\/va\/wp-json\/wp\/v2\/users\/15"}],"replies":[{"embeddable":true,"href":"https:\/\/www.elche.es\/va\/wp-json\/wp\/v2\/comments?post=145647"}],"version-history":[{"count":0,"href":"https:\/\/www.elche.es\/va\/wp-json\/wp\/v2\/posts\/145647\/revisions"}],"wp:featuredmedia":[{"embeddable":true,"href":"https:\/\/www.elche.es\/va\/wp-json\/wp\/v2\/media\/145591"}],"wp:attachment":[{"href":"https:\/\/www.elche.es\/va\/wp-json\/wp\/v2\/media?parent=145647"}],"wp:term":[{"taxonomy":"category","embeddable":true,"href":"https:\/\/www.elche.es\/va\/wp-json\/wp\/v2\/categories?post=145647"},{"taxonomy":"post_tag","embeddable":true,"href":"https:\/\/www.elche.es\/va\/wp-json\/wp\/v2\/tags?post=145647"}],"curies":[{"name":"wp","href":"https:\/\/api.w.org\/{rel}","templated":true}]}}