{"id":145650,"date":"2021-05-10T16:31:47","date_gmt":"2021-05-10T15:31:47","guid":{"rendered":"https:\/\/www.elche.es\/2021\/05\/lajuntament-celebra-del-24-al-30-de-maig-la-setmana-europea-de-la-joventut-el-nostre-futur-a-les-nostres-mans-amb-ponencies-taules-redones-i-concursos\/"},"modified":"2021-05-10T16:35:57","modified_gmt":"2021-05-10T15:35:57","slug":"lajuntament-celebra-del-24-al-30-de-maig-la-setmana-europea-de-la-joventut-el-nostre-futur-a-les-nostres-mans-amb-ponencies-taules-redones-i-concursos","status":"publish","type":"post","link":"https:\/\/www.elche.es\/va\/2021\/05\/lajuntament-celebra-del-24-al-30-de-maig-la-setmana-europea-de-la-joventut-el-nostre-futur-a-les-nostres-mans-amb-ponencies-taules-redones-i-concursos\/","title":{"rendered":"L&#8217;Ajuntament celebra del 24 al 30 de maig la Setmana Europea de la Joventut \u2018El nostre futur a les nostres mans\u2019 amb pon\u00e8ncies, taules redones i concursos"},"content":{"rendered":"<div class=\"wpb-content-wrapper\"><p>[vc_row][vc_column][vc_column_text]<\/p>\n<hr \/>\n<h4>La regidora de Joventut, Marga Ant\u00f3n, explica que l&#8217;objectiu d&#8217;aquesta setmana \u00e9s \u201cdonar visibilitat als programes juvenils de mobilitat que la Comissi\u00f3 Europea ofereix: l&#8217;Erasmus + i el Cos Europeu de Solidaritat\u201d<\/h4>\n<hr \/>\n<h4><\/h4>\n<p>[\/vc_column_text][\/vc_column][\/vc_row][vc_row][vc_column][vc_column_text]L&#8217;Ajuntament celebra la <strong>Setmana Europea de la Joventut \u2018El nostre futur a les nostres mans\u2019<\/strong> amb pon\u00e8ncies, taules redones i concursos del 24 al 30 de maig. La <strong>regidora de Joventut, Marga Ant\u00f3n<\/strong>, ha presentat el programa i ha explicat que l&#8217;objectiu \u00e9s <strong>\u201cdonar visibilitat als programes juvenils de mobilitat que la Comissi\u00f3 Europea ofereix: l&#8217;Erasmus + i el Cos Europeu de Solidaritat\u201d<\/strong>.<\/p>\n<p>Aquesta Setmana Europea comen\u00e7ar\u00e0 el 24 de maig a les 10.20 hores amb la iniciativa <strong>\u2018Un arbre per Europa\u2019. Es plantar\u00e0 un arbre a L&#8217;Escorxador<\/strong> amb l&#8217;objectiu de millorar la situaci\u00f3 clim\u00e0tica actual.<\/p>\n<p>El dimarts 25 de maig a les 19 hores tindr\u00e0 lloc una pon\u00e8ncia a c\u00e0rrec de <strong>Jos\u00e9 Mar\u00eda Sola en l&#8217;\u2018Espai Labora Elx\u2019<\/strong>. El tema a tractar ser\u00e0 l&#8217;ocupabilitat, les noves tecnologies, i el cos europeu de solidaritat.[\/vc_column_text][\/vc_column][\/vc_row][vc_row][vc_column][vc_column_text el_class=&#8221;cuadronoticia&#8221;]<\/p>\n<h5>Els interessats es poden inscriure a trav\u00e9s de la p\u00e0gina web de l&#8217;Ajuntament, en l&#8217;\u00e0rea de Joventut, dins de l&#8217;apartat \u2018Cursos i Tallers\u2019, en la plataforma per a inscripcions de Joventut<\/h5>\n<p>[\/vc_column_text][vc_single_image image=&#8221;145608&#8243; img_size=&#8221;full&#8221; onclick=&#8221;link_image&#8221; css=&#8221;.vc_custom_1620655071721{margin-bottom: 20px !important;}&#8221;][\/vc_column][\/vc_row][vc_row][vc_column][vc_column_text]El dimecres 26 de maig a les 17 hores hi haur\u00e0 una taula redona en la qual diferents <strong>persones que han participat en programes europeus comptaran les seues experi\u00e8ncies<\/strong>. Servir\u00e0 per a incentivar altres joves que no coneixen aquests projectes.<\/p>\n<p>El mateix dimecres 26 a les 18 hores tamb\u00e9 se celebrar\u00e0 un <strong>concurs sobre els programes europeus on els participants optaran a diferents premis<\/strong>, 50 euros el primer premi i 20 euros el segon. A m\u00e9s, a trav\u00e9s d&#8217;Instagram hi ha un concurs valorat en 200 euros per a potenciar el coneixement que tenen els joves sobre la Regidoria de Joventut.<\/p>\n<p><strong>Els interessats es poden inscriure a trav\u00e9s de la p\u00e0gina web de l&#8217;Ajuntament<\/strong>, en l&#8217;\u00e0rea de Joventut, dins de l&#8217;apartat \u2018Cursos i Tallers\u2019, en la plataforma per a inscripcions de Joventut.<\/p>\n<hr \/>\n<p>[\/vc_column_text][\/vc_column][\/vc_row]<\/p>\n<\/div>","protected":false},"excerpt":{"rendered":"<p>[vc_row][vc_column][vc_column_text] La regidora de Joventut, Marga Ant\u00f3n, explica que l&#8217;objectiu d&#8217;aquesta setmana \u00e9s \u201cdonar visibilitat als programes juvenils de mobilitat que la Comissi\u00f3 Europea ofereix: l&#8217;Erasmus + i el Cos [&hellip;]<\/p>\n","protected":false},"author":15,"featured_media":145631,"comment_status":"closed","ping_status":"closed","sticky":false,"template":"","format":"standard","meta":{"footnotes":""},"categories":[391,1312],"tags":[],"class_list":["post-145650","post","type-post","status-publish","format-standard","has-post-thumbnail","hentry","category-home-va","category-noticias-va"],"_links":{"self":[{"href":"https:\/\/www.elche.es\/va\/wp-json\/wp\/v2\/posts\/145650","targetHints":{"allow":["GET"]}}],"collection":[{"href":"https:\/\/www.elche.es\/va\/wp-json\/wp\/v2\/posts"}],"about":[{"href":"https:\/\/www.elche.es\/va\/wp-json\/wp\/v2\/types\/post"}],"author":[{"embeddable":true,"href":"https:\/\/www.elche.es\/va\/wp-json\/wp\/v2\/users\/15"}],"replies":[{"embeddable":true,"href":"https:\/\/www.elche.es\/va\/wp-json\/wp\/v2\/comments?post=145650"}],"version-history":[{"count":0,"href":"https:\/\/www.elche.es\/va\/wp-json\/wp\/v2\/posts\/145650\/revisions"}],"wp:featuredmedia":[{"embeddable":true,"href":"https:\/\/www.elche.es\/va\/wp-json\/wp\/v2\/media\/145631"}],"wp:attachment":[{"href":"https:\/\/www.elche.es\/va\/wp-json\/wp\/v2\/media?parent=145650"}],"wp:term":[{"taxonomy":"category","embeddable":true,"href":"https:\/\/www.elche.es\/va\/wp-json\/wp\/v2\/categories?post=145650"},{"taxonomy":"post_tag","embeddable":true,"href":"https:\/\/www.elche.es\/va\/wp-json\/wp\/v2\/tags?post=145650"}],"curies":[{"name":"wp","href":"https:\/\/api.w.org\/{rel}","templated":true}]}}