{"id":145919,"date":"2021-05-11T17:52:29","date_gmt":"2021-05-11T16:52:29","guid":{"rendered":"https:\/\/www.elche.es\/2021\/05\/lajuntament-i-la-junta-major-de-confraries-destinen-5-000-euros-de-la-subhasta-benefica-ars-et-caritas-a-les-associacions-conscienciat-i-aspanias\/"},"modified":"2021-05-12T10:00:55","modified_gmt":"2021-05-12T09:00:55","slug":"lajuntament-i-la-junta-major-de-confraries-destinen-5-000-euros-de-la-subhasta-benefica-ars-et-caritas-a-les-associacions-conscienciat-i-aspanias","status":"publish","type":"post","link":"https:\/\/www.elche.es\/va\/2021\/05\/lajuntament-i-la-junta-major-de-confraries-destinen-5-000-euros-de-la-subhasta-benefica-ars-et-caritas-a-les-associacions-conscienciat-i-aspanias\/","title":{"rendered":"L&#8217;Ajuntament i la Junta Major de Confraries destinen 5.000 euros de la subhasta ben\u00e8fica \u2018Ars et Caritas\u2019 a les associacions Consciencia&#8217;t i Aspanias"},"content":{"rendered":"<div class=\"wpb-content-wrapper\"><p>[vc_row el_id=&#8221;SUBTITULAR_NOTICIA&#8221;][vc_column][vc_column_text]<\/p>\n<hr \/>\n<h4>La regidora de Festes, Mariola Galiana, acompanyada del president de la Junta Major de Confraries, Joaqu\u00edn Mart\u00ednez, ha fet lliurament dels dos xecs solidaris valorats en 2.500 euros cadascun<\/h4>\n<hr \/>\n<p>[\/vc_column_text][\/vc_column][\/vc_row][vc_row el_id=&#8221;TEXTO_NOTICIA&#8221;][vc_column][vc_column_text]<strong>La Junta Major de Confraries en col\u00b7laboraci\u00f3 amb la Regidoria de Festes de l&#8217;Ajuntament d&#8217;Elx ha destinat 5.000 euros a les associacions Consciencia&#8217;t i Aspanias.<\/strong> Un import que \u00e9s fruit de la recaptaci\u00f3 que s&#8217;ha dut a terme amb l&#8217;<strong>exposici\u00f3 ben\u00e8fica \u2018Ars et Caritas\u2019, que es va realitzar el mes d&#8217;abril passat a Les Clarisses, en la qual es van subhastar 45 quadres amb les imatges titulars de les confraries i germandats<\/strong> que componen la Setmana Santa il\u00b7licitana. La regidora de l&#8217;\u00e0rea, Mariola Galiana, acompanyada del president de la Junta Major, Joaqu\u00edn Mart\u00ednez, ha fet lliurament dels dos xecs solidaris valorats en 2.500 euros cadascun.<\/p>\n<p>La regidora ha agra\u00eft a la fam\u00edlia confrare il\u00b7licitana per haver impulsat aquesta iniciativa i ha posat en valor el treball de totes dues entitats en benefici de la ciutat i de les persones que m\u00e9s suport necessiten.<\/p>\n<p><strong>Galiana ha felicitat Consciencia&#8217;t i ha destacat que \u201cen poc m\u00e9s de 3 anys d&#8217;hist\u00f2ria heu sigut capa\u00e7os d&#8217;il\u00b7lusionar moltes persones de la nostra ciutat perqu\u00e8 s&#8217;impliquen en l&#8217;apassionant tasca de treballar pels altres<\/strong>, especialment per les persones i els col\u00b7lectius m\u00e9s vulnerables\u201d[\/vc_column_text][\/vc_column][\/vc_row][vc_row el_id=&#8221;DESTACADO_NOTICIA&#8221;][vc_column][vc_column_text el_class=&#8221;cuadronoticia&#8221;]<\/p>\n<h5>La regidora agraeix a la fam\u00edlia confrare il\u00b7licitana el fet d&#8217;haver impulsat aquesta iniciativa i posa en valor el treball de totes dues entitats en benefici de la ciutat i de les persones en situaci\u00f3 de vulnerabilitat<\/h5>\n<p>[\/vc_column_text][\/vc_column][\/vc_row][vc_row el_id=&#8221;TEXTO_FIN_NOTICIA&#8221;][vc_column][vc_column_text]<strong>Una associaci\u00f3 que, entre altres accions, s&#8217;encarrega, amb la col\u00b7laboraci\u00f3 de DYA i de l&#8217;Ajuntament d&#8217;Elx, de la coordinaci\u00f3 i de la gesti\u00f3 del Banc Municipal d&#8217;Aliments.<\/strong> \u201cUn recurs que s&#8217;ha convertit en una aut\u00e8ntica taula de salvaci\u00f3 per a moltes persones i fam\u00edlies que s&#8217;han vist afectades no sols a nivell sanitari sin\u00f3 econ\u00f2mic\u201d, ha assenyalat la regidora, que de la mateixa manera<strong> ha reconegut la lloable labor que ha exercit Aspanias a la ciutat durant aquests \u00faltims 42 anys en favor de les persones amb discapacitat intel\u00b7lectual d&#8217;Elx<\/strong>.<\/p>\n<p>En aquest sentit,<strong> Galiana ha recordat que aquesta associaci\u00f3 es troba immersa en la construcci\u00f3 del nou centre d&#8217;atenci\u00f3 preco\u00e7 i de la resid\u00e8ncia<\/strong>. Unes obres que han sigut possibles gr\u00e0cies al suport del consistori i de la Generalitat. La regidora ha indicat que <strong>l&#8217;Ajuntament ha cedit dos locals de m\u00e9s de 350 metres quadrats, valorats en 200.000 euros i assumir\u00e0 els costos de la redacci\u00f3 del projecte per un import de 110.000 euros. Aix\u00ed mateix, la Generalitat aportar\u00e0 al voltant d&#8217;un mili\u00f3 d&#8217;euros<\/strong>.<\/p>\n<p>Per la seua part, Mart\u00ednez ha agra\u00eft la implicaci\u00f3 de l&#8217;Ajuntament en aquesta iniciativa i a cadascuna de les confraries que amb les seues accions solid\u00e0ries han contribu\u00eft a millorar la qualitat de vida de les persones en situacions de risc.<\/p>\n<p>A la trobada ha assistit el president de l&#8217;Associaci\u00f3 Consciencia&#8217;t, Gorka Chazarra; el president de ASPANIAS, Miguel Botella; el consiliari de la Junta Major, Vicente S\u00e1ez; el president d&#8217;honor, Gaspar Agull\u00f3; aix\u00ed com membres de la Junta Major de Confraries.<\/p>\n<hr \/>\n<p>[\/vc_column_text][\/vc_column][\/vc_row]<\/p>\n<\/div>","protected":false},"excerpt":{"rendered":"<p>[vc_row el_id=&#8221;SUBTITULAR_NOTICIA&#8221;][vc_column][vc_column_text] La regidora de Festes, Mariola Galiana, acompanyada del president de la Junta Major de Confraries, Joaqu\u00edn Mart\u00ednez, ha fet lliurament dels dos xecs solidaris valorats en 2.500 euros [&hellip;]<\/p>\n","protected":false},"author":15,"featured_media":145862,"comment_status":"closed","ping_status":"closed","sticky":false,"template":"","format":"standard","meta":{"footnotes":""},"categories":[191,391,1312],"tags":[],"class_list":["post-145919","post","type-post","status-publish","format-standard","has-post-thumbnail","hentry","category-festes-va","category-home-va","category-noticias-va"],"_links":{"self":[{"href":"https:\/\/www.elche.es\/va\/wp-json\/wp\/v2\/posts\/145919","targetHints":{"allow":["GET"]}}],"collection":[{"href":"https:\/\/www.elche.es\/va\/wp-json\/wp\/v2\/posts"}],"about":[{"href":"https:\/\/www.elche.es\/va\/wp-json\/wp\/v2\/types\/post"}],"author":[{"embeddable":true,"href":"https:\/\/www.elche.es\/va\/wp-json\/wp\/v2\/users\/15"}],"replies":[{"embeddable":true,"href":"https:\/\/www.elche.es\/va\/wp-json\/wp\/v2\/comments?post=145919"}],"version-history":[{"count":0,"href":"https:\/\/www.elche.es\/va\/wp-json\/wp\/v2\/posts\/145919\/revisions"}],"wp:featuredmedia":[{"embeddable":true,"href":"https:\/\/www.elche.es\/va\/wp-json\/wp\/v2\/media\/145862"}],"wp:attachment":[{"href":"https:\/\/www.elche.es\/va\/wp-json\/wp\/v2\/media?parent=145919"}],"wp:term":[{"taxonomy":"category","embeddable":true,"href":"https:\/\/www.elche.es\/va\/wp-json\/wp\/v2\/categories?post=145919"},{"taxonomy":"post_tag","embeddable":true,"href":"https:\/\/www.elche.es\/va\/wp-json\/wp\/v2\/tags?post=145919"}],"curies":[{"name":"wp","href":"https:\/\/api.w.org\/{rel}","templated":true}]}}