{"id":145925,"date":"2021-05-11T18:22:04","date_gmt":"2021-05-11T17:22:04","guid":{"rendered":"https:\/\/www.elche.es\/2021\/05\/lajuntament-delx-mostra-el-seu-suport-al-sector-del-taxi-en-lassemblea-de-la-confederacio-de-taxistes-autonoms-de-la-comunitat-valenciana\/"},"modified":"2021-05-11T18:28:04","modified_gmt":"2021-05-11T17:28:04","slug":"lajuntament-delx-mostra-el-seu-suport-al-sector-del-taxi-en-lassemblea-de-la-confederacio-de-taxistes-autonoms-de-la-comunitat-valenciana","status":"publish","type":"post","link":"https:\/\/www.elche.es\/va\/2021\/05\/lajuntament-delx-mostra-el-seu-suport-al-sector-del-taxi-en-lassemblea-de-la-confederacio-de-taxistes-autonoms-de-la-comunitat-valenciana\/","title":{"rendered":"L&#8217;Ajuntament d&#8217;Elx mostra el seu suport al sector del taxi en l&#8217;assemblea de la Confederaci\u00f3 de Taxistes Aut\u00f2noms de la Comunitat Valenciana"},"content":{"rendered":"<div class=\"wpb-content-wrapper\"><p>[vc_row el_id=&#8221;SUBTITULAR_NOTICIA&#8221;][vc_column][vc_column_text]<\/p>\n<hr \/>\n<h4>La regidora de Mobilitat Sostenible, Esther D\u00edez, assisteix a aquesta reuni\u00f3 celebrada aquest mat\u00ed a IFA i destaca \u201cel treball que s&#8217;est\u00e0 duent a terme conjuntament amb el sector per al desenvolupament de normatives com la nostra ordenan\u00e7a municipal\u201d<\/h4>\n<hr \/>\n<p>[\/vc_column_text][\/vc_column][\/vc_row][vc_row el_id=&#8221;TEXTO_NOTICIA&#8221;][vc_column][vc_column_text]<strong>La regidora de Mobilitat Sostenible, Esther D\u00edez, en nom de l&#8217;Ajuntament d&#8217;Elx ha mostrat el seu suport al sector de taxi en l&#8217;assemblea de la Confederaci\u00f3 de Taxistes Aut\u00f2noms de la Comunitat Valenciana<\/strong> que ha tingut lloc aquest mat\u00ed en la Instituci\u00f3 Firal Alacantina (IFA).<\/p>\n<p><strong>\u201cUn suport reflectit en les ajudes de 1.000 euros que es concediran aquest mes a cadascun dels 203 professionals del taxi que operen en el terme municipal il\u00b7licit\u00e0\u201d, ha destacat la regidora<\/strong>, que ha recalcat \u201cel treball que s&#8217;est\u00e0 desenvolupant conjuntament amb el sector per al <strong>foment de la mobilitat sostenible i el desenvolupament de normatives com l&#8217;ordenan\u00e7a municipal<\/strong> que s&#8217;ha convertit en un referent a Espanya per introduir la regulaci\u00f3 en el servei de transport de persones en vehicles de lloguer amb conductor\u201d.<\/p>\n<p>Aix\u00ed mateix, <strong>D\u00edez ha assegurat que des de l&#8217;Ajuntament es continuar\u00e0 actuant en aquesta direcci\u00f3 per a donar suport al sector del taxi i ha agra\u00eft la labor dels professionals en els mesos de pand\u00e8mia<\/strong> que ha perm\u00e9s atendre els ciutadans que han necessitat aquest servei.<\/p>\n<h5><strong>El Suprem mant\u00e9 l&#8217;hora de precontractaci\u00f3 de les VTC<\/strong><\/h5>\n<p><strong>El Tribunal Suprem ha denegat les mesures cautelars sol\u00b7licitades per Unauto VTC despr\u00e9s del recurs de cassaci\u00f3 interposat per aquesta entitat contra l&#8217;ordenan\u00e7a municipal d&#8217;Elx<\/strong> per la introducci\u00f3 de la precontractaci\u00f3 de 60 minuts m\u00ednima per als serveis de transport p\u00fablic discrecional de persones viatgeres en vehicles d&#8217;arrendament amb conductor. L&#8217;Associaci\u00f3 Nacional del Taxi, Antaxi, est\u00e0 personada en aquest proc\u00e9s per a defensar l&#8217;ordenan\u00e7a municipal. La decisi\u00f3 del Tribunal Suprem va ser coneguda ahir.<\/p>\n<hr \/>\n<p>[\/vc_column_text][\/vc_column][\/vc_row][vc_row][vc_column width=&#8221;1\/6&#8243;][\/vc_column][vc_column width=&#8221;2\/3&#8243;]<audio class=\"sc_audio\" src=\"https:\/\/soundcloud.com\/ayuntamiento-de-elche\/esther-diez-concejala-de-8\" width=\"\" height=\"\"><\/audio>[\/vc_column][vc_column width=&#8221;1\/6&#8243;][\/vc_column][\/vc_row]<\/p>\n<\/div>","protected":false},"excerpt":{"rendered":"<p>[vc_row el_id=&#8221;SUBTITULAR_NOTICIA&#8221;][vc_column][vc_column_text] La regidora de Mobilitat Sostenible, Esther D\u00edez, assisteix a aquesta reuni\u00f3 celebrada aquest mat\u00ed a IFA i destaca \u201cel treball que s&#8217;est\u00e0 duent a terme conjuntament amb el [&hellip;]<\/p>\n","protected":false},"author":15,"featured_media":145887,"comment_status":"closed","ping_status":"closed","sticky":false,"template":"","format":"standard","meta":{"footnotes":""},"categories":[391,217,1312],"tags":[],"class_list":["post-145925","post","type-post","status-publish","format-standard","has-post-thumbnail","hentry","category-home-va","category-mobilitat","category-noticias-va"],"_links":{"self":[{"href":"https:\/\/www.elche.es\/va\/wp-json\/wp\/v2\/posts\/145925","targetHints":{"allow":["GET"]}}],"collection":[{"href":"https:\/\/www.elche.es\/va\/wp-json\/wp\/v2\/posts"}],"about":[{"href":"https:\/\/www.elche.es\/va\/wp-json\/wp\/v2\/types\/post"}],"author":[{"embeddable":true,"href":"https:\/\/www.elche.es\/va\/wp-json\/wp\/v2\/users\/15"}],"replies":[{"embeddable":true,"href":"https:\/\/www.elche.es\/va\/wp-json\/wp\/v2\/comments?post=145925"}],"version-history":[{"count":0,"href":"https:\/\/www.elche.es\/va\/wp-json\/wp\/v2\/posts\/145925\/revisions"}],"wp:featuredmedia":[{"embeddable":true,"href":"https:\/\/www.elche.es\/va\/wp-json\/wp\/v2\/media\/145887"}],"wp:attachment":[{"href":"https:\/\/www.elche.es\/va\/wp-json\/wp\/v2\/media?parent=145925"}],"wp:term":[{"taxonomy":"category","embeddable":true,"href":"https:\/\/www.elche.es\/va\/wp-json\/wp\/v2\/categories?post=145925"},{"taxonomy":"post_tag","embeddable":true,"href":"https:\/\/www.elche.es\/va\/wp-json\/wp\/v2\/tags?post=145925"}],"curies":[{"name":"wp","href":"https:\/\/api.w.org\/{rel}","templated":true}]}}