{"id":146135,"date":"2021-05-12T13:48:01","date_gmt":"2021-05-12T12:48:01","guid":{"rendered":"https:\/\/www.elche.es\/2021\/05\/la-remodelacio-de-la-placa-pilar-miro-deixa-al-descobert-el-cendrer-de-la-ximenera-de-lantiga-teuleria\/"},"modified":"2021-05-13T07:52:44","modified_gmt":"2021-05-13T06:52:44","slug":"la-remodelacio-de-la-placa-pilar-miro-deixa-al-descobert-el-cendrer-de-la-ximenera-de-lantiga-teuleria","status":"publish","type":"post","link":"https:\/\/www.elche.es\/va\/2021\/05\/la-remodelacio-de-la-placa-pilar-miro-deixa-al-descobert-el-cendrer-de-la-ximenera-de-lantiga-teuleria\/","title":{"rendered":"La remodelaci\u00f3 de la pla\u00e7a Pilar Mir\u00f3 deixa al descobert el cendrer de la ximenera de l&#8217;antiga teuleria"},"content":{"rendered":"<div class=\"wpb-content-wrapper\"><p>[vc_row el_id=&#8221;SUBTITULAR_NOTICIA&#8221;][vc_column][vc_column_text]<\/p>\n<hr \/>\n<h4>L&#8217;alcalde, Carlos Gonz\u00e1lez, i el regidor H\u00e9ctor D\u00edez, visiten l&#8217;espai p\u00fablic, la modernitzaci\u00f3 integral del qual ha suposat la inversi\u00f3 de prop de 150.000 euros<\/h4>\n<hr \/>\n<p>[\/vc_column_text][\/vc_column][\/vc_row][vc_row el_id=&#8221;TEXTO_NOTICIA&#8221;][vc_column][vc_column_text]<strong>La pla\u00e7a Pilar Mir\u00f3, a Carr\u00fas est, ja gaudeix un aspecte rejovenit<\/strong> despr\u00e9s dels treballs de remodelaci\u00f3 integral. L&#8217;alcalde d&#8217;Elx, Carlos Gonz\u00e1lez, i el regidor de Modernitzaci\u00f3 de l&#8217;Espai P\u00fablic, H\u00e9ctor D\u00edez, han visitat aquest mat\u00ed una zona verda que <strong>va ser inaugurada aproximadament fa 25 anys, per la qual cosa \u201cexigia una rehabilitaci\u00f3 per a oferir una adequada imatge i servei als ve\u00efns i a les ve\u00efnes, perqu\u00e8 a conseq\u00fc\u00e8ncia del transcurs del temps, presentava una deterioraci\u00f3 considerable\u201d<\/strong>, ha explicat l&#8217;lcalde il\u00b7licit\u00e0.<\/p>\n<p><strong>La regeneraci\u00f3 de la pla\u00e7a Pilar Mir\u00f3<\/strong>, que <strong>ha suposat una inversi\u00f3 pr\u00f2xima als 150.000 euros<\/strong>, ha perm\u00e9s la construcci\u00f3 d&#8217;accessos amb rampes i el tancament dels desnivells, la instal\u00b7laci\u00f3 del reg per degoteig a l&#8217;arbratge per a establir un \u00fas m\u00e9s eficient de l&#8217;aigua i la millora de la jardineria en general, la substituci\u00f3 de l&#8217;enllumenat convencional per un m\u00e9s eficient de leds, la substituci\u00f3 dels jocs biosaludables i infantils, i la renovaci\u00f3 dels mil metres quadrats de superf\u00edcie de paviment, amb una nova llamborda grisa que domina la pla\u00e7a, que la dota d&#8217;una est\u00e8tica industrial en clara refer\u00e8ncia al passat del bloc.<\/p>\n<p>No en va, la fita m\u00e9s caracter\u00edstica que brinda personalitat a l&#8217;\u00e0rea d&#8217;esplai \u00e9s la ximenera de l&#8217;antiga teuleria, que data de la primera meitat del segle XX. Les obres han deixat al descobert el cendrer d&#8217;aquesta i, pr\u00f2ximament, s&#8217;instal\u00b7laran dos panells interpretatius per a contextualitzar i exposar el seu origen.[\/vc_column_text][\/vc_column][\/vc_row][vc_row][vc_column][vc_gallery interval=&#8221;3&#8243; images=&#8221;146114,146116,146118&#8243; img_size=&#8221;full&#8221;][\/vc_column][\/vc_row][vc_row el_id=&#8221;TEXTO_FIN_NOTICIA&#8221;][vc_column][vc_column_text]<strong>\u201cLa modernitzaci\u00f3 de la pla\u00e7a Pilar Mir\u00f3 \u00e9s una millora rellevant en un barri en el qual estem efectuant diferents intervencions encaminades a afavorir el gaudi dels espais p\u00fablics per part de la ciutadania\u201d<\/strong>, ha manifestat l&#8217;alcalde, que ha recordat que els pr\u00f2xims passos referents a via p\u00fablica en Carr\u00fas seran l&#8217;optimitzaci\u00f3 energ\u00e8tica de les llumin\u00e0ries, la continuaci\u00f3 de l&#8217;operaci\u00f3 asfalt amb el posterior condicionament de voreres i, a curt termini, <strong>la injecci\u00f3 de m\u00e9s de 200.000 euros per a la remodelaci\u00f3 profunda de l&#8217;emblem\u00e0tic jard\u00ed d&#8217;Andalusia<\/strong>.<\/p>\n<p><strong>\u201c\u00c9s la nostra missi\u00f3 com a ajuntament tindre en les millors condicions, des del punt de vista de l&#8217;accessibilitat, de la comoditat i de l&#8217;est\u00e8tica, els espais destinats a la conviv\u00e8ncia, la relaci\u00f3 i, en definitiva, a la vida de la ciutadania il\u00b7licitana\u201d<\/strong>, ha concl\u00f2s Gonz\u00e1lez.<\/p>\n<hr \/>\n<p>[\/vc_column_text][\/vc_column][\/vc_row][vc_row][vc_column width=&#8221;1\/6&#8243;][\/vc_column][vc_column width=&#8221;2\/3&#8243;]<audio class=\"sc_audio\" src=\"https:\/\/soundcloud.com\/ayuntamiento-de-elche\/carlos-gonzalez-632710185\" width=\"\" height=\"\"><\/audio>[\/vc_column][vc_column width=&#8221;1\/6&#8243;][\/vc_column][\/vc_row]<\/p>\n<\/div>","protected":false},"excerpt":{"rendered":"<p>[vc_row el_id=&#8221;SUBTITULAR_NOTICIA&#8221;][vc_column][vc_column_text] L&#8217;alcalde, Carlos Gonz\u00e1lez, i el regidor H\u00e9ctor D\u00edez, visiten l&#8217;espai p\u00fablic, la modernitzaci\u00f3 integral del qual ha suposat la inversi\u00f3 de prop de 150.000 euros [\/vc_column_text][\/vc_column][\/vc_row][vc_row el_id=&#8221;TEXTO_NOTICIA&#8221;][vc_column][vc_column_text]La pla\u00e7a [&hellip;]<\/p>\n","protected":false},"author":15,"featured_media":146112,"comment_status":"closed","ping_status":"closed","sticky":false,"template":"","format":"standard","meta":{"footnotes":""},"categories":[391,680,1312],"tags":[],"class_list":["post-146135","post","type-post","status-publish","format-standard","has-post-thumbnail","hentry","category-home-va","category-mantenimiento-va","category-noticias-va"],"_links":{"self":[{"href":"https:\/\/www.elche.es\/va\/wp-json\/wp\/v2\/posts\/146135","targetHints":{"allow":["GET"]}}],"collection":[{"href":"https:\/\/www.elche.es\/va\/wp-json\/wp\/v2\/posts"}],"about":[{"href":"https:\/\/www.elche.es\/va\/wp-json\/wp\/v2\/types\/post"}],"author":[{"embeddable":true,"href":"https:\/\/www.elche.es\/va\/wp-json\/wp\/v2\/users\/15"}],"replies":[{"embeddable":true,"href":"https:\/\/www.elche.es\/va\/wp-json\/wp\/v2\/comments?post=146135"}],"version-history":[{"count":0,"href":"https:\/\/www.elche.es\/va\/wp-json\/wp\/v2\/posts\/146135\/revisions"}],"wp:featuredmedia":[{"embeddable":true,"href":"https:\/\/www.elche.es\/va\/wp-json\/wp\/v2\/media\/146112"}],"wp:attachment":[{"href":"https:\/\/www.elche.es\/va\/wp-json\/wp\/v2\/media?parent=146135"}],"wp:term":[{"taxonomy":"category","embeddable":true,"href":"https:\/\/www.elche.es\/va\/wp-json\/wp\/v2\/categories?post=146135"},{"taxonomy":"post_tag","embeddable":true,"href":"https:\/\/www.elche.es\/va\/wp-json\/wp\/v2\/tags?post=146135"}],"curies":[{"name":"wp","href":"https:\/\/api.w.org\/{rel}","templated":true}]}}