{"id":146172,"date":"2021-05-12T15:25:34","date_gmt":"2021-05-12T14:25:34","guid":{"rendered":"https:\/\/www.elche.es\/2021\/05\/lajuntament-ret-homenatge-als-professionals-sanitaris-amb-un-minut-de-silenci-i-una-ofrena-floral-per-a-commemorar-el-dia-internacional-de-la-infermeria\/"},"modified":"2021-05-12T17:01:19","modified_gmt":"2021-05-12T16:01:19","slug":"lajuntament-ret-homenatge-als-professionals-sanitaris-amb-un-minut-de-silenci-i-una-ofrena-floral-per-a-commemorar-el-dia-internacional-de-la-infermeria","status":"publish","type":"post","link":"https:\/\/www.elche.es\/va\/2021\/05\/lajuntament-ret-homenatge-als-professionals-sanitaris-amb-un-minut-de-silenci-i-una-ofrena-floral-per-a-commemorar-el-dia-internacional-de-la-infermeria\/","title":{"rendered":"L&#8217;Ajuntament ret homenatge als professionals sanitaris amb un minut de silenci i una ofrena floral per a commemorar el Dia Internacional de la Infermeria"},"content":{"rendered":"<div class=\"wpb-content-wrapper\"><p>[vc_row el_id=&#8221;SUBTITULAR_NOTICIA&#8221;][vc_column][vc_column_text]<\/p>\n<hr \/>\n<h4>L&#8217;alcalde Carlos Gonz\u00e1lez, la regidora de Sanitat, Mariola Galiana, aix\u00ed com membres del Col\u00b7legi Oficial d&#8217;Infermeria d&#8217;Alacant, de l&#8217;Hospital General d&#8217;Elx i de l&#8217;Hospital Universitari del Vinalop\u00f3, assisteixen a la lectura del manifest que ha tingut lloc en la pla\u00e7a de Baix<\/h4>\n<hr \/>\n<p>[\/vc_column_text][\/vc_column][\/vc_row][vc_row el_id=&#8221;TEXTO_NOTICIA&#8221;][vc_column][vc_column_text]<strong>Amb motiu del Dia Mundial de la Infermeria l&#8217;Ajuntament d&#8217;Elx s&#8217;ha sumat aquest dimecres a les 12.30 hores al minut de silenci en homenatge a tots els professionals sanitaris morts durant la pand\u00e8mia per Covid-19<\/strong> i d&#8217;aquells que porten m\u00e9s d&#8217;un any jugant-se la vida i que lluiten dia rere dia per a acabar amb la major crisi sanit\u00e0ria de la hist\u00f2ria recent. Un acte que ha tingut lloc en la pla\u00e7a de Baix i al qual han acudit l&#8217;alcalde Carlos Gonz\u00e1lez, la regidora de Sanitat, Mariola Galiana, membres de l&#8217;Equip de Govern i de la corporaci\u00f3 municipal, aix\u00ed com membres del Col\u00b7legi Oficial d&#8217;Infermeria d&#8217;Alacant, de l&#8217;Hospital General d&#8217;Elx i de l&#8217;Hospital Universitari del Vinalop\u00f3.<\/p>\n<p><strong>Gonz\u00e1lez ha recordat la noble i valuosa labor dels infermers i de les infermeres que han exposat la seua vida per vetlar per la protecci\u00f3 de la salut dels altres.<\/strong> \u201cHeu sigut els aut\u00e8ntics herois de la pand\u00e8mia. Rebeu la nostra consideraci\u00f3, gratitud, admiraci\u00f3 i respecte pel valor, lliurament i afecte amb el qual sabem que exerciu la vostra bella professi\u00f3\u201d, ha assenyalat l&#8217;alcalde il\u00b7licit\u00e0, que ha destacat que <strong>\u201caquest acte t\u00e9 com a objectiu real\u00e7ar la professionalitat d&#8217;aquest sector, que s&#8217;ha posat en relleu durant els moments m\u00e9s cr\u00edtics de la crisi sanit\u00e0ria\u201d<\/strong>.[\/vc_column_text][\/vc_column][\/vc_row][vc_row el_id=&#8221;DESTACADO_NOTICIA&#8221;][vc_column][vc_column_text el_class=&#8221;cuadronoticia&#8221;]<\/p>\n<h5>Gonz\u00e1lez recorda la noble i valuosa labor dels infermers i de les infermeres que han exposat la seua vida per vetlar per la protecci\u00f3 de la salut dels altres i els trasllada la seua gratitud, admiraci\u00f3 i respecte<\/h5>\n<p>[\/vc_column_text][\/vc_column][\/vc_row][vc_row el_id=&#8221;TEXTO_FIN_NOTICIA&#8221;][vc_column][vc_column_text]<strong>Per la seua part, la regidora de Sanitat ha volgut agrair a les infermeres i als infermers la seua lluita en primera l\u00ednia contra aquest enemic en com\u00fa dit Covid-19.<\/strong> &#8220;Gr\u00e0cies per seguir ac\u00ed malgrat la por al contagi; gr\u00e0cies per cuidar i vetlar per tots nosaltres. Em consta que han sigut mesos molt durs sense hores de descans, que heu relegat en un segon pla fins i tot a les vostres fam\u00edlies&#8221;, ha assegurat Galiana. I ha afegit que els sanitaris &#8220;heu de sentir-vos orgullosos per aquest excel\u00b7lent treball que heu realitzat&#8221;.<\/p>\n<p>D<strong>espr\u00e9s del minut de silenci, les encarregades de llegir el manifest han sigut Nuria Gregori Flor<\/strong>, infermera en la Unitat de Qualitat; <strong>In\u00e9s S\u00e1nchez Pina<\/strong>, membre de la Junta de Govern del Col\u00b7legi Oficial d&#8217;Infermeria d&#8217;Alacant; <strong>Ana Bel\u00e9n Agull\u00f3<\/strong>, cap d&#8217;Infermeria a IMED Elx i <strong>N\u00faria Hern\u00e1ndez Ruiz<\/strong>, coordinadora d&#8217;Infermeria del Centre de Salut de Crevillent.<\/p>\n<p>[\/vc_column_text][vc_gallery interval=&#8221;3&#8243; images=&#8221;146147,146149,146151,146153,146155&#8243; img_size=&#8221;full&#8221; css=&#8221;.vc_custom_1620824773218{margin-top: 25px !important;margin-bottom: 25px !important;}&#8221;][vc_column_text]Les sanit\u00e0ries han explicat que &#8220;enguany, juntament amb el 2020, cobra m\u00e9s import\u00e0ncia si cap la celebraci\u00f3 del nostre dia internacional. <strong>Durant 14 mesos, hem donat tot de nosaltres per ajudar, cuidar i salvar vides&#8221;.<\/strong><\/p>\n<p>Aix\u00ed mateix, han afegit que &#8220;les infermeres i els infermers del m\u00f3n, i del nostre pa\u00eds en particular, s&#8217;han enfrontat als moments m\u00e9s durs de les seues vides i ara hem de recompensar aquest esfor\u00e7. En definitiva, <strong>els aplaudiments del principi del confinament han de convertir-se en fets i aquest minut de silenci ha de ser el principi d&#8217;un nou rumb on la professi\u00f3 infermera reba un tracte digne<\/strong> per part de les administracions\u201d, han concl\u00f2s.<\/p>\n<p>En finalitzar l&#8217;acte ha tingut lloc una ofrena floral per part de tots els assistents. A m\u00e9s, el consistori ha col\u00b7locat una banderola en la seua fa\u00e7ana i il\u00b7luminar\u00e0 de blau el Mol\u00ed del Real durant el 12 de maig.<\/p>\n<hr \/>\n<p>[\/vc_column_text][\/vc_column][\/vc_row][vc_row][vc_column width=&#8221;1\/2&#8243;]<audio class=\"sc_audio\" src=\"https:\/\/soundcloud.com\/ayuntamiento-de-elche\/carlos-gonzalez-861558690\" width=\"\" height=\"\"><\/audio>[\/vc_column][vc_column width=&#8221;1\/2&#8243;]<audio class=\"sc_audio\" src=\"https:\/\/soundcloud.com\/ayuntamiento-de-elche\/mariola-galiana-concejala-de-9\" width=\"\" height=\"\"><\/audio>[\/vc_column][\/vc_row]<\/p>\n<\/div>","protected":false},"excerpt":{"rendered":"<p>[vc_row el_id=&#8221;SUBTITULAR_NOTICIA&#8221;][vc_column][vc_column_text] L&#8217;alcalde Carlos Gonz\u00e1lez, la regidora de Sanitat, Mariola Galiana, aix\u00ed com membres del Col\u00b7legi Oficial d&#8217;Infermeria d&#8217;Alacant, de l&#8217;Hospital General d&#8217;Elx i de l&#8217;Hospital Universitari del Vinalop\u00f3, assisteixen [&hellip;]<\/p>\n","protected":false},"author":15,"featured_media":146154,"comment_status":"closed","ping_status":"closed","sticky":false,"template":"","format":"standard","meta":{"footnotes":""},"categories":[391,1312,893],"tags":[],"class_list":["post-146172","post","type-post","status-publish","format-standard","has-post-thumbnail","hentry","category-home-va","category-noticias-va","category-sanidad-va"],"_links":{"self":[{"href":"https:\/\/www.elche.es\/va\/wp-json\/wp\/v2\/posts\/146172","targetHints":{"allow":["GET"]}}],"collection":[{"href":"https:\/\/www.elche.es\/va\/wp-json\/wp\/v2\/posts"}],"about":[{"href":"https:\/\/www.elche.es\/va\/wp-json\/wp\/v2\/types\/post"}],"author":[{"embeddable":true,"href":"https:\/\/www.elche.es\/va\/wp-json\/wp\/v2\/users\/15"}],"replies":[{"embeddable":true,"href":"https:\/\/www.elche.es\/va\/wp-json\/wp\/v2\/comments?post=146172"}],"version-history":[{"count":0,"href":"https:\/\/www.elche.es\/va\/wp-json\/wp\/v2\/posts\/146172\/revisions"}],"wp:featuredmedia":[{"embeddable":true,"href":"https:\/\/www.elche.es\/va\/wp-json\/wp\/v2\/media\/146154"}],"wp:attachment":[{"href":"https:\/\/www.elche.es\/va\/wp-json\/wp\/v2\/media?parent=146172"}],"wp:term":[{"taxonomy":"category","embeddable":true,"href":"https:\/\/www.elche.es\/va\/wp-json\/wp\/v2\/categories?post=146172"},{"taxonomy":"post_tag","embeddable":true,"href":"https:\/\/www.elche.es\/va\/wp-json\/wp\/v2\/tags?post=146172"}],"curies":[{"name":"wp","href":"https:\/\/api.w.org\/{rel}","templated":true}]}}