{"id":146177,"date":"2021-05-12T16:16:15","date_gmt":"2021-05-12T15:16:15","guid":{"rendered":"https:\/\/www.elche.es\/2021\/05\/la-regidoria-de-cultura-commemora-el-dia-internacional-dels-museus-amb-visites-guiades-exposicions-i-tallers-infantils\/"},"modified":"2021-05-13T07:56:22","modified_gmt":"2021-05-13T06:56:22","slug":"la-regidoria-de-cultura-commemora-el-dia-internacional-dels-museus-amb-visites-guiades-exposicions-i-tallers-infantils","status":"publish","type":"post","link":"https:\/\/www.elche.es\/va\/2021\/05\/la-regidoria-de-cultura-commemora-el-dia-internacional-dels-museus-amb-visites-guiades-exposicions-i-tallers-infantils\/","title":{"rendered":"La Regidoria de Cultura commemora el Dia Internacional dels Museus amb visites guiades, exposicions i tallers infantils"},"content":{"rendered":"<div class=\"wpb-content-wrapper\"><p>[vc_row el_id=&#8221;SUBTITULAR_NOTICIA&#8221;][vc_column][vc_column_text]<\/p>\n<hr \/>\n<h4>Els museus d&#8217;Elx oferiran una programaci\u00f3 especial des del 18 fins al 23 de maig<\/h4>\n<hr \/>\n<p>[\/vc_column_text][\/vc_column][\/vc_row][vc_row el_id=&#8221;TEXTO_NOTICIA&#8221;][vc_column][vc_column_text]<strong>L&#8217;Ajuntament d&#8217;Elx commemora el Dia Internacional dels Museus<\/strong>, 18 de maig, amb visites guiades, exposicions i tallers infantils. <strong>La regidora de Cultura, Marga Ant\u00f3n, juntament amb Miguel P\u00e9rez, director del MAHE (Museu Arqueol\u00f2gic i d&#8217;Hist\u00f2ria d&#8217;Elx), del Museu del Palmerar i del Museu de la Festa; Joan Casta\u00f1o, director del MUVAPE (Museu de la Verge de l&#8217;Assumpci\u00f3 Patrona d&#8217;Elx); Rafael Mart\u00ednez, director del Museu de Pu\u00e7ol; Ainara Aberasturi, directora del MUPE (Museu Paleontol\u00f2gic d&#8217;Elx); i Alejandro Ramos, director de L\u2019Alc\u00fadia<\/strong>, han presentat aquest mat\u00ed la programaci\u00f3 especial que oferiran els museus de la ciutat des del 18 fins al 23 de maig.<\/p>\n<p>La regidora de Cultura ha informat que<strong> \u201chem creat un codi QR que ens porta a una p\u00e0gina web en la qual tenim tots els museus i veiem totes les activitats que s&#8217;han preparat per a aquest dia\u201d<\/strong>.[\/vc_column_text][\/vc_column][\/vc_row][vc_row el_id=&#8221;DESTACADO_NOTICIA&#8221;][vc_column][vc_column_text el_class=&#8221;cuadronoticia&#8221;]<\/p>\n<h5>La regidora de Cultura, Marga Ant\u00f3n, informa que \u201chem creat un codi QR que ens porta a una p\u00e0gina web en la qual tenim tots els museus i veiem totes les activitats que s&#8217;han preparat per a aquest dia\u201d<\/h5>\n<p>[\/vc_column_text][vc_single_image image=&#8221;146160&#8243; img_size=&#8221;medium&#8221; alignment=&#8221;center&#8221; onclick=&#8221;img_link_large&#8221; css=&#8221;.vc_custom_1620825358485{margin-bottom: 20px !important;}&#8221;][\/vc_column][\/vc_row][vc_row el_id=&#8221;TEXTO_FIN_NOTICIA&#8221;][vc_column][vc_column_text]En l&#8217;\u00e0mbit dels museus municipals, el dimarts 18 de maig en <strong>el MAHE s&#8217;inaugurar\u00e0 l&#8217;exposici\u00f3 temporal \u201cEl guerrer iber i el joc\u201d <\/strong>i hi haur\u00e0 visites guiades al llarg de tota la setmana. A m\u00e9s, se celebraran tallers familiars i infantils. En el Museu de la Festa hi haur\u00e0 visites guiades en valenci\u00e0 i castell\u00e0 a c\u00e0rrec de Joan Casta\u00f1o. D&#8217;altra banda, en <strong>el Museu del Palmerar tamb\u00e9 hi haur\u00e0 visites guiades i se celebrar\u00e0 una demostraci\u00f3 d&#8217;enfilar-se a la palmera<\/strong>.<\/p>\n<p>En el MUVAPE, el dimecres 18, dissabte 22 i diumenge 23 es realitzaran jornades de portes obertes. En el cas del MUPE hi haur\u00e0 visites guiades i la presentaci\u00f3 del llibre \u2018Cuando los dinosaurios dominaban la Tierra\u2019. En el Museu de Pu\u00e7ol hi haur\u00e0 jornades de portes obertes, visites guiades i s&#8217;instal\u00b7lar\u00e0 una vitrina commemorativa titulada \u2018Recuperar la mem\u00f2ria del Camp d\u2019Elx\u2019. Finalment, al Parc Arqueol\u00f2gic de \u2018L&#8217;Alc\u00fadia\u2019 hi haur\u00e0 una jornada de portes obertes i visites guiades.<\/p>\n<p><strong>La programaci\u00f3 completa es troba disponible en:<\/strong>[\/vc_column_text][vc_btn title=&#8221;Veure web Dia Internacional dels Museus&#8221; color=&#8221;success&#8221; align=&#8221;center&#8221; button_block=&#8221;true&#8221; link=&#8221;url:https%3A%2F%2Fwww.elche.es%2Fva%2Fdia-internacional-dels-museus%2F|&#8221;][vc_column_text]<\/p>\n<hr \/>\n<p>[\/vc_column_text][\/vc_column][\/vc_row][vc_row][vc_column width=&#8221;1\/6&#8243;][\/vc_column][vc_column width=&#8221;2\/3&#8243;]<audio class=\"sc_audio\" src=\"https:\/\/soundcloud.com\/ayuntamiento-de-elche\/marga-anton-634431178\" width=\"\" height=\"\"><\/audio>[\/vc_column][vc_column width=&#8221;1\/6&#8243;][\/vc_column][\/vc_row]<\/p>\n<\/div>","protected":false},"excerpt":{"rendered":"<p>[vc_row el_id=&#8221;SUBTITULAR_NOTICIA&#8221;][vc_column][vc_column_text] Els museus d&#8217;Elx oferiran una programaci\u00f3 especial des del 18 fins al 23 de maig [\/vc_column_text][\/vc_column][\/vc_row][vc_row el_id=&#8221;TEXTO_NOTICIA&#8221;][vc_column][vc_column_text]L&#8217;Ajuntament d&#8217;Elx commemora el Dia Internacional dels Museus, 18 de maig, amb [&hellip;]<\/p>\n","protected":false},"author":15,"featured_media":146159,"comment_status":"closed","ping_status":"closed","sticky":false,"template":"","format":"standard","meta":{"footnotes":""},"categories":[193,391,454,1312],"tags":[],"class_list":["post-146177","post","type-post","status-publish","format-standard","has-post-thumbnail","hentry","category-cultura-va","category-home-va","category-museus","category-noticias-va"],"_links":{"self":[{"href":"https:\/\/www.elche.es\/va\/wp-json\/wp\/v2\/posts\/146177","targetHints":{"allow":["GET"]}}],"collection":[{"href":"https:\/\/www.elche.es\/va\/wp-json\/wp\/v2\/posts"}],"about":[{"href":"https:\/\/www.elche.es\/va\/wp-json\/wp\/v2\/types\/post"}],"author":[{"embeddable":true,"href":"https:\/\/www.elche.es\/va\/wp-json\/wp\/v2\/users\/15"}],"replies":[{"embeddable":true,"href":"https:\/\/www.elche.es\/va\/wp-json\/wp\/v2\/comments?post=146177"}],"version-history":[{"count":0,"href":"https:\/\/www.elche.es\/va\/wp-json\/wp\/v2\/posts\/146177\/revisions"}],"wp:featuredmedia":[{"embeddable":true,"href":"https:\/\/www.elche.es\/va\/wp-json\/wp\/v2\/media\/146159"}],"wp:attachment":[{"href":"https:\/\/www.elche.es\/va\/wp-json\/wp\/v2\/media?parent=146177"}],"wp:term":[{"taxonomy":"category","embeddable":true,"href":"https:\/\/www.elche.es\/va\/wp-json\/wp\/v2\/categories?post=146177"},{"taxonomy":"post_tag","embeddable":true,"href":"https:\/\/www.elche.es\/va\/wp-json\/wp\/v2\/tags?post=146177"}],"curies":[{"name":"wp","href":"https:\/\/api.w.org\/{rel}","templated":true}]}}