{"id":146250,"date":"2021-05-13T08:56:53","date_gmt":"2021-05-13T07:56:53","guid":{"rendered":"https:\/\/www.elche.es\/2021\/05\/lalcalde-delx-posa-sobre-la-taula-tots-els-expedients-de-la-licitacio-del-col%c2%b7legi-verge-de-la-llum-per-a-demostrar-que-el-proces-ha-sigut-net-i-transparent\/"},"modified":"2021-05-13T09:58:43","modified_gmt":"2021-05-13T08:58:43","slug":"lalcalde-delx-posa-sobre-la-taula-tots-els-expedients-de-la-licitacio-del-col%c2%b7legi-verge-de-la-llum-per-a-demostrar-que-el-proces-ha-sigut-net-i-transparent","status":"publish","type":"post","link":"https:\/\/www.elche.es\/va\/2021\/05\/lalcalde-delx-posa-sobre-la-taula-tots-els-expedients-de-la-licitacio-del-col%c2%b7legi-verge-de-la-llum-per-a-demostrar-que-el-proces-ha-sigut-net-i-transparent\/","title":{"rendered":"L&#8217;alcalde d&#8217;Elx posa sobre la taula tots els expedients de la licitaci\u00f3 del col\u00b7legi Verge de la Llum per a demostrar que el proc\u00e9s ha sigut net i transparent"},"content":{"rendered":"<div class=\"wpb-content-wrapper\"><p>[vc_row][vc_column][vc_column_text]<\/p>\n<hr \/>\n<h4>Carlos Gonz\u00e1lez i el regidor de Contractaci\u00f3, H\u00e9ctor D\u00edez, expliquen que \u201cs&#8217;ha adjudicat a l&#8217;empresa que major puntuaci\u00f3 ha obtingut conformement als informes t\u00e8cnics i als criteris establits en els plecs de condicions t\u00e8cniques i administratives\u201d<\/h4>\n<hr \/>\n<h4><\/h4>\n<p>[\/vc_column_text][\/vc_column][\/vc_row][vc_row][vc_column][vc_column_text]<strong>L&#8217;alcalde d&#8217;Elx, Carlos Gonz\u00e1lez, i el regidor de Contractaci\u00f3 i portaveu del Govern, H\u00e9ctor D\u00edez<\/strong>, han posat\u00a0 sobre la taula tots els expedients del contracte de redacci\u00f3 del <strong>projecte del nou col\u00b7legi d&#8217;Educaci\u00f3 Especial Verge de la Llum<\/strong> per a demostrar que el proc\u00e9s ha sigut net i transparent,\u00a0 davant les acusacions de favoritisme cap al germ\u00e0 de la <strong>regidora de Gesti\u00f3 Financera, Patr\u00edcia Maci\u00e0<\/strong>.<\/p>\n<p>\u201cHi ha algunes dades que s&#8217;han de con\u00e9ixer amb la intenci\u00f3 de donar transpar\u00e8ncia. <strong>Tenen a la seua disposici\u00f3 l&#8217;expedient complet del col\u00b7legi Verge de la Llum<\/strong>, de la mateixa manera que l&#8217;han tingut les empreses que han participat i que tamb\u00e9 t\u00e9 l&#8217;oposici\u00f3\u201d, ha indicat el responsable de l&#8217;Equip de Govern Municipal.<\/p>\n<p>Gonz\u00e1lez ha explicat que \u201cs&#8217;ha dut a terme un proc\u00e9s de licitaci\u00f3 que va comen\u00e7ar el 15 de maig de 2020 amb la incorporaci\u00f3 dels plecs de condicions t\u00e8cniques i administratives a la <strong>plataforma de contractaci\u00f3 del sector p\u00fablic, on est\u00e0 tota la documentaci\u00f3 de l&#8217;expedient<\/strong>\u201d.<\/p>\n<p>En segon terme, ha afegit, \u201che d&#8217;assenyalar que <strong>s&#8217;han presentat 15 ofertes al lot n\u00famero 1, que \u00e9s el referit al centre Verge de la Llum, i no s&#8217;ha produ\u00eft cap incid\u00e8ncia ni cap reclamaci\u00f3<\/strong> per part de les 15 empreses que han participat en el proc\u00e9s de licitaci\u00f3\u201d.<\/p>\n<p>En tercer lloc, ha explicat l&#8217;alcalde, \u201ctota la documentaci\u00f3 de la licitaci\u00f3 i de l&#8217;expedient, les actes, els acords de la Junta Local de Govern i els diferents informes t\u00e8cnics estan incorporats a la plataforma de contractes del sector p\u00fablic i <strong>s\u00f3n accessibles per a qualsevol ciutad\u00e0, empresa o per a l&#8217;oposici\u00f3<\/strong>.<\/p>\n<p>\u201cSobre l&#8217;<strong>adjudicaci\u00f3 a l&#8217;empresa Ark\u00edtera<\/strong> he de dir que <strong>\u00e9s la que major puntuaci\u00f3 global ha obtingut de les 15 que s&#8217;han presentat<\/strong>. Per tant, s&#8217;ha realitzat l&#8217;adjudicaci\u00f3 a la que ha aconseguit la major puntuaci\u00f3\u201d, ha manifestat l&#8217;alcalde.<\/p>\n<h5><strong>Criteris<\/strong><\/h5>\n<p>\u201cLa puntuaci\u00f3 t\u00e9 dos components. El relacionat amb els criteris objectius com experi\u00e8ncia, mitjans humans i oferta t\u00e8cnica, que s\u00f3n un pur automatisme, l&#8217;empresa ha obtingut la m\u00e0xima puntuaci\u00f3. Pel que respecta a la valoraci\u00f3 de la mem\u00f2ria t\u00e8cnica obt\u00e9, juntament amb una altra empresa, la m\u00e9s alta. I <strong>\u00e9s el projecte que m\u00e9s experi\u00e8ncia planteja de les 15 que han concursat<\/strong>. Atesa la suma dels dos elements, als criteris objectius i a la valoraci\u00f3 del projecte, \u00e9s l&#8217;oferta que obt\u00e9 una major puntuaci\u00f3, per aix\u00f2 es classifica en primer lloc i posteriorment es duu a terme la seua adjudicaci\u00f3\u201d, ha precisat Carlos Gonz\u00e1lez.[\/vc_column_text][\/vc_column][\/vc_row][vc_row][vc_column][vc_column_text el_class=&#8221;cuadronoticia&#8221;]<\/p>\n<h5>\u201c\u00c9s una adjudicaci\u00f3 impecable des del punt de vista jur\u00eddic i tamb\u00e9 des del pol\u00edtic i de l&#8217;\u00e8tic\u201d, assenyala el responsable de l&#8217;Equip de Govern Municipal<\/h5>\n<p>[\/vc_column_text][\/vc_column][\/vc_row][vc_row][vc_column][vc_column_text]\u201cEn atenci\u00f3 a aquestes consideracions hem de dir que <strong>s&#8217;ha realitzat una licitaci\u00f3 conformement el plec de condicions t\u00e8cniques i administratives degudament publicat<\/strong>, s&#8217;han realitzat informes t\u00e8cnics pel <strong>departament d&#8217;Urbanisme<\/strong> en els quals s&#8217;han sustentat les valoracions, <strong>s&#8217;han format taules de contractaci\u00f3 en les quals han participat de forma regular la coordinadora de l&#8217;\u00e0rea, l&#8217;interventor municipal, el sotssecretari de l&#8217;Ajuntament, la cap de secci\u00f3 de Contractaci\u00f3 i el regidor<\/strong>\u201d, ha explicat l&#8217;alcalde.<\/p>\n<p>Gonz\u00e1lez tamb\u00e9 ha precisat que \u201cs&#8217;ha dut a terme l&#8217;adjudicaci\u00f3 a l&#8217;empresa que major puntuaci\u00f3 ha obtingut conformement als informes t\u00e8cnics i als criteris establits en els plecs de condicions t\u00e8cniques i administratives. Per tant, <strong>es tracta d&#8217;un procediment de licitaci\u00f3 en el qual l&#8217;empresa adjudicat\u00e0ria ha sigut la que ha obtingut la major puntuaci\u00f3<\/strong>\u201d.<\/p>\n<p>L&#8217;alcalde ha explicat que \u201c<strong>la regidora de Gesti\u00f3 Financera, Patr\u00edcia Maci\u00e0, no ha participat ni directa ni indirectament en l&#8217;elaboraci\u00f3 de cap dels informes<\/strong> que tenen a veure amb l&#8217;adjudicaci\u00f3, ni la regidora ni cap membre del seu departament. S&#8217;ha absentat en aquelles Juntes de Govern on s&#8217;ha dut a terme la classificaci\u00f3 de les ofertes i la posterior adjudicaci\u00f3\u201d.<\/p>\n<p>D&#8217;altra banda, Gonz\u00e1lez ha dit que \u201c<strong>l&#8217;arquitecte Antonio Maci\u00e0, el seu germ\u00e0, no \u00e9s ni accionista ni soci de l&#8217;empresa adjudicat\u00e0ria. No \u00e9s ni empleat ni treballador d&#8217;aquesta<\/strong>. T\u00e9, aix\u00f2 s\u00ed, una col\u00b7laboraci\u00f3 t\u00e8cnica amb l&#8217;adjudicat\u00e0ria que \u00e9s el que ha motivat l&#8217;abs\u00e8ncia en la Junta Local de Govern de la senyora Maci\u00e0. Per tant, cal dir amb absoluta contund\u00e8ncia que el senyor Maci\u00e0 no \u00e9s adjudicatari, en cap cas, de la redacci\u00f3 del projecte del centre d&#8217;Educaci\u00f3 Especial Verge de la Llum\u201d.<\/p>\n<p>\u201c<strong>El proc\u00e9s compleix totes les exig\u00e8ncies legals<\/strong>, \u00e9s una adjudicaci\u00f3 conforme a dret i la licitaci\u00f3 ha sigut realitzada amb totes les exig\u00e8ncies de publicitat, de p\u00fablica concurr\u00e8ncia, de compet\u00e8ncia i de transpar\u00e8ncia que exigeix la llei i que es realitza en aquest Ajuntament amb cada expedient. \u00c9s una adjudicaci\u00f3 impecable des del punt de vista jur\u00eddic i tamb\u00e9 des del pol\u00edtic i \u00e8tic\u201d, ha ratificat Gonz\u00e1lez.<\/p>\n<hr \/>\n<p>[\/vc_column_text][\/vc_column][\/vc_row]<\/p>\n<\/div>","protected":false},"excerpt":{"rendered":"<p>[vc_row][vc_column][vc_column_text] Carlos Gonz\u00e1lez i el regidor de Contractaci\u00f3, H\u00e9ctor D\u00edez, expliquen que \u201cs&#8217;ha adjudicat a l&#8217;empresa que major puntuaci\u00f3 ha obtingut conformement als informes t\u00e8cnics i als criteris establits en [&hellip;]<\/p>\n","protected":false},"author":15,"featured_media":146197,"comment_status":"closed","ping_status":"closed","sticky":false,"template":"","format":"standard","meta":{"footnotes":""},"categories":[391,1312],"tags":[],"class_list":["post-146250","post","type-post","status-publish","format-standard","has-post-thumbnail","hentry","category-home-va","category-noticias-va"],"_links":{"self":[{"href":"https:\/\/www.elche.es\/va\/wp-json\/wp\/v2\/posts\/146250","targetHints":{"allow":["GET"]}}],"collection":[{"href":"https:\/\/www.elche.es\/va\/wp-json\/wp\/v2\/posts"}],"about":[{"href":"https:\/\/www.elche.es\/va\/wp-json\/wp\/v2\/types\/post"}],"author":[{"embeddable":true,"href":"https:\/\/www.elche.es\/va\/wp-json\/wp\/v2\/users\/15"}],"replies":[{"embeddable":true,"href":"https:\/\/www.elche.es\/va\/wp-json\/wp\/v2\/comments?post=146250"}],"version-history":[{"count":0,"href":"https:\/\/www.elche.es\/va\/wp-json\/wp\/v2\/posts\/146250\/revisions"}],"wp:featuredmedia":[{"embeddable":true,"href":"https:\/\/www.elche.es\/va\/wp-json\/wp\/v2\/media\/146197"}],"wp:attachment":[{"href":"https:\/\/www.elche.es\/va\/wp-json\/wp\/v2\/media?parent=146250"}],"wp:term":[{"taxonomy":"category","embeddable":true,"href":"https:\/\/www.elche.es\/va\/wp-json\/wp\/v2\/categories?post=146250"},{"taxonomy":"post_tag","embeddable":true,"href":"https:\/\/www.elche.es\/va\/wp-json\/wp\/v2\/tags?post=146250"}],"curies":[{"name":"wp","href":"https:\/\/api.w.org\/{rel}","templated":true}]}}