{"id":146380,"date":"2021-05-13T13:01:46","date_gmt":"2021-05-13T12:01:46","guid":{"rendered":"https:\/\/www.elche.es\/2021\/05\/els-nous-contenidors-de-recollida-de-residus-presenten-majors-nivells-de-capacitat-deficiencia-i-de-sostenibilitat\/"},"modified":"2021-05-14T08:14:22","modified_gmt":"2021-05-14T07:14:22","slug":"els-nous-contenidors-de-recollida-de-residus-presenten-majors-nivells-de-capacitat-deficiencia-i-de-sostenibilitat","status":"publish","type":"post","link":"https:\/\/www.elche.es\/va\/2021\/05\/els-nous-contenidors-de-recollida-de-residus-presenten-majors-nivells-de-capacitat-deficiencia-i-de-sostenibilitat\/","title":{"rendered":"Els nous contenidors de recollida de residus presenten majors nivells de capacitat, d&#8217;efici\u00e8ncia i de sostenibilitat"},"content":{"rendered":"<div class=\"wpb-content-wrapper\"><p>[vc_row el_id=&#8221;SUBTITULAR_NOTICIA&#8221;][vc_column][vc_column_text]<\/p>\n<hr \/>\n<h4>Les primeres 150 unitats, de 3.000 litres davant els 2.400 de les seues predecessores, s&#8217;instal\u00b7len a partir de hui a Carr\u00fas oest per a estendre&#8217;s, gradualment, per tot el municipi<\/h4>\n<hr \/>\n<p>[\/vc_column_text][\/vc_column][\/vc_row][vc_row el_id=&#8221;TEXTO_NOTICIA&#8221;][vc_column][vc_column_text]<strong>La implantaci\u00f3 de les millores lligades al nou servei de neteja vi\u00e0ria i recollida de residus, format per les mercantils Urbaser i FCC, i que va arrancar el dilluns 3 de maig<\/strong>, es produiran gradualment en el municipi. Un d&#8217;aquests salts qualitatius \u00e9s la substituci\u00f3 dels actuals contenidors per uns altres m\u00e9s accessibles, eficients, sostenibles i de major capacitat.<\/p>\n<p><strong>El regidor de Neteja, H\u00e9ctor D\u00edez, i el delegat d&#8217;Urbaser a Elx, Alberto Bleda, han presentat aquest mat\u00ed, en la pla\u00e7a de l&#8217;Aparadora, els nous contenidors de c\u00e0rrega lateral fabricats per Contenur al 100% amb materials reciclats<\/strong>, en una clara aposta de l&#8217;Ajuntament \u201cper l&#8217;economia circular\u201d, ha afirmat el regidor, que ha explicat que <strong>els 150 contenidors inicials s&#8217;instal\u00b7laran en els pr\u00f2xims deu dies en la ruta de recollida de Carr\u00fas oest<\/strong>, encara que ja poden observar-se les primeres unitats d&#8217;aquest model en alguns carrers del barri. I, de manera gradual, es colocaran a la resta de zones de la ciutat.[\/vc_column_text][vc_gallery interval=&#8221;3&#8243; images=&#8221;146364,146362,146360,146358,146356&#8243; img_size=&#8221;full&#8221; css=&#8221;.vc_custom_1620908601013{margin-top: 25px !important;margin-bottom: 25px !important;}&#8221;][vc_column_text]Els avantatges dels nous contenidors \u2014que inclouen pictogrames per a identificar els residus que poden depositar-se, el n\u00famero de tel\u00e8fon per a comunicar a trav\u00e9s de WhatsApp incid\u00e8ncies relatives a aquests o a la neteja en general (680 363 774), i Braille per a les persones amb discapacitat visual\u2014 representen \u201cuna millora substancial\u201d respecte als anteriors, ha explicat <strong>D\u00edez: \u201cS\u00f3n m\u00e9s accessibles, at\u00e9s que la boca dels contenidors est\u00e0 a 1,25 metres del s\u00f2l, la qual cosa facilita a les persones amb mobilitat redu\u00efda usar-los<\/strong>; amb una tapa elaborada de manera lleugera que \u00e9s possible al\u00e7ar amb un dit\u201d, i que quan es tanca produeix un efecte de frenat per a evitar colps que generen mol\u00e8sties, especialment en horari nocturn.[\/vc_column_text][\/vc_column][\/vc_row][vc_row el_id=&#8221;DESTACADO_NOTICIA&#8221;][vc_column][vc_column_text el_class=&#8221;cuadronoticia&#8221;]<\/p>\n<h5>El regidor de l&#8217;\u00e0rea, H\u00e9ctor D\u00edez, recorda que el nou contracte de neteja contempla una inversi\u00f3 d&#8217;uns 200.000 euros anuals per a la renovaci\u00f3 de contenidors<\/h5>\n<p>[\/vc_column_text][\/vc_column][\/vc_row][vc_row el_id=&#8221;TEXTO_FIN_NOTICIA&#8221;][vc_column][vc_column_text]\u201cA m\u00e9s\u201d, ha continuat el regidor, \u201cElx havia apostat per contenidors de 2.400 litres, mentre que <strong>els nous tenen d&#8217;una capacitat de 3.000 litres<\/strong>, la qual cosa, unit a l&#8217;especial disseny per a ser recollits pels camions amb major rapidesa, els converteixen en m\u00e9s eficients\u201d. Un altre dels avantatges glossats per D\u00edez \u00e9s que <strong>els contenidors, a partir d&#8217;ara, estaran ancorats en la cal\u00e7ada mitjan\u00e7ant quatre suports de pl\u00e0stic, la qual cosa evitar\u00e0 moviments no autoritzats<\/strong> \u201ci far\u00e0 que es respecte l&#8217;espai que han d&#8217;ocupar\u201d, o els derivats d&#8217;inclem\u00e8ncies meteorol\u00f2giques com a fortes pluges.<\/p>\n<p>D&#8217;altra banda, <strong>el responsable municipal ha recordat que els vells es traslladaran \u2014pr\u00e8via reparaci\u00f3 si cal\u2014 a \u00e0rees del litoral il\u00b7licit\u00e0 \u201con existeixen contenidors en molt mal estat\u201d<\/strong> en la mesura que es vagen incorporant els nous. Es produir\u00e0 una inversi\u00f3 d&#8217;uns 200.000 anuals per a la renovaci\u00f3 de contenidors \u201cdurant tota la vida de la contracta\u201d.<\/p>\n<p>\u201cAquest \u00e9s un pas m\u00e9s en el nou servei de neteja, els avan\u00e7os de la qual anem veient els il\u00b7licitans i les il\u00b7licitanes setmana rere setmana, com la maquin\u00e0ria de neteja i d&#8217;escombratge, la majoria ja operativa als diferents barris d&#8217;Elx\u201d, ha concl\u00f2s el regidor.<\/p>\n<hr \/>\n<p>[\/vc_column_text][\/vc_column][\/vc_row][vc_row][vc_column width=&#8221;1\/6&#8243;][\/vc_column][vc_column width=&#8221;2\/3&#8243;]<audio class=\"sc_audio\" src=\"https:\/\/soundcloud.com\/ayuntamiento-de-elche\/presentacion-de-los-nuevos-contenedores-de-recogida-de-residuos\" width=\"\" height=\"\"><\/audio>[\/vc_column][vc_column width=&#8221;1\/6&#8243;][\/vc_column][\/vc_row]<\/p>\n<\/div>","protected":false},"excerpt":{"rendered":"<p>[vc_row el_id=&#8221;SUBTITULAR_NOTICIA&#8221;][vc_column][vc_column_text] Les primeres 150 unitats, de 3.000 litres davant els 2.400 de les seues predecessores, s&#8217;instal\u00b7len a partir de hui a Carr\u00fas oest per a estendre&#8217;s, gradualment, per tot [&hellip;]<\/p>\n","protected":false},"author":15,"featured_media":146363,"comment_status":"closed","ping_status":"closed","sticky":false,"template":"","format":"standard","meta":{"footnotes":""},"categories":[391,680,1312],"tags":[],"class_list":["post-146380","post","type-post","status-publish","format-standard","has-post-thumbnail","hentry","category-home-va","category-mantenimiento-va","category-noticias-va"],"_links":{"self":[{"href":"https:\/\/www.elche.es\/va\/wp-json\/wp\/v2\/posts\/146380","targetHints":{"allow":["GET"]}}],"collection":[{"href":"https:\/\/www.elche.es\/va\/wp-json\/wp\/v2\/posts"}],"about":[{"href":"https:\/\/www.elche.es\/va\/wp-json\/wp\/v2\/types\/post"}],"author":[{"embeddable":true,"href":"https:\/\/www.elche.es\/va\/wp-json\/wp\/v2\/users\/15"}],"replies":[{"embeddable":true,"href":"https:\/\/www.elche.es\/va\/wp-json\/wp\/v2\/comments?post=146380"}],"version-history":[{"count":0,"href":"https:\/\/www.elche.es\/va\/wp-json\/wp\/v2\/posts\/146380\/revisions"}],"wp:featuredmedia":[{"embeddable":true,"href":"https:\/\/www.elche.es\/va\/wp-json\/wp\/v2\/media\/146363"}],"wp:attachment":[{"href":"https:\/\/www.elche.es\/va\/wp-json\/wp\/v2\/media?parent=146380"}],"wp:term":[{"taxonomy":"category","embeddable":true,"href":"https:\/\/www.elche.es\/va\/wp-json\/wp\/v2\/categories?post=146380"},{"taxonomy":"post_tag","embeddable":true,"href":"https:\/\/www.elche.es\/va\/wp-json\/wp\/v2\/tags?post=146380"}],"curies":[{"name":"wp","href":"https:\/\/api.w.org\/{rel}","templated":true}]}}