{"id":146662,"date":"2021-05-14T14:10:19","date_gmt":"2021-05-14T13:10:19","guid":{"rendered":"https:\/\/www.elche.es\/2021\/05\/la-biblioteca-central-municipal-pere-ibarra-acull-des-de-les-fronteres-del-silenci-una-exposicio-sobre-lescriptora-valenciana-carmelina-sanchez-cutillas\/"},"modified":"2021-05-14T16:29:43","modified_gmt":"2021-05-14T15:29:43","slug":"la-biblioteca-central-municipal-pere-ibarra-acull-des-de-les-fronteres-del-silenci-una-exposicio-sobre-lescriptora-valenciana-carmelina-sanchez-cutillas","status":"publish","type":"post","link":"https:\/\/www.elche.es\/va\/2021\/05\/la-biblioteca-central-municipal-pere-ibarra-acull-des-de-les-fronteres-del-silenci-una-exposicio-sobre-lescriptora-valenciana-carmelina-sanchez-cutillas\/","title":{"rendered":"La Biblioteca Central Municipal Pere Ibarra acull \u2018Des de les fronteres del silenci\u2019, una exposici\u00f3 sobre l&#8217;escriptora valenciana Carmelina S\u00e1nchez Cutillas"},"content":{"rendered":"<div class=\"wpb-content-wrapper\"><p>[vc_row el_id=&#8221;SUBTITULAR_NOTICIA&#8221;][vc_column][vc_column_text]<\/p>\n<hr \/>\n<h4>La mostra, organitzada per l&#8217;Acad\u00e8mia Valenciana de la Llengua, es podr\u00e0 visitar en el claustre baix de l&#8217;antic convent de Sant Josep fins divendres que ve, 21 de maig<\/h4>\n<hr \/>\n<p>[\/vc_column_text][\/vc_column][\/vc_row][vc_row el_id=&#8221;TEXTO_NOTICIA&#8221;][vc_column][vc_column_text]<strong>La Biblioteca Central Municipal Pere Ibarra acull \u2018Des de les fronteres del silenci\u2019<\/strong>, <strong>una exposici\u00f3 sobre l&#8217;escriptora valenciana Carmelina S\u00e1nchez Cutillas.<\/strong> La mostra, organitzada per l&#8217;Acad\u00e8mia Valenciana de la Llengua, <strong>es podr\u00e0 visitar en el claustre baix de l&#8217;antic convent de Sant Josep fins divendres que ve, 21 de maig.<\/strong><\/p>\n<p>La presentaci\u00f3 consisteix en una <strong>dotzena de panells informatius que aborden la traject\u00f2ria personal i liter\u00e0ria de S\u00e1nchez Cutillas<\/strong>, poeta i escriptora valenciana, autora de la coneguda novel\u00b7la \u2018Mat\u00e8ria de Bretanya\u2019. La seua producci\u00f3 liter\u00e0ria abasta g\u00e8neres tan diversos com la poesia, l&#8217;assaig i la narrativa.<\/p>\n<p>L&#8217;escriptora valenciana va n\u00e0ixer a Madrid en 1927 per\u00f2 es va traslladar a Altea on va viure tota la seua vida. \u00c9s considerada com una dona intel\u00b7lectual al mateix nivell que Vicent Andr\u00e9s Estell\u00e9s o Maria Beneyto.<\/p>\n<p>L&#8217;exposici\u00f3 s&#8217;organitza amb motiu de l&#8217;Any Carmelina S\u00e1nchez Cutillas, que es va celebrar amb diverses activitats durant l&#8217;any passat.<\/p>\n<hr \/>\n<p>[\/vc_column_text][\/vc_column][\/vc_row]<\/p>\n<\/div>","protected":false},"excerpt":{"rendered":"<p>[vc_row el_id=&#8221;SUBTITULAR_NOTICIA&#8221;][vc_column][vc_column_text] La mostra, organitzada per l&#8217;Acad\u00e8mia Valenciana de la Llengua, es podr\u00e0 visitar en el claustre baix de l&#8217;antic convent de Sant Josep fins divendres que ve, 21 de [&hellip;]<\/p>\n","protected":false},"author":15,"featured_media":146646,"comment_status":"closed","ping_status":"closed","sticky":false,"template":"","format":"standard","meta":{"footnotes":""},"categories":[181,193,391,1312],"tags":[],"class_list":["post-146662","post","type-post","status-publish","format-standard","has-post-thumbnail","hentry","category-biblioteques-va","category-cultura-va","category-home-va","category-noticias-va"],"_links":{"self":[{"href":"https:\/\/www.elche.es\/va\/wp-json\/wp\/v2\/posts\/146662","targetHints":{"allow":["GET"]}}],"collection":[{"href":"https:\/\/www.elche.es\/va\/wp-json\/wp\/v2\/posts"}],"about":[{"href":"https:\/\/www.elche.es\/va\/wp-json\/wp\/v2\/types\/post"}],"author":[{"embeddable":true,"href":"https:\/\/www.elche.es\/va\/wp-json\/wp\/v2\/users\/15"}],"replies":[{"embeddable":true,"href":"https:\/\/www.elche.es\/va\/wp-json\/wp\/v2\/comments?post=146662"}],"version-history":[{"count":0,"href":"https:\/\/www.elche.es\/va\/wp-json\/wp\/v2\/posts\/146662\/revisions"}],"wp:featuredmedia":[{"embeddable":true,"href":"https:\/\/www.elche.es\/va\/wp-json\/wp\/v2\/media\/146646"}],"wp:attachment":[{"href":"https:\/\/www.elche.es\/va\/wp-json\/wp\/v2\/media?parent=146662"}],"wp:term":[{"taxonomy":"category","embeddable":true,"href":"https:\/\/www.elche.es\/va\/wp-json\/wp\/v2\/categories?post=146662"},{"taxonomy":"post_tag","embeddable":true,"href":"https:\/\/www.elche.es\/va\/wp-json\/wp\/v2\/tags?post=146662"}],"curies":[{"name":"wp","href":"https:\/\/api.w.org\/{rel}","templated":true}]}}