{"id":147066,"date":"2021-05-18T13:15:36","date_gmt":"2021-05-18T12:15:36","guid":{"rendered":"https:\/\/www.elche.es\/2021\/05\/lajuntament-celebra-el-dia-internacional-dels-museus-amb-la-inauguracio-de-lexposicio-el-guerrer-iber-com-a-principal-atractiu\/"},"modified":"2021-05-18T15:59:06","modified_gmt":"2021-05-18T14:59:06","slug":"lajuntament-celebra-el-dia-internacional-dels-museus-amb-la-inauguracio-de-lexposicio-el-guerrer-iber-com-a-principal-atractiu","status":"publish","type":"post","link":"https:\/\/www.elche.es\/va\/2021\/05\/lajuntament-celebra-el-dia-internacional-dels-museus-amb-la-inauguracio-de-lexposicio-el-guerrer-iber-com-a-principal-atractiu\/","title":{"rendered":"L&#8217;Ajuntament celebra el Dia Internacional dels Museus amb la inauguraci\u00f3 de l&#8217;exposici\u00f3 \u2018El guerrer iber\u2019 com a principal atractiu"},"content":{"rendered":"<div class=\"wpb-content-wrapper\"><p>[vc_row el_id=&#8221;SUBTITULAR_NOTICIA&#8221;][vc_column][vc_column_text]<\/p>\n<hr \/>\n<h4>Raimon Graells, comissari de l&#8217;exposici\u00f3, ressalta que \u201caquesta mostra explica una part de la hist\u00f2ria ibera mai contada, els jocs ibers de les elits\u2019<\/h4>\n<hr \/>\n<p>[\/vc_column_text][\/vc_column][\/vc_row][vc_row el_id=&#8221;TEXTO_NOTICIA&#8221;][vc_column][vc_column_text]<strong>L&#8217;Ajuntament celebra hui, 18 de maig, el Dia Internacional dels Museus<\/strong> amb la inauguraci\u00f3 de l&#8217;exposici\u00f3 \u2018El guerrer iber\u2019 en el MAHE com a principal atractiu. Raimon Graells, comissari de l&#8217;exposici\u00f3, ressalta que \u201caquesta mostra explica una part de la hist\u00f2ria ibera mai contada, els jocs ibers de les elits\u2019. <strong>Al llarg d&#8217;aquesta setmana hi haur\u00e0 visites guiades en aquesta exposici\u00f3 a m\u00e9s de tallers familiars i infantils.<\/strong><\/p>\n<p><strong>D&#8217;altra banda, en el Museu de la Festa hi haur\u00e0 visites guiades en valenci\u00e0 i en castell\u00e0 a c\u00e0rrec de Joan Casta\u00f1o.<\/strong> A m\u00e9s, en el Museu del Palmerar tamb\u00e9 hi haur\u00e0 visites guiades i se celebrar\u00e0 una demostraci\u00f3 d&#8217;enfilada de palmera.<\/p>\n<p><strong>Aix\u00ed mateix, en el MUVAPE (Museu de la Verge de l&#8217;Assumpci\u00f3), el dimecres 18, dissabte 22 i diumenge 23 es realitzaran jornades de portes obertes.<\/strong> En el cas del MUPE (Museu Paleontol\u00f2gic d&#8217;Elx) hi haur\u00e0 visites guiades i la presentaci\u00f3 del llibre \u2018Cuando los dinosaurios dominaban la Tierra\u2019. En el Museu de Pu\u00e7ol hi haur\u00e0 jornades de portes obertes, visites guiades i s&#8217;instal\u00b7lar\u00e0 una vitrina commemorativa titulada \u2018Recuperar la mem\u00f2ria del Camp d\u2019Elx\u2019. Finalment, al Parc Arqueol\u00f2gic de &#8220;L&#8217;Alc\u00fadia&#8221; hi haur\u00e0 una jornada de portes obertes i visites guiades.[\/vc_column_text][\/vc_column][\/vc_row][vc_row el_id=&#8221;DESTACADO_NOTICIA&#8221;][vc_column][vc_column_text el_class=&#8221;cuadronoticia&#8221;]<\/p>\n<h5>\u00a0La regidora de Cultura, Marga Ant\u00f3n, informa que \u201chem creat un codi QR que ens porta a una p\u00e0gina web en la qual tenim tots els museus i veiem totes les activitats que han preparat\u201d<\/h5>\n<p>[\/vc_column_text][vc_single_image image=&#8221;147060&#8243; img_size=&#8221;full&#8221; onclick=&#8221;link_image&#8221; css=&#8221;.vc_custom_1621338399709{margin-bottom: 20px !important;}&#8221;][\/vc_column][\/vc_row][vc_row el_id=&#8221;TEXTO_FIN_NOTICIA&#8221;][vc_column][vc_column_text]Marga Ant\u00f3n ha informat que <strong>\u201chem creat un codi QR que ens porta a una p\u00e0gina web en la qual tenim tots els museus i veiem totes les activitats que han preparat\u201d<\/strong>. L&#8217;enlla\u00e7 a la p\u00e0gina web \u00e9s el seg\u00fcent: <a href=\"https:\/\/www.elche.es\/va\/dia-internacional-dels-museus\/\">https:\/\/www.elx.es\/dia-museus\/<\/a><\/p>\n<p><strong>Ant\u00f3n ha convidat la ciutadania a descobrir \u2018El guerrer iber i el joc\u2019, i a \u201credescobrir els museus il\u00b7licitans despr\u00e9s de la pand\u00e8mia\u201d <\/strong>i sumar-se a les activitats programades per aquests durant tota aquesta setmana per l&#8217;efem\u00e8ride del Dia Internacional dels Museus.<\/p>\n<hr \/>\n<p>[\/vc_column_text][\/vc_column][\/vc_row][vc_row][vc_column width=&#8221;1\/6&#8243;][\/vc_column][vc_column width=&#8221;2\/3&#8243;]<audio class=\"sc_audio\" src=\"\" width=\"\" height=\"\"><\/audio>[\/vc_column][vc_column width=&#8221;1\/6&#8243;][\/vc_column][\/vc_row]<\/p>\n<\/div>","protected":false},"excerpt":{"rendered":"<p>[vc_row el_id=&#8221;SUBTITULAR_NOTICIA&#8221;][vc_column][vc_column_text] Raimon Graells, comissari de l&#8217;exposici\u00f3, ressalta que \u201caquesta mostra explica una part de la hist\u00f2ria ibera mai contada, els jocs ibers de les elits\u2019 [\/vc_column_text][\/vc_column][\/vc_row][vc_row el_id=&#8221;TEXTO_NOTICIA&#8221;][vc_column][vc_column_text]L&#8217;Ajuntament celebra hui, [&hellip;]<\/p>\n","protected":false},"author":15,"featured_media":147056,"comment_status":"closed","ping_status":"closed","sticky":false,"template":"","format":"standard","meta":{"footnotes":""},"categories":[193,391,454,1312],"tags":[],"class_list":["post-147066","post","type-post","status-publish","format-standard","has-post-thumbnail","hentry","category-cultura-va","category-home-va","category-museus","category-noticias-va"],"_links":{"self":[{"href":"https:\/\/www.elche.es\/va\/wp-json\/wp\/v2\/posts\/147066","targetHints":{"allow":["GET"]}}],"collection":[{"href":"https:\/\/www.elche.es\/va\/wp-json\/wp\/v2\/posts"}],"about":[{"href":"https:\/\/www.elche.es\/va\/wp-json\/wp\/v2\/types\/post"}],"author":[{"embeddable":true,"href":"https:\/\/www.elche.es\/va\/wp-json\/wp\/v2\/users\/15"}],"replies":[{"embeddable":true,"href":"https:\/\/www.elche.es\/va\/wp-json\/wp\/v2\/comments?post=147066"}],"version-history":[{"count":0,"href":"https:\/\/www.elche.es\/va\/wp-json\/wp\/v2\/posts\/147066\/revisions"}],"wp:featuredmedia":[{"embeddable":true,"href":"https:\/\/www.elche.es\/va\/wp-json\/wp\/v2\/media\/147056"}],"wp:attachment":[{"href":"https:\/\/www.elche.es\/va\/wp-json\/wp\/v2\/media?parent=147066"}],"wp:term":[{"taxonomy":"category","embeddable":true,"href":"https:\/\/www.elche.es\/va\/wp-json\/wp\/v2\/categories?post=147066"},{"taxonomy":"post_tag","embeddable":true,"href":"https:\/\/www.elche.es\/va\/wp-json\/wp\/v2\/tags?post=147066"}],"curies":[{"name":"wp","href":"https:\/\/api.w.org\/{rel}","templated":true}]}}