{"id":147335,"date":"2021-05-19T15:35:41","date_gmt":"2021-05-19T14:35:41","guid":{"rendered":"https:\/\/www.elche.es\/2021\/05\/el-centre-de-congressos-acollira-la-presentacio-del-llibre-i-del-documental-de-mabel-lozano-sobre-la-pornografia-dimecres-que-ve-26-de-maig\/"},"modified":"2021-05-25T12:04:30","modified_gmt":"2021-05-25T11:04:30","slug":"el-centre-de-congressos-acollira-la-presentacio-del-llibre-i-del-documental-de-mabel-lozano-sobre-la-pornografia-dimecres-que-ve-26-de-maig","status":"publish","type":"post","link":"https:\/\/www.elche.es\/va\/2021\/05\/el-centre-de-congressos-acollira-la-presentacio-del-llibre-i-del-documental-de-mabel-lozano-sobre-la-pornografia-dimecres-que-ve-26-de-maig\/","title":{"rendered":"El Centre de Congressos acollir\u00e0 la presentaci\u00f3 del llibre i del documental de Mabel Lozano sobre la pornografia dimecres que ve, 26 de maig"},"content":{"rendered":"<div class=\"wpb-content-wrapper\"><p>[vc_row el_id=&#8221;SUBTITULAR_NOTICIA&#8221;][vc_column][vc_column_text]<\/p>\n<hr \/>\n<h4>El regidor d&#8217;Igualtat, Mariano Valera, destaca que \u201cl&#8217;Ajuntament d&#8217;Elx t\u00e9 un ferm comprom\u00eds contra la viol\u00e8ncia de g\u00e8nere i el tr\u00e0fic de persones\u201d<\/h4>\n<hr \/>\n<p>[\/vc_column_text][\/vc_column][\/vc_row][vc_row el_id=&#8221;TEXTO_NOTICIA&#8221;][vc_column][vc_column_text]El Centre de Congressos acollir\u00e0 la <strong>presentaci\u00f3 del llibre i del documental de Mabel Lozano sobre la pornografia dimecres<\/strong> que ve, <strong>26 de maig, a les 18 hores<\/strong>. El regidor d&#8217;Igualtat, Mariano Valera, destaca que <strong>\u201cl&#8217;Ajuntament d&#8217;Elx t\u00e9 un ferm comprom\u00eds contra la viol\u00e8ncia de g\u00e8nere i el tr\u00e0fic de persones\u201d<\/strong>. Els interessats poden enviar les seues inscripcions <a href=\"mailto:igualdad@elche.es\">igualdad@elche.es<\/a><\/p>\n<p><strong>El documental\u00a0\u2018Biograf\u00eda del cad\u00e1ver de una mujer\u2019<\/strong> <strong>mostra una de les cares i realitats m\u00e9s violentes del tr\u00e0fic de persones i menors amb finalitats d&#8217;explotaci\u00f3 sexual<\/strong> i ha sigut guardonat amb el Premi Goya 2021 al Millor Curtmetratge Documental. En aquest es mostra una supervivent del tr\u00e0fic amb finalitats d&#8217;explotaci\u00f3 sexual protegida, crivellada a tirs en pres\u00e8ncia del seu fill.<\/p>\n<p>Lozano ha destacat que \u201c<strong>des de l&#8217;any 2000, m\u00e9s de 45 dones han sigut assassinades en situaci\u00f3 de prostituci\u00f3<\/strong>. Cremades vives, apallissades, esquarterades, llan\u00e7ades als runars, dones oblidades. <strong>Amb aquest documental els fem un homenatge<\/strong>, perqu\u00e8 els seus noms no els esborre la hist\u00f2ria\u201d.[\/vc_column_text][\/vc_column][\/vc_row][vc_row el_id=&#8221;DESTACADO_NOTICIA&#8221;][vc_column][vc_column_text el_class=&#8221;cuadronoticia&#8221;]<\/p>\n<h5>\u00a0La creadora del documental \u2018Biograf\u00eda del cad\u00e1ver de una mujer\u2019, Mabel Lozano, ressalta que \u201cdes de l&#8217;any 2000, m\u00e9s de 45 dones han sigut assassinades en situaci\u00f3 de prostituci\u00f3 i amb aquest documental fem un homenatge a totes aquestes, perqu\u00e8 els seus noms no els esborre la hist\u00f2ria\u201d<\/h5>\n<p>[\/vc_column_text][\/vc_column][\/vc_row][vc_row el_id=&#8221;TEXTO_FIN_NOTICIA&#8221;][vc_column][vc_column_text]<strong>En el llibre \u2018PornoXplotaci\u00f3n\u2019 se denuncia el que la pornografia amaga: tracta, explotaci\u00f3, abusos, viol\u00e8ncia i violaci\u00f3 dels Drets Humans. \u201cElaborat gr\u00e0cies a valents i durs testimoniatges reals mai comptats, que parlen de somnis trencats i vides destrossades\u201d<\/strong>, ha indicat Mabel Lozano. A m\u00e9s, ha afirmat que \u201c el llibre \u00e9s una galtada de realitat per als que creuen que la la pornografia \u00e9s aliena a les seues vides\u201d. Mabel Lozano i Pablo J. Conellie han invertit anys d&#8217;investigaci\u00f3 i han bolcat tota la seua experi\u00e8ncia en aquest llibre.<\/p>\n<p><strong>La pornografia \u00e9s un negoci opac i poder\u00f3s que capta dones i xiquetes amb suculentes ofertes econ\u00f2miques per a treballar com a models <em>webcam<\/em>.<\/strong> D&#8217;aquesta manera, s&#8217;explota actrius i actors que acaben devastats per un negoci que pasta fortunes gr\u00e0cies als consumidors, milions d&#8217;internautes cada vegada m\u00e9s joves.[\/vc_column_text][\/vc_column][\/vc_row][vc_row][vc_column][vc_column_text el_class=&#8221;cuadronoticia&#8221;]<\/p>\n<h5>Mabel Lozano, autora del llibre \u2018PornoXplotaci\u00f3n\u2019 afirma que \u201c\u00e9s una galtada de realitat per als qui creuen que la la pornografia \u00e9s aliena a les seues vides\u201d<\/h5>\n<p>[\/vc_column_text][\/vc_column][\/vc_row]<\/p>\n<\/div>","protected":false},"excerpt":{"rendered":"<p>[vc_row el_id=&#8221;SUBTITULAR_NOTICIA&#8221;][vc_column][vc_column_text] El regidor d&#8217;Igualtat, Mariano Valera, destaca que \u201cl&#8217;Ajuntament d&#8217;Elx t\u00e9 un ferm comprom\u00eds contra la viol\u00e8ncia de g\u00e8nere i el tr\u00e0fic de persones\u201d [\/vc_column_text][\/vc_column][\/vc_row][vc_row el_id=&#8221;TEXTO_NOTICIA&#8221;][vc_column][vc_column_text]El Centre de Congressos [&hellip;]<\/p>\n","protected":false},"author":15,"featured_media":147362,"comment_status":"closed","ping_status":"closed","sticky":false,"template":"","format":"standard","meta":{"footnotes":""},"categories":[209,391,1312],"tags":[],"class_list":["post-147335","post","type-post","status-publish","format-standard","has-post-thumbnail","hentry","category-igualtat-va","category-home-va","category-noticias-va"],"_links":{"self":[{"href":"https:\/\/www.elche.es\/va\/wp-json\/wp\/v2\/posts\/147335","targetHints":{"allow":["GET"]}}],"collection":[{"href":"https:\/\/www.elche.es\/va\/wp-json\/wp\/v2\/posts"}],"about":[{"href":"https:\/\/www.elche.es\/va\/wp-json\/wp\/v2\/types\/post"}],"author":[{"embeddable":true,"href":"https:\/\/www.elche.es\/va\/wp-json\/wp\/v2\/users\/15"}],"replies":[{"embeddable":true,"href":"https:\/\/www.elche.es\/va\/wp-json\/wp\/v2\/comments?post=147335"}],"version-history":[{"count":0,"href":"https:\/\/www.elche.es\/va\/wp-json\/wp\/v2\/posts\/147335\/revisions"}],"wp:featuredmedia":[{"embeddable":true,"href":"https:\/\/www.elche.es\/va\/wp-json\/wp\/v2\/media\/147362"}],"wp:attachment":[{"href":"https:\/\/www.elche.es\/va\/wp-json\/wp\/v2\/media?parent=147335"}],"wp:term":[{"taxonomy":"category","embeddable":true,"href":"https:\/\/www.elche.es\/va\/wp-json\/wp\/v2\/categories?post=147335"},{"taxonomy":"post_tag","embeddable":true,"href":"https:\/\/www.elche.es\/va\/wp-json\/wp\/v2\/tags?post=147335"}],"curies":[{"name":"wp","href":"https:\/\/api.w.org\/{rel}","templated":true}]}}