{"id":148081,"date":"2021-05-25T08:53:23","date_gmt":"2021-05-25T07:53:23","guid":{"rendered":"https:\/\/www.elche.es\/2021\/05\/lalcalde-delx-i-la-consellera-dagricultura-recolzen-a-madrid-els-regants-en-defensa-del-transvasament-del-tajo-segura\/"},"modified":"2021-05-26T09:38:09","modified_gmt":"2021-05-26T08:38:09","slug":"lalcalde-delx-i-la-consellera-dagricultura-recolzen-a-madrid-els-regants-en-defensa-del-transvasament-del-tajo-segura","status":"publish","type":"post","link":"https:\/\/www.elche.es\/va\/2021\/05\/lalcalde-delx-i-la-consellera-dagricultura-recolzen-a-madrid-els-regants-en-defensa-del-transvasament-del-tajo-segura\/","title":{"rendered":"L&#8217;alcalde d&#8217;Elx i la consellera d&#8217;Agricultura recolzen a Madrid els regants en defensa del transvasament del Tajo-Segura"},"content":{"rendered":"<div class=\"wpb-content-wrapper\"><p>[vc_row el_id=&#8221;SUBTITULAR_NOTICIA&#8221;][vc_column][vc_column_text]<\/p>\n<hr \/>\n<h4>Carlos Gonz\u00e1lez assegura que el transvasament \u00e9s \u201cirrenunciable\u201d en ser un motor econ\u00f2mic i d&#8217;ocupaci\u00f3 per a la prov\u00edncia<br \/>\nLa consellera d&#8217;Agricultura, Mireia Moll\u00e0, afirma que a la Comunitat Valenciana es fa \u201cun \u00fas racional de l&#8217;aigua\u201d<\/h4>\n<hr \/>\n<p>[\/vc_column_text][\/vc_column][\/vc_row][vc_row el_id=&#8221;TEXTO_NOTICIA&#8221;][vc_column][vc_column_text]<strong>Els agricultors llevantins alcen les seues veus a Madrid davant la decisi\u00f3 del Ministeri de Transici\u00f3 Ecol\u00f2gica de reduir de 38 a 27 hect\u00f2metres c\u00fabics per any l&#8217;aigua del Tajo-Segura<\/strong>, per la qual cosa s&#8217;han concentrat aquest mat\u00ed a les portes de la seu ministerial <strong>en defensa d&#8217;un transvasament que \u00e9s vital per a l&#8217;activitat agr\u00edcola a la Comunitat Valenciana<\/strong>, a la prov\u00edncia d&#8217;Alacant i a comarques com la del Baix Vinalop\u00f3. L&#8217;alcalde d&#8217;Elx, Carlos Gonz\u00e1lez; la consellera d&#8217;Agricultura, Mireia Moll\u00e0; i el secretari auton\u00f2mic d&#8217;Agricultura, Roger Llanes; juntament amb altres alcaldes de la Comunitat, han acompanyat els regants a Madrid per a reivindicar l&#8217;aigua del Tajo-Segura.<\/p>\n<p><strong>\u201cVenim a defensar el transvasament i a donar suport als regants del Camp d\u2019Elx en les seues reivindicacions, perqu\u00e8 el Tajo-Segura \u00e9s essencial per als nostres cultius i \u00e9s un motor de riquesa i d&#8217;ocupaci\u00f3 per a tota la prov\u00edncia\u201d<\/strong>, ha expressat Gonz\u00e1lez, que ha subratllat la import\u00e0ncia d&#8217;estar en la jornada de hui a Madrid al costat dels agricultors, i ha reiterat que, per a Elx, \u201cel transvasament \u00e9s completament irrenunciable\u201d.<\/p>\n<p>Moll\u00e0, per la seua part, ha recalcat que <strong>les pr\u00f2ximes setmanes seran \u201cessencials\u201d<\/strong> en la perviv\u00e8ncia del Tajo-Segura. <strong>\u201cConsistoris com el d&#8217;Elx i el Consell estem amb els regants davant una causa justa<\/strong>, perqu\u00e8 s&#8217;est\u00e0 fent un \u00fas racional de cada gota del transvasament, la necessitat del qual respon no sols al prove\u00efment hum\u00e0, que tamb\u00e9, sin\u00f3 a una activitat estrat\u00e8gica de la nostra terra, l&#8217;agricultura, que igualment ho \u00e9s per al conjunt d&#8217;Espanya i d&#8217;Europa\u201d, ha manifestat <strong>la consellera<\/strong>. A m\u00e9s, <strong>ha valorat com a \u201cimmerescuda\u201d la retallada del cabal<\/strong> quan, durant el confinament, \u201cvan estar a l&#8217;altura subministrat aliments a la Comunitat Valenciana i a la resta del pa\u00eds i del continent\u201d. Ha fet una crida als acords i al di\u00e0leg, per\u00f2 ha matisat\u201chem de ser escoltats i respectats\u201d.[\/vc_column_text][vc_gallery interval=&#8221;3&#8243; images=&#8221;148007,148021,148019,148017,148015,148013,148011&#8243; img_size=&#8221;full&#8221; css=&#8221;.vc_custom_1621864266169{margin-top: 20px !important;}&#8221;][\/vc_column][\/vc_row][vc_row el_id=&#8221;TEXTO_FIN_NOTICIA&#8221;][vc_column][vc_column_text]<strong>El president de Regs de Llevant, Javier Berenguer, que ha encap\u00e7alat l&#8217;expedici\u00f3 il\u00b7licitana en la protesta<\/strong>, ha explicat que ning\u00fa del Ministeri els ha rebut, i que la Subdelegaci\u00f3 de Govern en la capital ha posat traves com bloquejar quasi tots els camions de la caravana que l&#8217;organitzaci\u00f3 pretenia portar d&#8217;IFEMA al Ministeri. <strong>\u201cSom ac\u00ed, una vegada m\u00e9s, per a mostrar al Ministeri el nostre desacord amb aquest canvi de regles i amb l&#8217;augment dels cabals ecol\u00f2gics\u201d<\/strong>, ha subratllat, i recorda que, pr\u00e8viament, \u201cens hem concentrat a ajuntaments, subdelegacions i delegacions de Govern per a insistir en la nostra posici\u00f3 contr\u00e0ria\u201d.<\/p>\n<p>Berenguer ha advertit: <strong>\u201cSi hui ens ignoren, prendrem mesures de major contund\u00e8ncia\u201d<\/strong>. I \u00e9s que, des que Transici\u00f3 Ecol\u00f2gica anunciara la intenci\u00f3 de reduir l&#8217;aigua a transvasar, les mobilitzacions s&#8217;han succe\u00eft. Tamb\u00e9 des de les institucions, perqu\u00e8 l&#8217;Ajuntament d&#8217;Elx i la Generalitat Valenciana han donat suport a les demandes dels regants durant tot aquest temps, amb declaracions que aclarien la posici\u00f3 de les dues administracions. <strong>L&#8217;\u00faltima acci\u00f3 empresa pel consistori il\u00b7licit\u00e0, juntament amb els de Santa Pola i Crevillent, va ser dijous passat en el Sal\u00f3 de Plens, amb la signatura de l&#8217;anomenada \u2018Declaraci\u00f3 del Baix Vinalop\u00f3 en defensa del transvasament Tajo-Segura\u2019.<\/strong><\/p>\n<hr \/>\n<p>[\/vc_column_text][\/vc_column][\/vc_row][vc_row][vc_column width=&#8221;1\/6&#8243;][\/vc_column][vc_column width=&#8221;2\/3&#8243;]<audio class=\"sc_audio\" src=\"https:\/\/soundcloud.com\/ayuntamiento-de-elche\/carlos-gonzalez-8\" width=\"\" height=\"\"><\/audio>[\/vc_column][vc_column width=&#8221;1\/6&#8243;][\/vc_column][\/vc_row][vc_row][vc_column width=&#8221;1\/2&#8243;]<audio class=\"sc_audio\" src=\"https:\/\/soundcloud.com\/ayuntamiento-de-elche\/mireia-molla\" width=\"\" height=\"\"><\/audio>[\/vc_column][vc_column width=&#8221;1\/2&#8243;]<audio class=\"sc_audio\" src=\"https:\/\/soundcloud.com\/ayuntamiento-de-elche\/javier-berenguer\" width=\"\" height=\"\"><\/audio>[\/vc_column][\/vc_row]<\/p>\n<\/div>","protected":false},"excerpt":{"rendered":"<p>[vc_row el_id=&#8221;SUBTITULAR_NOTICIA&#8221;][vc_column][vc_column_text] Carlos Gonz\u00e1lez assegura que el transvasament \u00e9s \u201cirrenunciable\u201d en ser un motor econ\u00f2mic i d&#8217;ocupaci\u00f3 per a la prov\u00edncia La consellera d&#8217;Agricultura, Mireia Moll\u00e0, afirma que a la [&hellip;]<\/p>\n","protected":false},"author":15,"featured_media":147961,"comment_status":"closed","ping_status":"closed","sticky":false,"template":"","format":"standard","meta":{"footnotes":""},"categories":[2247,391,1312],"tags":[],"class_list":["post-148081","post","type-post","status-publish","format-standard","has-post-thumbnail","hentry","category-aguas-va","category-home-va","category-noticias-va"],"_links":{"self":[{"href":"https:\/\/www.elche.es\/va\/wp-json\/wp\/v2\/posts\/148081","targetHints":{"allow":["GET"]}}],"collection":[{"href":"https:\/\/www.elche.es\/va\/wp-json\/wp\/v2\/posts"}],"about":[{"href":"https:\/\/www.elche.es\/va\/wp-json\/wp\/v2\/types\/post"}],"author":[{"embeddable":true,"href":"https:\/\/www.elche.es\/va\/wp-json\/wp\/v2\/users\/15"}],"replies":[{"embeddable":true,"href":"https:\/\/www.elche.es\/va\/wp-json\/wp\/v2\/comments?post=148081"}],"version-history":[{"count":0,"href":"https:\/\/www.elche.es\/va\/wp-json\/wp\/v2\/posts\/148081\/revisions"}],"wp:featuredmedia":[{"embeddable":true,"href":"https:\/\/www.elche.es\/va\/wp-json\/wp\/v2\/media\/147961"}],"wp:attachment":[{"href":"https:\/\/www.elche.es\/va\/wp-json\/wp\/v2\/media?parent=148081"}],"wp:term":[{"taxonomy":"category","embeddable":true,"href":"https:\/\/www.elche.es\/va\/wp-json\/wp\/v2\/categories?post=148081"},{"taxonomy":"post_tag","embeddable":true,"href":"https:\/\/www.elche.es\/va\/wp-json\/wp\/v2\/tags?post=148081"}],"curies":[{"name":"wp","href":"https:\/\/api.w.org\/{rel}","templated":true}]}}