{"id":148529,"date":"2021-05-26T14:27:22","date_gmt":"2021-05-26T13:27:22","guid":{"rendered":"https:\/\/www.elche.es\/2021\/05\/torna-photoclot-el-concurs-fotografic-que-posa-en-valor-la-biodiversitat-del-clot-de-galvany\/"},"modified":"2021-05-27T08:33:46","modified_gmt":"2021-05-27T07:33:46","slug":"torna-photoclot-el-concurs-fotografic-que-posa-en-valor-la-biodiversitat-del-clot-de-galvany","status":"publish","type":"post","link":"https:\/\/www.elche.es\/va\/2021\/05\/torna-photoclot-el-concurs-fotografic-que-posa-en-valor-la-biodiversitat-del-clot-de-galvany\/","title":{"rendered":"Torna &#8220;PhotoClot&#8221;, el concurs fotogr\u00e0fic que posa en valor la biodiversitat del Clot de Galvany"},"content":{"rendered":"<div class=\"wpb-content-wrapper\"><p>[vc_row][vc_column][vc_column_text]<\/p>\n<hr \/>\n<h4>Els interessats a participar hauran d&#8217;enviar un m\u00e0xim de tres instant\u00e0nies, de l&#8217;1 de juny al 30 de setembre a trav\u00e9s de les xarxes socials de l&#8217;espai natural municipal<\/h4>\n<hr \/>\n<h4><\/h4>\n<p>[\/vc_column_text][\/vc_column][\/vc_row][vc_row][vc_column][vc_column_text]Torna &#8220;<strong>PhotoClot&#8221;, el concurs de fotografia que posa en valor el paratge natural municipal del Clot de Galvany<\/strong> \u2014que pertany a la Xarxa Natura 2000 i Zona d&#8217;Especial Protecci\u00f3 per als Ocells (ZEPA)\u2014 de la m\u00e0 de la <strong>Regidoria de Medi Ambient de l&#8217;Ajuntament il\u00b7licit\u00e0 i Aig\u00fces d\u2019Elx.<\/strong> La <strong>regidora de l&#8217;\u00e0rea, Esther D\u00edez; el director-conservador de l&#8217;espai protegit, Juan Carlos Aranda; i el director de planificaci\u00f3 i producci\u00f3 de l&#8217;empresa mixta d&#8217;aig\u00fces, Carlos Peir\u00f3<\/strong>, han presentat la quarta edici\u00f3 del certamen, la tem\u00e0tica del qual, en la convocat\u00f2ria de 2021, <strong>versar\u00e0 sobre \u2018Les dunes i les platges del Clot\u2019<\/strong>.<\/p>\n<p><strong>\u201cQuan parlem del Clot de Galvany tamb\u00e9 ho fem de les platges i de les dunes de l&#8217;Altet, dels Arenals i del Carabass\u00ed\u201d<\/strong>, ha expressat D\u00edez, que ha reiterat la seua import\u00e0ncia per a Elx \u201cen concentrar-se bona part de la diversitat vegetal i animal del terme\u201d. A m\u00e9s, ha valorat com a <strong>reeixida la III edici\u00f3 del concurs, la de 2020, en la qual van participar un total de 128 persones<\/strong> amb unes fotos que protagonitzen una exposici\u00f3 itinerant per les instal\u00b7lacions culturals d&#8217;Elx, que es va inaugurar en el claustre del complex de Sant Josep i, actualment, <strong>es poden visitar al Museu de Pu\u00e7ol fins al 23 de juny<\/strong>.<\/p>\n<p><strong>\u201cL&#8217;objectiu, promoure el Clot i que il\u00b7licitans i il\u00b7licitanes, i visitants, deixen un record mitjan\u00e7ant el concurs i aix\u00ed donar-lo a con\u00e9ixer\u201d<\/strong>, ha explicat Peir\u00f3, que ha insistit en la rellev\u00e0ncia de les platges citades i les seues dunes: \u201cAquesta quarta edici\u00f3 s&#8217;organitza al voltant d&#8217;aquestes perqu\u00e8 s\u00f3n part del parc, i \u00e9s necessari, quan les gaudim, seguir unes normes i tindre una conscienciaci\u00f3 ecol\u00f2gica i ambiental\u201d.[\/vc_column_text][\/vc_column][\/vc_row][vc_row][vc_column][vc_column_text el_class=&#8221;cuadronoticia&#8221;]<\/p>\n<h5>La regidora de Medi ambient, Esther D\u00edez, informa que la tem\u00e0tica d&#8217;aquesta quarta edici\u00f3 versar\u00e0 sobre les platges del Clot, que s\u00f3n l&#8217;Altet,\u00a0 els Arenals del Sol i el Carabass\u00ed<\/h5>\n<p>[\/vc_column_text][\/vc_column][\/vc_row][vc_row][vc_column][vc_column_text]I \u00e9s que, \u201c<strong>quan ens banyem a l&#8217;Altet, als Arenals i al Carabass\u00ed, tamb\u00e9 ho fem al Clot de Galvany, perqu\u00e8 s\u00f3n part integrant de la Xarxa Natura 2000 i de la ZEPA<\/strong>, la qual cosa aporta valor a aquestes platges\u201d, ha postil\u00b7lat Aranda, que ha anunciat que, despr\u00e9s de l&#8217;aturada provocada per la pand\u00e8mia, si la situaci\u00f3 sanit\u00e0ria ho permet, <strong>despr\u00e9s de l&#8217;estiu es reprendran les activitats de cap de setmana<\/strong>: \u201cVisites guiades tematitzades, tallers de manualitats i cursos intensius sobre flora i fauna, repoblacions al novembre amb esp\u00e8cies del viver forestal del Clot\u2026\u201d.<\/p>\n<p>Els interessats a participar en el &#8220;IV PhotoClot&#8221; hauran d&#8217;enviar <strong>un m\u00e0xim de tres instant\u00e0nies del paratge de l&#8217;1 de juny al 30 de setembre a trav\u00e9s de les xarxes socials del Clot<\/strong> (<em>Instagram<\/em>, <em>Facebook<\/em> i <em>Twitter<\/em>), on, aix\u00ed mateix, a m\u00e9s de la web oficial, es podran consultar les bases detallades. <strong>El 13 de desembre de 2021 es coneixeran els guanyadors<\/strong>, que rebran un primer, segon i tercer premi en met\u00e0l\u00b7lic de 625, 250 i 100 euros respectivament, dels quals l&#8217;\u00faltim guardonat es triar\u00e0 per votaci\u00f3 popular.<\/p>\n<p>La regidora, que ha recordat l&#8217;<strong>estreta col\u00b7laboraci\u00f3 amb la Conselleria de Medi Ambient<\/strong>, la qual cosa ha perm\u00e9s introduir noves esp\u00e8cies com exemplars de sarcet marbrenc i recentment de nen\u00fafar blanc \u2014totes dos en perill d&#8217;extinci\u00f3\u2014, i actuacions com la tolla de lim\u00edcoles remodelada per Aig\u00fces d\u2019Elx, <strong>ha convidat la ciutadania a conc\u00f3rrer en el certamen per a continuar aprofundint en la divulgaci\u00f3 i en la salvaguarda del Clot de Galvany<\/strong>.<\/p>\n<hr \/>\n<p>[\/vc_column_text][\/vc_column][\/vc_row][vc_row][vc_column width=&#8221;1\/6&#8243;][\/vc_column][vc_column width=&#8221;2\/3&#8243;]<audio class=\"sc_audio\" src=\"https:\/\/soundcloud.com\/ayuntamiento-de-elche\/esther-diez-photoclot\" width=\"\" height=\"\"><\/audio>[\/vc_column][vc_column width=&#8221;1\/6&#8243;][\/vc_column][\/vc_row]<\/p>\n<\/div>","protected":false},"excerpt":{"rendered":"<p>[vc_row][vc_column][vc_column_text] Els interessats a participar hauran d&#8217;enviar un m\u00e0xim de tres instant\u00e0nies, de l&#8217;1 de juny al 30 de setembre a trav\u00e9s de les xarxes socials de l&#8217;espai natural municipal [&hellip;]<\/p>\n","protected":false},"author":15,"featured_media":148478,"comment_status":"closed","ping_status":"closed","sticky":false,"template":"","format":"standard","meta":{"footnotes":""},"categories":[391,211,1312],"tags":[],"class_list":["post-148529","post","type-post","status-publish","format-standard","has-post-thumbnail","hentry","category-home-va","category-medi-ambient-va","category-noticias-va"],"_links":{"self":[{"href":"https:\/\/www.elche.es\/va\/wp-json\/wp\/v2\/posts\/148529","targetHints":{"allow":["GET"]}}],"collection":[{"href":"https:\/\/www.elche.es\/va\/wp-json\/wp\/v2\/posts"}],"about":[{"href":"https:\/\/www.elche.es\/va\/wp-json\/wp\/v2\/types\/post"}],"author":[{"embeddable":true,"href":"https:\/\/www.elche.es\/va\/wp-json\/wp\/v2\/users\/15"}],"replies":[{"embeddable":true,"href":"https:\/\/www.elche.es\/va\/wp-json\/wp\/v2\/comments?post=148529"}],"version-history":[{"count":0,"href":"https:\/\/www.elche.es\/va\/wp-json\/wp\/v2\/posts\/148529\/revisions"}],"wp:featuredmedia":[{"embeddable":true,"href":"https:\/\/www.elche.es\/va\/wp-json\/wp\/v2\/media\/148478"}],"wp:attachment":[{"href":"https:\/\/www.elche.es\/va\/wp-json\/wp\/v2\/media?parent=148529"}],"wp:term":[{"taxonomy":"category","embeddable":true,"href":"https:\/\/www.elche.es\/va\/wp-json\/wp\/v2\/categories?post=148529"},{"taxonomy":"post_tag","embeddable":true,"href":"https:\/\/www.elche.es\/va\/wp-json\/wp\/v2\/tags?post=148529"}],"curies":[{"name":"wp","href":"https:\/\/api.w.org\/{rel}","templated":true}]}}