{"id":148691,"date":"2021-05-27T13:02:23","date_gmt":"2021-05-27T12:02:23","guid":{"rendered":"https:\/\/www.elche.es\/2021\/05\/la-policia-local-delx-dete-una-dona-per-un-possible-abando-temporal-dun-fill-de-tres-anys\/"},"modified":"2021-05-28T08:59:41","modified_gmt":"2021-05-28T07:59:41","slug":"la-policia-local-delx-dete-una-dona-per-un-possible-abando-temporal-dun-fill-de-tres-anys","status":"publish","type":"post","link":"https:\/\/www.elche.es\/va\/2021\/05\/la-policia-local-delx-dete-una-dona-per-un-possible-abando-temporal-dun-fill-de-tres-anys\/","title":{"rendered":"La Policia Local d&#8217;Elx det\u00e9 una dona per un possible aband\u00f3 temporal d&#8217;un fill de tres anys"},"content":{"rendered":"<div class=\"wpb-content-wrapper\"><p>[vc_row el_id=&#8221;SUBTITULAR_NOTICIA&#8221;][vc_column][vc_column_text]<\/p>\n<hr \/>\n<h4>Un grup de joves va alertar la pres\u00e8ncia d&#8217;un xiquet de poca edat plorant i cridant a l&#8217;interior d&#8217;un local tancat<\/h4>\n<hr \/>\n<p>[\/vc_column_text][\/vc_column][\/vc_row][vc_row el_id=&#8221;TEXTO_NOTICIA&#8221;][vc_column][vc_column_text]<strong>La Policia Local d&#8217;Elx va detindre el passat 20 de maig una dona per un possible aband\u00f3 temporal d&#8217;un fill de tres anys.<\/strong> Sobre les 17.15 hores una UTE (Unitat Territorial) va ser alertada per un grup de joves en els voltants del jard\u00ed 1r de Maig que van escoltar un xiquet molt xicotet que plorava dins d&#8217;un establiment.<\/p>\n<p><strong>Els agents es van dirigir a la porta de l&#8217;establiment i van confirmar la pres\u00e8ncia d&#8217;un menor que estava plorant i cridant de manera nerviosa.<\/strong> Tant la porta de l&#8217;establiment com la persiana d&#8217;alumini es trobaven tancades, i resultava impossible l&#8217;acc\u00e9s al local. Davant aquesta situaci\u00f3 d&#8217;urg\u00e8ncia, la dotaci\u00f3 policial va decidir for\u00e7ar el pany i accedir a l&#8217;interior, i va realitzar una primera inspecci\u00f3 en la qual van confirmar que <strong>el menor es trobava a soles<\/strong>.<\/p>\n<p><strong>Uns minuts despr\u00e9s es va personar una dona, que es va identificar com a mare, que assenyalava que havia eixit a comprar.<\/strong> Es va comprovar que havia abandonat el seu fill una hora abans. De la mateixa manera, es va requerir la seua parella perqu\u00e8 es presentara en el lloc i es fera c\u00e0rrec del xiquet. Es va procedir a la detenci\u00f3 de la dona, de 25 anys, per un possible delicte d&#8217;aband\u00f3 temporal de menor d&#8217;edat.<\/p>\n<hr \/>\n<p>[\/vc_column_text][\/vc_column][\/vc_row]<\/p>\n<\/div>","protected":false},"excerpt":{"rendered":"<p>[vc_row el_id=&#8221;SUBTITULAR_NOTICIA&#8221;][vc_column][vc_column_text] Un grup de joves va alertar la pres\u00e8ncia d&#8217;un xiquet de poca edat plorant i cridant a l&#8217;interior d&#8217;un local tancat [\/vc_column_text][\/vc_column][\/vc_row][vc_row el_id=&#8221;TEXTO_NOTICIA&#8221;][vc_column][vc_column_text]La Policia Local d&#8217;Elx va detindre [&hellip;]<\/p>\n","protected":false},"author":15,"featured_media":29982,"comment_status":"closed","ping_status":"closed","sticky":false,"template":"","format":"standard","meta":{"footnotes":""},"categories":[1312,238],"tags":[],"class_list":["post-148691","post","type-post","status-publish","format-standard","has-post-thumbnail","hentry","category-noticias-va","category-policia-local-va"],"_links":{"self":[{"href":"https:\/\/www.elche.es\/va\/wp-json\/wp\/v2\/posts\/148691","targetHints":{"allow":["GET"]}}],"collection":[{"href":"https:\/\/www.elche.es\/va\/wp-json\/wp\/v2\/posts"}],"about":[{"href":"https:\/\/www.elche.es\/va\/wp-json\/wp\/v2\/types\/post"}],"author":[{"embeddable":true,"href":"https:\/\/www.elche.es\/va\/wp-json\/wp\/v2\/users\/15"}],"replies":[{"embeddable":true,"href":"https:\/\/www.elche.es\/va\/wp-json\/wp\/v2\/comments?post=148691"}],"version-history":[{"count":0,"href":"https:\/\/www.elche.es\/va\/wp-json\/wp\/v2\/posts\/148691\/revisions"}],"wp:featuredmedia":[{"embeddable":true,"href":"https:\/\/www.elche.es\/va\/wp-json\/wp\/v2\/media\/29982"}],"wp:attachment":[{"href":"https:\/\/www.elche.es\/va\/wp-json\/wp\/v2\/media?parent=148691"}],"wp:term":[{"taxonomy":"category","embeddable":true,"href":"https:\/\/www.elche.es\/va\/wp-json\/wp\/v2\/categories?post=148691"},{"taxonomy":"post_tag","embeddable":true,"href":"https:\/\/www.elche.es\/va\/wp-json\/wp\/v2\/tags?post=148691"}],"curies":[{"name":"wp","href":"https:\/\/api.w.org\/{rel}","templated":true}]}}