{"id":149029,"date":"2021-05-31T18:27:31","date_gmt":"2021-05-31T17:27:31","guid":{"rendered":"https:\/\/www.elche.es\/2021\/05\/la-casa-dandalusia-i-lajuntament-organitzen-actes-per-al-proxim-cap-de-setmana-amb-motiu-de-la-festivitat-de-la-verge-del-rocio\/"},"modified":"2021-06-01T08:25:43","modified_gmt":"2021-06-01T07:25:43","slug":"la-casa-dandalusia-i-lajuntament-organitzen-actes-per-al-proxim-cap-de-setmana-amb-motiu-de-la-festivitat-de-la-verge-del-rocio","status":"publish","type":"post","link":"https:\/\/www.elche.es\/va\/2021\/05\/la-casa-dandalusia-i-lajuntament-organitzen-actes-per-al-proxim-cap-de-setmana-amb-motiu-de-la-festivitat-de-la-verge-del-rocio\/","title":{"rendered":"La Casa d&#8217;Andalusia i l&#8217;Ajuntament organitzen actes per al pr\u00f2xim cap de setmana amb motiu de la festivitat de la Verge del Roc\u00edo"},"content":{"rendered":"<div class=\"wpb-content-wrapper\"><p>[vc_row el_id=&#8221;SUBTITULAR_NOTICIA&#8221;][vc_column][vc_column_text]<\/p>\n<hr \/>\n<h4>Hi haur\u00e0 jornades de portes obertes, misses, serenates i actuacions el dies 4, 5 i 6 de juny<\/h4>\n<hr \/>\n<p>[\/vc_column_text][\/vc_column][\/vc_row][vc_row el_id=&#8221;TEXTO_FIN_NOTICIA&#8221;][vc_column][vc_column_text]<strong>La Casa d&#8217;Andalusia i l&#8217;Ajuntament organitzen actes per al pr\u00f2xim cap de setmana<\/strong> amb motiu de la festivitat de la Verge del Roc\u00edo. <strong>Hi haur\u00e0 jornades de portes obertes, misses, serenates i actuacions els dies 4, 5 i 6 de juny.<\/strong><\/p>\n<p><strong>El divendres 4 de juny<\/strong> se celebrar\u00e0 una jornada de portes obertes, i el mateix dia, entre les 17 i les 20 hores, s&#8217;entregaran els premis del Concurs de Creus.<\/p>\n<p><strong>El dissabte 5 de juny a les 20 hores hi haur\u00e0 una missa <em>rociera<\/em> a l&#8217;esgl\u00e9sia del Sagrat Cor de Jes\u00fas.<\/strong><\/p>\n<p><strong>El dissabte 6 de juny a les 10 hores l&#8217;hort de Baix acollir\u00e0 una serenata presentada per Sacramento Alvear<\/strong>, que comptar\u00e0 amb les actuacions de:<\/p>\n<p>\u00b7 Cor <em>rociero<\/em> Gramaseca.<\/p>\n<p>\u00b7 Grup de ball de la comunitat andalusa \u2018<em>Queens of Moles<\/em>\u2019.<\/p>\n<p>\u00b7 Gero i Fran: Fusi\u00f3 Flamenca.<\/p>\n<p>\u00b7 Grup de ball de la comunitat andalusa: \u2018Los Tacones de mi vecina\u2019.<\/p>\n<p>\u00b7 Grup <em>rociero<\/em>: Fran i Maite.<\/p>\n<p><strong>La regidora de Festes, Mariola Galiana, ha manifestat la seua gratitud a la comunitat andalusa<\/strong> per l&#8217;esfor\u00e7 que estan realitzant per a continuar programant activitats i els ha traslladat el m\u00e0xim suport municipal per a les iniciatives que es desenvoluparan en commemoraci\u00f3 de la festivitat de la Verge del Roc\u00edo.<\/p>\n<hr \/>\n<p>[\/vc_column_text][\/vc_column][\/vc_row][vc_row][vc_column][vc_single_image image=&#8221;149010&#8243; img_size=&#8221;full&#8221; onclick=&#8221;link_image&#8221;][\/vc_column][\/vc_row]<\/p>\n<\/div>","protected":false},"excerpt":{"rendered":"<p>[vc_row el_id=&#8221;SUBTITULAR_NOTICIA&#8221;][vc_column][vc_column_text] Hi haur\u00e0 jornades de portes obertes, misses, serenates i actuacions el dies 4, 5 i 6 de juny [\/vc_column_text][\/vc_column][\/vc_row][vc_row el_id=&#8221;TEXTO_FIN_NOTICIA&#8221;][vc_column][vc_column_text]La Casa d&#8217;Andalusia i l&#8217;Ajuntament organitzen actes per al [&hellip;]<\/p>\n","protected":false},"author":15,"featured_media":149009,"comment_status":"closed","ping_status":"closed","sticky":false,"template":"","format":"standard","meta":{"footnotes":""},"categories":[191,391,1312],"tags":[],"class_list":["post-149029","post","type-post","status-publish","format-standard","has-post-thumbnail","hentry","category-festes-va","category-home-va","category-noticias-va"],"_links":{"self":[{"href":"https:\/\/www.elche.es\/va\/wp-json\/wp\/v2\/posts\/149029","targetHints":{"allow":["GET"]}}],"collection":[{"href":"https:\/\/www.elche.es\/va\/wp-json\/wp\/v2\/posts"}],"about":[{"href":"https:\/\/www.elche.es\/va\/wp-json\/wp\/v2\/types\/post"}],"author":[{"embeddable":true,"href":"https:\/\/www.elche.es\/va\/wp-json\/wp\/v2\/users\/15"}],"replies":[{"embeddable":true,"href":"https:\/\/www.elche.es\/va\/wp-json\/wp\/v2\/comments?post=149029"}],"version-history":[{"count":0,"href":"https:\/\/www.elche.es\/va\/wp-json\/wp\/v2\/posts\/149029\/revisions"}],"wp:featuredmedia":[{"embeddable":true,"href":"https:\/\/www.elche.es\/va\/wp-json\/wp\/v2\/media\/149009"}],"wp:attachment":[{"href":"https:\/\/www.elche.es\/va\/wp-json\/wp\/v2\/media?parent=149029"}],"wp:term":[{"taxonomy":"category","embeddable":true,"href":"https:\/\/www.elche.es\/va\/wp-json\/wp\/v2\/categories?post=149029"},{"taxonomy":"post_tag","embeddable":true,"href":"https:\/\/www.elche.es\/va\/wp-json\/wp\/v2\/tags?post=149029"}],"curies":[{"name":"wp","href":"https:\/\/api.w.org\/{rel}","templated":true}]}}