{"id":151483,"date":"2021-06-18T08:18:48","date_gmt":"2021-06-18T07:18:48","guid":{"rendered":"https:\/\/www.elche.es\/2021\/06\/lajuntament-exigira-al-ministeri-de-foment-al-costat-d11-entitats-del-municipi-lesmena-del-carril-bici-en-lencreuament-de-la-via-parc-i-lel-20\/"},"modified":"2021-06-18T08:18:49","modified_gmt":"2021-06-18T07:18:49","slug":"lajuntament-exigira-al-ministeri-de-foment-al-costat-d11-entitats-del-municipi-lesmena-del-carril-bici-en-lencreuament-de-la-via-parc-i-lel-20","status":"publish","type":"post","link":"https:\/\/www.elche.es\/va\/2021\/06\/lajuntament-exigira-al-ministeri-de-foment-al-costat-d11-entitats-del-municipi-lesmena-del-carril-bici-en-lencreuament-de-la-via-parc-i-lel-20\/","title":{"rendered":"L&#8217;Ajuntament exigir\u00e0 al Ministeri de Foment, al costat d&#8217;11 entitats del municipi, l&#8217;esmena del carril bici en l&#8217;encreuament de la Via Parc i l&#8217;EL-20"},"content":{"rendered":"<div class=\"wpb-content-wrapper\"><p>[vc_row el_id=&#8221;SUBTITULAR_NOTICIA&#8221;][vc_column][vc_column_text]<\/p>\n<hr \/>\n<h4>L&#8217;edil de Mobilitat Sostenible, Esther D\u00edez, lamenta que \u201cl&#8217;Equip de Govern est\u00e0 reclamant la reparaci\u00f3 d&#8217;aquesta infraestructura des de fa anys\u201d<\/h4>\n<hr \/>\n<p>[\/vc_column_text][\/vc_column][\/vc_row][vc_row el_id=&#8221;TEXTO_NOTICIA&#8221;][vc_column][vc_column_text]La regidora de Mobilitat Sostenible, Esther D\u00edez, acompanyada pel vicerector d&#8217;Infraestructures de la Universitat Miguel Hern\u00e1ndez (UMH), Pedro Vicente Quiles, ha informat que la Regidoria que dirigeix elevar\u00e0 dem\u00e0 a la Junta de Govern Local l&#8217;adhesi\u00f3 a la carta que recentment han redactat 11 entitats del municipi per a exigir al Ministeri de Foment que complete el carril bici de la Via Parc, el qual va quedar suprimit en l&#8217;encreuament amb l&#8217;EL-20, \u201cla qual cosa suposa un punt negre per al tr\u00e0nsit ciclista i per als vianants\u201d, ha dit D\u00edez.<\/p>\n<p>\u201cL&#8217;Equip de Govern est\u00e0 reclamant la reparaci\u00f3 d&#8217;aquesta infraestructura des de fa anys\u201d, ha lamentat la regidora, que ha subratllat que el consistori ha unit forces amb altres organitzacions \u201cper a traslladar la reclamaci\u00f3 al Ministeri i que aquest oferisca una soluci\u00f3 de manera urgent\u201d. \u201cAbans de la intervenci\u00f3 ministerial amb la construcci\u00f3 de la connexi\u00f3 amb l&#8217;autovia\u201d, ha explicat, \u201cel carril bici ja existia\u201d, per la qual cosa fa responsable al Ministeri de Foment \u201cde reposar-lo per a garantir la viabilitat d&#8217;una de les infraestructures ciclistes m\u00e9s usades del municipi\u201d.[\/vc_column_text][\/vc_column][\/vc_row][vc_row el_id=&#8221;DESTACADO_NOTICIA&#8221;][vc_column][vc_column_text el_class=&#8221;cuadronoticia&#8221;]<\/p>\n<h5>La Regidoria de Mobilitat Sostenible construir\u00e0, en dues fases, deu noves estacions de Bicielx en 2021 m\u00e9s una que finan\u00e7ar\u00e0 \u00edntegrament la UMH<\/h5>\n<p>[\/vc_column_text][\/vc_column][\/vc_row][vc_row][vc_column][vc_column_text]Existeix const\u00e0ncia de plans de construcci\u00f3 d&#8217;una passarel\u00b7la que garantisca, amb seguretat, el pas ciclista i per als vianants. Encara que com ha apuntat Esther D\u00edez, \u201c\u00e9s el Ministeri qui ha de posar el projecte sobre la taula, per\u00f2 volem el comprom\u00eds que la infraestructura siga una realitat al m\u00e9s prompte possible\u201d.<\/p>\n<p>L&#8217;Ajuntament, previsiblement, aprovar\u00e0 dem\u00e0 sumar-se al text ja subscrit per l&#8217;Entitat Urban\u00edstica i de Conservaci\u00f3 d&#8217;Elx Parc Empresarial, Jovempa Elx i Comarca, Elx Pensa, Margall\u00f3 Ecologistes en Acci\u00f3 d\u2019Elx, AVECAL, AEC, AESEC, CEDELCO, CCOO i UGT.[\/vc_column_text][\/vc_column][\/vc_row][vc_row][vc_column][vc_column_text css=&#8221;.vc_custom_1623934922687{margin-top: 25px !important;margin-bottom: 25px !important;}&#8221;]<\/p>\n<h5>Aposta cont\u00ednua per la bicicleta<\/h5>\n<p>[\/vc_column_text][\/vc_column][\/vc_row][vc_row el_id=&#8221;TEXTO_FIN_NOTICIA&#8221;][vc_column][vc_column_text]Aix\u00ed mateix, D\u00edez ha informat que el servei p\u00fablic de pr\u00e9stec de bicicletes guanyar\u00e0 deu noves estacions l&#8217;any 2021 que s&#8217;instal\u00b7laran en dues fases. La inversi\u00f3 per a la primera fase ascendir\u00e0 a 44.624 euros m\u00e9s una estaci\u00f3 que finan\u00e7ar\u00e0 \u00edntegrament la UMH a l&#8217;entorn de la piscina del campus d&#8217;Elx, en una aposta decidida per la mobilitat sostenible de la instituci\u00f3 acad\u00e8mica que ha celebrat l&#8217;edil, i que se sumar\u00e0 a les dues estacions de l&#8217;\u00e0rea, concretament a la del Palau dels Esports i a la de l&#8217;EOI.<\/p>\n<p>D\u00edez, que ha recordat que en l&#8217;anterior legislatura es van construir 11 noves estacions, ha detallat que, per a la citada primera fase, la Regidoria les situar\u00e0 en l&#8217;edifici del rectorat de la UMH, a l&#8217;entorn del col\u00b7legi Verge de l&#8217;Assumpci\u00f3, en les avingudes de les Corts Valencianes i tamb\u00e9 d&#8217;Alacant \u2014a l&#8217;altura del n\u00famero 59\u2014, i en l&#8217;encreuament dels carrers Filet de Fora i Borreguet.<\/p>\n<p>\u201cLa nostra responsabilitat com a Govern local \u00e9s propiciar canvis modals en el transport i fomentar la mobilitat ciclista i sostenible\u201d, ha recalcat la responsable municipal, que ha esmentat el desenvolupament de vies ciclistes i de Bicielx com a estrat\u00e8gies per a aconseguir-ho. \u201cEns estem jugant la salut del ve\u00efnat\u201d, ha advertit, en refer\u00e8ncia a les part\u00edcules nocives que desprenen els escapaments dels vehicles de combusti\u00f3, i ha indicat que l&#8217;estudi sobre la qualitat de l&#8217;aire presentat la setmana passada, malgrat el factor COVID-19, ja demostra l&#8217;impacte positiu de les pol\u00edtiques de mobilitat verda i neta empreses per l&#8217;Ajuntament.<\/p>\n<hr \/>\n<p>[\/vc_column_text][\/vc_column][\/vc_row][vc_row][vc_column width=&#8221;1\/6&#8243;][\/vc_column][vc_column width=&#8221;2\/3&#8243;]<audio class=\"sc_audio\" src=\"https:\/\/soundcloud.com\/ayuntamiento-de-elche\/esther-diez-718732341\" width=\"\" height=\"\"><\/audio>[\/vc_column][vc_column width=&#8221;1\/6&#8243;][\/vc_column][\/vc_row]<\/p>\n<\/div>","protected":false},"excerpt":{"rendered":"<p>[vc_row el_id=&#8221;SUBTITULAR_NOTICIA&#8221;][vc_column][vc_column_text] L&#8217;edil de Mobilitat Sostenible, Esther D\u00edez, lamenta que \u201cl&#8217;Equip de Govern est\u00e0 reclamant la reparaci\u00f3 d&#8217;aquesta infraestructura des de fa anys\u201d [\/vc_column_text][\/vc_column][\/vc_row][vc_row el_id=&#8221;TEXTO_NOTICIA&#8221;][vc_column][vc_column_text]La regidora de Mobilitat Sostenible, Esther [&hellip;]<\/p>\n","protected":false},"author":131,"featured_media":151415,"comment_status":"closed","ping_status":"closed","sticky":false,"template":"","format":"standard","meta":{"footnotes":""},"categories":[391,217,1312],"tags":[],"class_list":["post-151483","post","type-post","status-publish","format-standard","has-post-thumbnail","hentry","category-home-va","category-mobilitat","category-noticias-va"],"_links":{"self":[{"href":"https:\/\/www.elche.es\/va\/wp-json\/wp\/v2\/posts\/151483","targetHints":{"allow":["GET"]}}],"collection":[{"href":"https:\/\/www.elche.es\/va\/wp-json\/wp\/v2\/posts"}],"about":[{"href":"https:\/\/www.elche.es\/va\/wp-json\/wp\/v2\/types\/post"}],"author":[{"embeddable":true,"href":"https:\/\/www.elche.es\/va\/wp-json\/wp\/v2\/users\/131"}],"replies":[{"embeddable":true,"href":"https:\/\/www.elche.es\/va\/wp-json\/wp\/v2\/comments?post=151483"}],"version-history":[{"count":0,"href":"https:\/\/www.elche.es\/va\/wp-json\/wp\/v2\/posts\/151483\/revisions"}],"wp:featuredmedia":[{"embeddable":true,"href":"https:\/\/www.elche.es\/va\/wp-json\/wp\/v2\/media\/151415"}],"wp:attachment":[{"href":"https:\/\/www.elche.es\/va\/wp-json\/wp\/v2\/media?parent=151483"}],"wp:term":[{"taxonomy":"category","embeddable":true,"href":"https:\/\/www.elche.es\/va\/wp-json\/wp\/v2\/categories?post=151483"},{"taxonomy":"post_tag","embeddable":true,"href":"https:\/\/www.elche.es\/va\/wp-json\/wp\/v2\/tags?post=151483"}],"curies":[{"name":"wp","href":"https:\/\/api.w.org\/{rel}","templated":true}]}}