{"id":15151,"date":"2017-03-01T09:00:43","date_gmt":"2017-03-01T08:00:43","guid":{"rendered":"http:\/\/www.elche.es\/va\/2017\/03\/marzo-la-mujer-en-los-primeros-documentos-del-ahme\/"},"modified":"2018-08-07T08:03:55","modified_gmt":"2018-08-07T07:03:55","slug":"marzo-la-mujer-en-los-primeros-documentos-del-ahme","status":"publish","type":"post","link":"https:\/\/www.elche.es\/va\/2017\/03\/marzo-la-mujer-en-los-primeros-documentos-del-ahme\/","title":{"rendered":"Mar\u00e7: La dona en els primers documents de l&#8217;AHME"},"content":{"rendered":"<div class=\"wpb-content-wrapper\"><p>[vc_row][vc_column][\/vc_column][vc_column_text]La classe de documentaci\u00f3 que es guarda en un arxiu municipal com \u00e9s el nostre, que ha sigut generada per la gesti\u00f3 del Consell per a regular la vida de la comunitat, no d\u00f3na molta informaci\u00f3 sobre la vida privada de les persones. I si parlem de col\u00b7lectius que no tingueren pres\u00e8ncia en la vida p\u00fablica, com s\u00f3n les dones, esta informaci\u00f3 \u00e9s encara m\u00e9s escassa. Per\u00f2 a\u00e7\u00f2 no significa que no hi haja dades sobre este grup; al contrari, si tornem a llegir m\u00e9s detalladament els documents municipals \u2013 actes municipals, comptes, vendes, etc.- ens van apareixent xicotetes pinzellades de les dones il\u00b7licitanes de l\u2019Edat Mitjana. Com este mes de mar\u00e7 se celebra el Dia de la Dona Treballadora, l\u2019AHME ha decidit dedicar el document del mes a la pres\u00e8ncia de la dona en els primers documents d\u2019arxiu.[\/vc_column_text][\/vc_row][vc_row][vc_column][vc_images_carousel images=&#8221;14903,14905,14907,14909,14911,14913,14915,14917&#8243; img_size=&#8221;large&#8221; autoplay=&#8221;yes&#8221; hide_pagination_control=&#8221;yes&#8221;][\/vc_column][\/vc_row][vc_row][vc_column][vc_column_text]En el <em>Codex<\/em> o <em>Llibre de Privilegis<\/em> apareixen, en un document de 1305, els noms m\u00e9s antics de dones: <em>dona Beatriz, muller que fu d\u2019En Johan Breto<\/em>; <em>dona Mayor, muller que fu d\u2019En Johan Peres d\u2019Exea<\/em> i <em>dona Guillerma, muller que fu d\u2019En Martin Lops<\/em>; amb altres <em>bons omes<\/em> d\u2019Elx, en representaci\u00f3 dels seus marits morts. Com podem apreciar en estos casos, la dona es torna visible en el moment en qu\u00e8 enviuden i queden al front de la unitat familiar. Aix\u00ed, per exemple, en els llibres de rendes de la reina Joana[1] ens trobem amb altres viudes que han de pagar els impostos: la muller de Johan de Malla, notari, per l\u2019arrendament del ter\u00e7 del delme del vi; les viudes de Miguel Cornell\u00e0, la de Malla i la d\u2019Antoni Blasco, per una \u201ccavalleria\u201d; la viuda de Manuel Garc\u00eda, per una \u201cpeonia\u201d; i la muller de Bertomeu Cayada per uns censals sobre unes cases. Tamb\u00e9 apareix na Berthameua, propiet\u00e0ria d\u2019una taula de carnisseria.<br \/>\nVeem en estos exemples com les dones apareixen registrades de diferent forma en la documentaci\u00f3: amb el seu nom de bateig i el del seu marit mort, o simplement com a \u201cmuller de\u2026\u201d. Per\u00f2 hi ha tamb\u00e9 altres formes. En un llistat que apareix en les actes municipals de posse\u00efdors de forment al novembre de 1400 ens trobem amb: la muller de Pere de Lillo, la muller de Garc\u00eda, la mare de Joan Tar\u00ed, la mare de Pere Ferrers\u2026 Per\u00f2 tamb\u00e9 dona Maria, muller que fon de Johan [\u2026]; i dona Diega[2]. I \u00e9s que no podem pensar que la dona f\u00f3ra un col\u00b7lectiu uniforme.<br \/>\nEn els nivells superiors de l\u2019escala social, trobar\u00edem les dones pertanyents a les fam\u00edlies de l\u2019oligarquia local, propiet\u00e0ries de terres. Tenim com a exemple Maria Ferrandes de Bustaman, que ven, amb el seu marit que actua com al seu procurador, un pati de cases al Consell en 1298[3]; o Pere Granyana i la seua muller Guillamona, que li ven tamb\u00e9 cinc pams de terra en l\u2019Hort del Real en 1395[4]. Per contra, en el nivell m\u00e9s baix, estarien las prostitutes, de les quals es t\u00e9 m\u00e9s informaci\u00f3 ja que el Consell era l\u2019encarregat de la gesti\u00f3 del bordell, com queda reflectit en una acta de l\u2019any 1371, en la qual disposava que es destinara un carrer o lloc apartat on les prostitutes \u201c<em>estien e abiten, com no sia rahonable que sien consentides lla on abites bones dones<\/em>\u201d[5].<br \/>\nEntre els dos extrems, estaria una gran majoria de dones que treballarien en les faenes dom\u00e8stiques, al costat dels seus marit en tallers -com el sabater Lope Despuig i la seua muller[6], i incl\u00fas en altres faenes fora de la casa. Aix\u00ed tenim registrada l\u2019exist\u00e8ncia d\u2019hostaleres ja que en 1381 es fa refer\u00e8ncia al ostal de la muller de Llorens Bonmat\u00ed[7]. M\u00e9s conegut \u00e9s el cas de Catalina, a la qual el Consell pag\u00e0 30 sous al juliol de 1400 per agranar la pla\u00e7a[8]. Tot i que tenim const\u00e0ncia que tamb\u00e9 en 1442 era una dona la que agranava i regava la llotja en els dies anteriors al dies festius i tots els dissabtes[9], esta faena fon realitzada en altres ocasions per h\u00f2mens.<br \/>\nTamb\u00e9 fon usual que les dones es dedicaren a treballs relacionats amb la sanitat i benefic\u00e8ncia, com ara Joan Ferrando i muller[10] que es trobaven en 1426 al front de l\u2019hospital; o Na Yolant, que reb\u00e9 un salari del Consell per curar bra\u00e7os i cames trencats, ja que no rebia cap estipendi per part dels ve\u00efns[11]. Tamb\u00e9 cobraren les dones encarregades de criar i donar el pit als xiquets exp\u00f2sits, com ocorregu\u00e9 en l\u2019any 1487 en que es pag\u00e0 a Mateu Maci\u00e0 per las tres setmanes que la seua muller don\u00e0 el pit a una xiqueta trobada a la porta d\u2019una casa[12].<br \/>\nTotes estes dades han sigut extretes de la documentaci\u00f3 municipal, encara que hi ha altres fons de l\u2019arxiu, principalment els protocols notarials, que recullen actes de la vida privada de les dones \u2013 testaments, cartes dotals, etc,..- que permetrien completar la imatge de la dona il\u00b7licitana en l\u2019Edat Mitjana.<br \/>\n[1]AHME, sign.480\/21.<br \/>\n[2] AHME, sign. a2, acta 12-11-1400 .<br \/>\n[3]AHME, Codex, sign b337.<br \/>\n[4]AHME, sign. PN 9.<br \/>\n[5] AHME, sign. a1, acta 10-4-1371, 66 v.<br \/>\n[6]AHME, sign b 339, p. 46.<br \/>\n[7]AHME, sign. a1, acta del 23-11-1381.<br \/>\n[8] AHME, a2, p 20.<br \/>\n[9] AHME, sign. a 12, acta del 2-7-1442<br \/>\n[10]AHME, sign. a6, p. 87.<br \/>\n[11] AHME, sign. a 15, acta del 8-5-1457.<br \/>\n[12] AHHE, sign. a18, acta del 30 de mar\u00e7 de 1487[\/vc_column_text][\/vc_column][\/vc_row]<\/p>\n<\/div>","protected":false},"excerpt":{"rendered":"<p>[vc_row][vc_column][\/vc_column][vc_column_text]La classe de documentaci\u00f3 que es guarda en un arxiu municipal com \u00e9s el nostre, que ha sigut generada per la gesti\u00f3 del Consell per a regular la vida de [&hellip;]<\/p>\n","protected":false},"author":131,"featured_media":66600,"comment_status":"closed","ping_status":"closed","sticky":false,"template":"","format":"standard","meta":{"footnotes":""},"categories":[192,193],"tags":[450,728,482],"class_list":["post-15151","post","type-post","status-publish","format-standard","has-post-thumbnail","hentry","category-arxiu","category-cultura-va","tag-ahme-va","tag-historia-va","tag-mujer-va"],"_links":{"self":[{"href":"https:\/\/www.elche.es\/va\/wp-json\/wp\/v2\/posts\/15151","targetHints":{"allow":["GET"]}}],"collection":[{"href":"https:\/\/www.elche.es\/va\/wp-json\/wp\/v2\/posts"}],"about":[{"href":"https:\/\/www.elche.es\/va\/wp-json\/wp\/v2\/types\/post"}],"author":[{"embeddable":true,"href":"https:\/\/www.elche.es\/va\/wp-json\/wp\/v2\/users\/131"}],"replies":[{"embeddable":true,"href":"https:\/\/www.elche.es\/va\/wp-json\/wp\/v2\/comments?post=15151"}],"version-history":[{"count":0,"href":"https:\/\/www.elche.es\/va\/wp-json\/wp\/v2\/posts\/15151\/revisions"}],"wp:featuredmedia":[{"embeddable":true,"href":"https:\/\/www.elche.es\/va\/wp-json\/wp\/v2\/media\/66600"}],"wp:attachment":[{"href":"https:\/\/www.elche.es\/va\/wp-json\/wp\/v2\/media?parent=15151"}],"wp:term":[{"taxonomy":"category","embeddable":true,"href":"https:\/\/www.elche.es\/va\/wp-json\/wp\/v2\/categories?post=15151"},{"taxonomy":"post_tag","embeddable":true,"href":"https:\/\/www.elche.es\/va\/wp-json\/wp\/v2\/tags?post=15151"}],"curies":[{"name":"wp","href":"https:\/\/api.w.org\/{rel}","templated":true}]}}