{"id":151762,"date":"2021-06-21T08:49:16","date_gmt":"2021-06-21T07:49:16","guid":{"rendered":"https:\/\/www.elche.es\/2021\/06\/lajuntament-delx-i-la-diputacio-dalacant-analitzaran-en-una-comissio-tecnica-mesures-compensatories-per-la-implantacio-de-la-planta-de-residus\/"},"modified":"2021-06-21T08:49:17","modified_gmt":"2021-06-21T07:49:17","slug":"lajuntament-delx-i-la-diputacio-dalacant-analitzaran-en-una-comissio-tecnica-mesures-compensatories-per-la-implantacio-de-la-planta-de-residus","status":"publish","type":"post","link":"https:\/\/www.elche.es\/va\/2021\/06\/lajuntament-delx-i-la-diputacio-dalacant-analitzaran-en-una-comissio-tecnica-mesures-compensatories-per-la-implantacio-de-la-planta-de-residus\/","title":{"rendered":"L&#8217;Ajuntament d&#8217;Elx i la Diputaci\u00f3 d&#8217;Alacant analitzaran en una comissi\u00f3 t\u00e8cnica mesures compensat\u00f2ries per la implantaci\u00f3 de la planta de residus"},"content":{"rendered":"<div class=\"wpb-content-wrapper\"><p>[vc_row el_id=&#8221;SUBTITULAR_NOTICIA&#8221;][vc_column][vc_column_text]<\/p>\n<hr \/>\n<h4>El regidor de Neteja, H\u00e9ctor D\u00edez, plantejar\u00e0 inversions econ\u00f2miques entorn al paratge d&#8217;Els Cremats per a la reforestaci\u00f3, aix\u00ed com la cerca de solucions que mitiguen l&#8217;impacte que pateix el ve\u00efnat i les mesures de conscienciaci\u00f3<\/h4>\n<hr \/>\n<p>[\/vc_column_text][\/vc_column][\/vc_row][vc_row el_id=&#8221;TEXTO_FIN_NOTICIA&#8221;][vc_column][vc_column_text]L&#8217;Ajuntament d&#8217;Elx i la Diputaci\u00f3 d&#8217;Alacant han convocat per a l&#8217;\u00faltima setmana d&#8217;aquest mes de juny una comissi\u00f3 t\u00e8cnica amb la finalitat d&#8217;analitzar mesures compensat\u00f2ries per la implantaci\u00f3 de la planta de residus en Els Cremats. Segons ha explicat el regidor de Neteja, H\u00e9ctor D\u00edez, es tracta d&#8217;una taula de treball en la qual participaran t\u00e8cnics del Consorci de Residus, t\u00e8cnics de l&#8217;Ajuntament i d&#8217;aquells municipis que els integren.<\/p>\n<p>L&#8217;edil ha assenyalat que \u201c\u00e9s una molt bona not\u00edcia que la Diputaci\u00f3 s&#8217;\u00f2briga a parlar d&#8217;aquesta q\u00fcesti\u00f3 ja que tots els municipis de la prov\u00edncia d&#8217;Alacant que alberguen una planta de residus reben compensacions com \u00e9s el cas de Xixona, Villena, El Campello o Dolores\u201d.<\/p>\n<p>D\u00edez ha explicat que \u201cla finalitat \u00e9s buscar f\u00f3rmules que afavorisquen aquesta compensaci\u00f3 pel fet que Elx porta 20 anys albergant aquesta planta de fems pagant exactament el mateix que la resta de ciutats del consorci\u201d. Aix\u00ed mateix, ha indicat que aquestes mesures no han de ser necess\u00e0riament la reducci\u00f3 de les taxes que Elx paga pels residus perqu\u00e8 entenen que els altres municipis del consorci tenen menys pes poblacional.<\/p>\n<p>A m\u00e9s, el regidor ha avan\u00e7at que se li plantejar\u00e0 a la Diputaci\u00f3 abordar inversions econ\u00f2miques entorn al paratge d&#8217;Els Cremats per a la reforestaci\u00f3 i prendre mesures que mitiguen l&#8217;impacte que pateix el ve\u00efnat o impulsar mesures de conscienciaci\u00f3.<\/p>\n<hr \/>\n<p>[\/vc_column_text][\/vc_column][\/vc_row][vc_row][vc_column width=&#8221;1\/6&#8243;][\/vc_column][vc_column width=&#8221;2\/3&#8243;]<audio class=\"sc_audio\" src=\"https:\/\/soundcloud.com\/ayuntamiento-de-elche\/hector-diez-portavoz-de-la-junta-de-gobierno-8\" width=\"\" height=\"\"><\/audio>[\/vc_column][vc_column width=&#8221;1\/6&#8243;][\/vc_column][\/vc_row]<\/p>\n<\/div>","protected":false},"excerpt":{"rendered":"<p>[vc_row el_id=&#8221;SUBTITULAR_NOTICIA&#8221;][vc_column][vc_column_text] El regidor de Neteja, H\u00e9ctor D\u00edez, plantejar\u00e0 inversions econ\u00f2miques entorn al paratge d&#8217;Els Cremats per a la reforestaci\u00f3, aix\u00ed com la cerca de solucions que mitiguen l&#8217;impacte que [&hellip;]<\/p>\n","protected":false},"author":131,"featured_media":151584,"comment_status":"closed","ping_status":"closed","sticky":false,"template":"","format":"standard","meta":{"footnotes":""},"categories":[391,680,1312],"tags":[],"class_list":["post-151762","post","type-post","status-publish","format-standard","has-post-thumbnail","hentry","category-home-va","category-mantenimiento-va","category-noticias-va"],"_links":{"self":[{"href":"https:\/\/www.elche.es\/va\/wp-json\/wp\/v2\/posts\/151762","targetHints":{"allow":["GET"]}}],"collection":[{"href":"https:\/\/www.elche.es\/va\/wp-json\/wp\/v2\/posts"}],"about":[{"href":"https:\/\/www.elche.es\/va\/wp-json\/wp\/v2\/types\/post"}],"author":[{"embeddable":true,"href":"https:\/\/www.elche.es\/va\/wp-json\/wp\/v2\/users\/131"}],"replies":[{"embeddable":true,"href":"https:\/\/www.elche.es\/va\/wp-json\/wp\/v2\/comments?post=151762"}],"version-history":[{"count":0,"href":"https:\/\/www.elche.es\/va\/wp-json\/wp\/v2\/posts\/151762\/revisions"}],"wp:featuredmedia":[{"embeddable":true,"href":"https:\/\/www.elche.es\/va\/wp-json\/wp\/v2\/media\/151584"}],"wp:attachment":[{"href":"https:\/\/www.elche.es\/va\/wp-json\/wp\/v2\/media?parent=151762"}],"wp:term":[{"taxonomy":"category","embeddable":true,"href":"https:\/\/www.elche.es\/va\/wp-json\/wp\/v2\/categories?post=151762"},{"taxonomy":"post_tag","embeddable":true,"href":"https:\/\/www.elche.es\/va\/wp-json\/wp\/v2\/tags?post=151762"}],"curies":[{"name":"wp","href":"https:\/\/api.w.org\/{rel}","templated":true}]}}