{"id":151765,"date":"2021-06-21T09:05:55","date_gmt":"2021-06-21T08:05:55","guid":{"rendered":"https:\/\/www.elche.es\/2021\/06\/la-regidoria-de-sanitat-organitza-una-exposicio-la-lectura-dun-manifest-i-la-projeccio-dun-curtmetratge-amb-motiu-del-dia-mundial-contra-lela\/"},"modified":"2021-06-21T09:05:56","modified_gmt":"2021-06-21T08:05:56","slug":"la-regidoria-de-sanitat-organitza-una-exposicio-la-lectura-dun-manifest-i-la-projeccio-dun-curtmetratge-amb-motiu-del-dia-mundial-contra-lela","status":"publish","type":"post","link":"https:\/\/www.elche.es\/va\/2021\/06\/la-regidoria-de-sanitat-organitza-una-exposicio-la-lectura-dun-manifest-i-la-projeccio-dun-curtmetratge-amb-motiu-del-dia-mundial-contra-lela\/","title":{"rendered":"La Regidoria de Sanitat organitza una exposici\u00f3, la lectura d&#8217;un manifest i la projecci\u00f3 d&#8217;un curtmetratge amb motiu del Dia Mundial contra l&#8217;ELA"},"content":{"rendered":"<div class=\"wpb-content-wrapper\"><p>[vc_row el_id=&#8221;SUBTITULAR_NOTICIA&#8221;][vc_column][vc_column_text]<\/p>\n<hr \/>\n<h4>Aquestes activitats compten amb la col\u00b7laboraci\u00f3 de l&#8217;Associaci\u00f3 Valenciana d&#8217;Esclerosi Lateral Amiotr\u00f2fica i tindran lloc a l&#8217;Auditori del Centre de Congressos i al claustre del Centre Cultural Les Clarisses<\/h4>\n<hr \/>\n<p>[\/vc_column_text][vc_btn title=&#8221;Cartell Dia contra l&#8217;ELA&#8221; color=&#8221;primary&#8221; size=&#8221;lg&#8221; align=&#8221;center&#8221; link=&#8221;url:https%3A%2F%2Fwww.elche.es%2Fwp-content%2Fuploads%2F2021%2F06%2FCartel-Exposicion.pdf|&#8221; css=&#8221;.vc_custom_1624018483352{margin-top: 25px !important;}&#8221;][\/vc_column][\/vc_row][vc_row el_id=&#8221;TEXTO_NOTICIA&#8221;][vc_column][vc_column_text]La Regidoria de Sanitat de l&#8217;Ajuntament d&#8217;Elx, en col\u00b7laboraci\u00f3 amb l&#8217;Associaci\u00f3 Valenciana d&#8217;Esclerosi Lateral Amiotr\u00f2fica (ADELA), ha organitzat una exposici\u00f3, la lectura d&#8217;un manifest i la projecci\u00f3 d&#8217;un curtmetratge amb motiu del Dia Mundial contra l&#8217;ELA. Les diferents accions programades tenen com a finalitat fomentar la visibilitat i la sensibilitzaci\u00f3 amb aquesta malaltia i cap a les fam\u00edlies que la pateixen.<\/p>\n<p>La regidora de Sanitat, Mariola Galiana, destaca que \u201chui dia, aquesta malaltia no t\u00e9 cura per la qual cosa \u00e9s fonamental que es destinen m\u00e9s mitjans a la investigaci\u00f3 d&#8217;aquesta malaltia\u201d.<\/p>\n<p>Per a mostrar aquesta realitat s&#8217;ha programat la projecci\u00f3 del curtmetratge \u201cAl otro lado de la vida\u201d que tindr\u00e0 lloc a l&#8217;Auditori del Centre de Congressos Ciutat d&#8217;Elx el dia 22 de juny a les 18.30 hores. La producci\u00f3, basada en fets reals, representa el drama familiar d&#8217;una fam\u00edlia que s&#8217;enfronta a un diagn\u00f2stic d&#8217;ELA, vist pels ulls del fill xicotet.[\/vc_column_text][\/vc_column][\/vc_row][vc_row el_id=&#8221;DESTACADO_NOTICIA&#8221;][vc_column][vc_column_text el_class=&#8221;cuadronoticia&#8221;]<\/p>\n<h5>La regidora de Sanitat, Mariola Galiana, reclama m\u00e9s mitjans per a la investigaci\u00f3 i l&#8217;edil de Drets Socials, Mariano Valera, demanda m\u00e9s assist\u00e8ncia i suport psicol\u00f2gic per als pacients d&#8217;ELA<\/h5>\n<p>[\/vc_column_text][\/vc_column][\/vc_row][vc_row el_id=&#8221;TEXTO_FIN_NOTICIA&#8221;][vc_column][vc_column_text]La projecci\u00f3 del curtmetratge estar\u00e0 precedida per la lectura del manifest commemoratiu del Dia Mundial contra l&#8217;ELA a c\u00e0rrec de membres de l&#8217;Associaci\u00f3 Valenciana d&#8217;Esclerosi Lateral Amiotr\u00f2fica acompanyats per la regidora de Sanitat i pel regidor de Drets Socials.<\/p>\n<p>D&#8217;altra banda, des del 22 fins al 27 de juny, amb horari de 18 a 21 hores en el claustre del Centre Cultural Les Clarisses, es podr\u00e0 visitar l&#8217;exposici\u00f3 fotogr\u00e0fica \u201cMirades a l&#8217;ELA\u201d. Es compon de 13 imatges en blanc i negre que mostren escenes quotidianes de les persones afectades per aquesta malaltia.<\/p>\n<p>El regidor de Drets Socials, Mariano Valera, ha afirmat que \u201c\u00e9s molt important conscienciar la poblaci\u00f3 per a avan\u00e7ar cap a una millor qualitat de l&#8217;assist\u00e8ncia i suport psicol\u00f2gic de les persones que pateixen l&#8217;ELA\u201d.<\/p>\n<p>Per part seua, Vicente Rom\u00e1n, afectat per aquesta malaltia i membre d&#8217;ADELA, indica que \u201cper a un malalt d&#8217;ELA \u00e9s important\u00edssima l&#8217;actitud i el fet de rodejar-se d&#8217;un equip hum\u00e0 extraordinari compost pel personal m\u00e8dic, la seua fam\u00edlia i els seus amics que li facen sentir-se sempre abrigallat\u201d.<\/p>\n<hr \/>\n<p>[\/vc_column_text][\/vc_column][\/vc_row]<\/p>\n<\/div>","protected":false},"excerpt":{"rendered":"<p>[vc_row el_id=&#8221;SUBTITULAR_NOTICIA&#8221;][vc_column][vc_column_text] Aquestes activitats compten amb la col\u00b7laboraci\u00f3 de l&#8217;Associaci\u00f3 Valenciana d&#8217;Esclerosi Lateral Amiotr\u00f2fica i tindran lloc a l&#8217;Auditori del Centre de Congressos i al claustre del Centre Cultural Les [&hellip;]<\/p>\n","protected":false},"author":131,"featured_media":151594,"comment_status":"closed","ping_status":"closed","sticky":false,"template":"","format":"standard","meta":{"footnotes":""},"categories":[190,209,391,1312,893],"tags":[],"class_list":["post-151765","post","type-post","status-publish","format-standard","has-post-thumbnail","hentry","category-drets-socials","category-igualtat-va","category-home-va","category-noticias-va","category-sanidad-va"],"_links":{"self":[{"href":"https:\/\/www.elche.es\/va\/wp-json\/wp\/v2\/posts\/151765","targetHints":{"allow":["GET"]}}],"collection":[{"href":"https:\/\/www.elche.es\/va\/wp-json\/wp\/v2\/posts"}],"about":[{"href":"https:\/\/www.elche.es\/va\/wp-json\/wp\/v2\/types\/post"}],"author":[{"embeddable":true,"href":"https:\/\/www.elche.es\/va\/wp-json\/wp\/v2\/users\/131"}],"replies":[{"embeddable":true,"href":"https:\/\/www.elche.es\/va\/wp-json\/wp\/v2\/comments?post=151765"}],"version-history":[{"count":0,"href":"https:\/\/www.elche.es\/va\/wp-json\/wp\/v2\/posts\/151765\/revisions"}],"wp:featuredmedia":[{"embeddable":true,"href":"https:\/\/www.elche.es\/va\/wp-json\/wp\/v2\/media\/151594"}],"wp:attachment":[{"href":"https:\/\/www.elche.es\/va\/wp-json\/wp\/v2\/media?parent=151765"}],"wp:term":[{"taxonomy":"category","embeddable":true,"href":"https:\/\/www.elche.es\/va\/wp-json\/wp\/v2\/categories?post=151765"},{"taxonomy":"post_tag","embeddable":true,"href":"https:\/\/www.elche.es\/va\/wp-json\/wp\/v2\/tags?post=151765"}],"curies":[{"name":"wp","href":"https:\/\/api.w.org\/{rel}","templated":true}]}}