{"id":151785,"date":"2021-06-21T10:15:42","date_gmt":"2021-06-21T09:15:42","guid":{"rendered":"https:\/\/www.elche.es\/2021\/06\/lalcalde-delx-reivindica-davant-el-ministre-de-transports-la-finalitzacio-de-la-ronda-sud-la-modernitzacio-de-la-rodalia-i-la-supressio-del-peatge-de-lap7\/"},"modified":"2021-06-21T10:15:43","modified_gmt":"2021-06-21T09:15:43","slug":"lalcalde-delx-reivindica-davant-el-ministre-de-transports-la-finalitzacio-de-la-ronda-sud-la-modernitzacio-de-la-rodalia-i-la-supressio-del-peatge-de-lap7","status":"publish","type":"post","link":"https:\/\/www.elche.es\/va\/2021\/06\/lalcalde-delx-reivindica-davant-el-ministre-de-transports-la-finalitzacio-de-la-ronda-sud-la-modernitzacio-de-la-rodalia-i-la-supressio-del-peatge-de-lap7\/","title":{"rendered":"L&#8217;alcalde d&#8217;Elx reivindica davant el ministre de Transports la finalitzaci\u00f3 de la ronda Sud, la modernitzaci\u00f3 de la Rodalia i la supressi\u00f3 del peatge de l&#8217;AP7"},"content":{"rendered":"<div class=\"wpb-content-wrapper\"><p>[vc_row][vc_column][vc_column_text]<\/p>\n<hr \/>\n<h4>El titular del Ministeri respon a Carlos Gonz\u00e1lez que pren nota i assegura que \u201calguna reivindicaci\u00f3 estar\u00e0 abans del que podr\u00edem esperar\u201d<\/h4>\n<hr \/>\n<p>&nbsp;[\/vc_column_text][\/vc_column][\/vc_row][vc_row][vc_column][vc_column_text]L&#8217;alcalde d&#8217;Elx, Carlos Gonz\u00e1lez, ha reivindicat aquesta vesprada davant el ministre de Transports, Mobilitat i Agenda Urbana, Jos\u00e9 Luis \u00c1balos, durant la posada en servei dels nous accessos a l&#8217;aeroport, la finalitzaci\u00f3 de la ronda Sud, la modernitzaci\u00f3 de la xarxa ferrovi\u00e0ria de Rodalia Alacant-Elx-M\u00farcia i l&#8217;alliberament del peatge de la segona circumval\u00b7laci\u00f3 d&#8217;Alacant (AP7).<\/p>\n<p>A m\u00e9s del ministre i de l&#8217;alcalde il\u00b7licit\u00e0 han assistit a l&#8217;obertura dels nous accessos la delegada del Govern a la Comunitat Valenciana, Gloria Calero, i el conseller de Pol\u00edtica Territorial, Obres P\u00fabliques i Mobilitat, Arcadi Espa\u00f1a, entre altres autoritats.<\/p>\n<p>L&#8217;acte de la posada en servei d&#8217;aquesta nova infraestructura ha consistit en el descobriment d&#8217;una fita i en la projecci\u00f3 d&#8217;un v\u00eddeo sobre les obres, en les quals el ministeri ha invertit 28 milions d&#8217;euros. Els treballs han consistit en la duplicaci\u00f3 de 4,75 quil\u00f2metres de la carretera nacional 338, des de la nacional 332 fins a l&#8217;autovia A-70.<\/p>\n<p>Aquesta actuaci\u00f3 suposa la modernitzaci\u00f3 dels accessos al cinqu\u00e9 aeroport d&#8217;Espanya, que durant 2019 va registrar 15 milions de viatgers i m\u00e9s de 100.000 operacions. Aix\u00ed mateix, s&#8217;ha millorat notablement la seguretat vi\u00e0ria d&#8217;una zona en la qual es produ\u00efen accidents amb freq\u00fc\u00e8ncia.<\/p>\n<p>\u201cEl primer que vull dir \u00e9s gr\u00e0cies ministre pel teu treball, per prendre&#8217;t de deb\u00f2 les necessitats de la prov\u00edncia d&#8217;Alacant, de la Comunitat Valenciana i d&#8217;Elx. Vull agrair-te que complisques els compromisos i que impulses actuacions essencials. En aquest context vull posar en relleu que aquesta \u00e9s una obra important i necess\u00e0ria, tant per a la seguretat vi\u00e0ria com perqu\u00e8 fins ara era una via insuficient per a la categoria de l&#8217;aeroport Miguel Hern\u00e1ndez\u201d, ha assenyalat l&#8217;alcalde il\u00b7licit\u00e0 durant la seua intervenci\u00f3 en l&#8217;acte.[\/vc_column_text][\/vc_column][\/vc_row][vc_row][vc_column][vc_gallery type=&#8221;flexslider_slide&#8221; interval=&#8221;5&#8243; images=&#8221;151629,151627,151621,151625,151619&#8243; img_size=&#8221;full&#8221; css=&#8221;.vc_custom_1624046558961{margin-top: 25px !important;}&#8221;][\/vc_column][\/vc_row][vc_row][vc_column][vc_column_text]\u201cTamb\u00e9 vull plantejar una q\u00fcesti\u00f3 de futur\u201d, ha indicat Carlos Gonz\u00e1lez. \u201cL&#8217;ofici de ser alcalde \u00e9s l&#8217;ofici de demanar per a la teua ciutat i per aix\u00f2 crec que hi ha tres temes importants que s\u00f3n absolutament urgents, que he de demanar encaridament que impulses\u201d, ha expressat Gonz\u00e1lez davant el ministre.<\/p>\n<h5>Actuacions<\/h5>\n<p>El responsable de l&#8217;Equip de Govern Municipal ha plantejat en primer lloc completar la ronda Sud d&#8217;Elx: \u201c\u00c9s una prioritat en mat\u00e8ria d&#8217;infraestructures en aquest moment, despr\u00e9s d&#8217;haver resolt l&#8217;AVE i aquests accessos. Completar l&#8217;anell perimetral de la ciutat ens resoldr\u00e0 enormes problemes ambientals i circulatoris\u201d.<\/p>\n<p>La segona q\u00fcesti\u00f3 plantejada pel regidor il\u00b7licit\u00e0 \u201c\u00e9s la necessitat de continuar avan\u00e7ant en la modernitzaci\u00f3 de la Xarxa de Rodalia Alacant-Elx-M\u00farcia. Heu heretat com a Govern una xarxa tercermundista que requereix un ingent esfor\u00e7 inversor, encara que en el pressupost de 2021 el Govern ja ha pres decisions importants sobre aquesta infraestructura. Ara es tracta de connectar la xarxa amb el nostre aeroport i amb l&#8217;estaci\u00f3 d&#8217;Alta Velocitat d&#8217;Elx, a m\u00e9s de dotar-la de trens moderns\u201d.<\/p>\n<p>En tercer lloc, Gonz\u00e1lez ha plantejat la supressi\u00f3 del peatge del segon cintur\u00f3 d&#8217;Alacant. \u201cHeu pres una decisi\u00f3 valenta que ha tingut un magn\u00edfic resultat en la Comunitat, alliberar l&#8217;AP7, per\u00f2 les comunicacions entre Alacant i Elx i els seus entorns metropolitans necessiten imperiosament alliberar de peatge aquests pocs quil\u00f2metres, la qual cosa representaria llevar pressi\u00f3 a l&#8217;A70 entre Elx, Alacant, Sant Joan i el Campello. Sens dubte, tots els sectors econ\u00f2mics i productius ho agrairien\u201d.<\/p>\n<h5>El ministre pren nota<\/h5>\n<p>\u201cPrenc nota de les teues reivindicacions, alcalde, que ja conec, i crec que alguna d&#8217;aquestes estar\u00e0 abans del que podr\u00edem esperar\u201d, ha respost el ministre a Carlos Gonz\u00e1lez a l&#8217;inici de la seua intervenci\u00f3.<\/p>\n<p>Jos\u00e9 Luis \u00c1balos ha assenyalat que la duplicaci\u00f3 dels accessos a l&#8217;aeroport \u201cpermet la sinergia entre els medis terrestre i aeri. Amb la duplicaci\u00f3, l&#8217;aeroport Alacant-Elx Miguel Hern\u00e1ndez, com a node de la xarxa b\u00e0sica transeuropea de transport aeri, adquireix una import\u00e0ncia estrat\u00e8gica capital per a aconseguir els objectius de la pol\u00edtica de transport europeu i nacional\u201d.[\/vc_column_text][\/vc_column][\/vc_row][vc_row][vc_column][vc_column_text el_class=&#8221;cuadronoticia&#8221;]<\/p>\n<h5>Jos\u00e9 Luis \u00c1balos assisteix a la posada en servei dels nous accessos a l&#8217;aeroport, que han suposat la inversi\u00f3 de 28 milions d&#8217;euros en la duplicaci\u00f3 de 4,75 quil\u00f2metres de cal\u00e7ada<\/h5>\n<p>&nbsp;[\/vc_column_text][\/vc_column][\/vc_row][vc_row][vc_column][vc_column_text]El ministre ha qualificat com a \u201cfonamental en la mobilitat de la prov\u00edncia alacantina\u201d aquesta carretera perqu\u00e8 constitueix el tancament de la circumval\u00b7laci\u00f3 d&#8217;Alacant i, al seu torn, conforma la connexi\u00f3 al cinqu\u00e9 aeroport amb m\u00e9s passatgers al nostre pa\u00eds\u201d.<\/p>\n<p>\u201cLa N-338 \u00e9s la porta d&#8217;entrada a Alacant i a la resta de poblacions de la prov\u00edncia. Un nexe de connexi\u00f3 nacional i internacional que en 2019 va servir com a carta de presentaci\u00f3 als m\u00e9s de 15 milions de passatgers i turistes que van visitar el nostre pa\u00eds\u201d, ha indicat el responsable de Foment.<\/p>\n<p>Jos\u00e9 Luis \u00c1balos ha agra\u00eft els esfor\u00e7os de tots els professionals que han treballat en l&#8217;obra malgrat la pand\u00e8mia i ha subratllat la import\u00e0ncia de la mateixa perqu\u00e8 \u201carriba en el millor moment possible, per a donar la benvinguda a un dels motors d&#8217;aquesta terra, el turisme\u201d.<\/p>\n<p>\u201cConsider\u00e0vem molt necess\u00e0ria aquesta obra perqu\u00e8 l&#8217;elevada mobilitat que presenta la carretera durant tot l&#8217;any, les importants puntes de tr\u00e0nsit i la gran diversitat d&#8217;usuaris feien priorit\u00e0ria aquesta actuaci\u00f3\u201d, ha assenyalat Jos\u00e9 Luis \u00c1balos, per a destacar a continuaci\u00f3 la notable millora en la seguretat vi\u00e0ria de tot el trajecte.[\/vc_column_text][\/vc_column][\/vc_row][vc_row][vc_column width=&#8221;1\/6&#8243;][\/vc_column][vc_column width=&#8221;2\/3&#8243;]<audio class=\"sc_audio\" src=\"https:\/\/soundcloud.com\/ayuntamiento-de-elche\/inauguracion-accesos-aeropuerto-alicante-elche-miguel-hernandez\" width=\"\" height=\"\"><\/audio>[\/vc_column][vc_column width=&#8221;1\/6&#8243;][\/vc_column][\/vc_row]<\/p>\n<\/div>","protected":false},"excerpt":{"rendered":"<p>[vc_row][vc_column][vc_column_text] El titular del Ministeri respon a Carlos Gonz\u00e1lez que pren nota i assegura que \u201calguna reivindicaci\u00f3 estar\u00e0 abans del que podr\u00edem esperar\u201d &nbsp;[\/vc_column_text][\/vc_column][\/vc_row][vc_row][vc_column][vc_column_text]L&#8217;alcalde d&#8217;Elx, Carlos Gonz\u00e1lez, ha reivindicat aquesta [&hellip;]<\/p>\n","protected":false},"author":131,"featured_media":151624,"comment_status":"closed","ping_status":"closed","sticky":false,"template":"","format":"standard","meta":{"footnotes":""},"categories":[391,1312],"tags":[],"class_list":["post-151785","post","type-post","status-publish","format-standard","has-post-thumbnail","hentry","category-home-va","category-noticias-va"],"_links":{"self":[{"href":"https:\/\/www.elche.es\/va\/wp-json\/wp\/v2\/posts\/151785","targetHints":{"allow":["GET"]}}],"collection":[{"href":"https:\/\/www.elche.es\/va\/wp-json\/wp\/v2\/posts"}],"about":[{"href":"https:\/\/www.elche.es\/va\/wp-json\/wp\/v2\/types\/post"}],"author":[{"embeddable":true,"href":"https:\/\/www.elche.es\/va\/wp-json\/wp\/v2\/users\/131"}],"replies":[{"embeddable":true,"href":"https:\/\/www.elche.es\/va\/wp-json\/wp\/v2\/comments?post=151785"}],"version-history":[{"count":0,"href":"https:\/\/www.elche.es\/va\/wp-json\/wp\/v2\/posts\/151785\/revisions"}],"wp:featuredmedia":[{"embeddable":true,"href":"https:\/\/www.elche.es\/va\/wp-json\/wp\/v2\/media\/151624"}],"wp:attachment":[{"href":"https:\/\/www.elche.es\/va\/wp-json\/wp\/v2\/media?parent=151785"}],"wp:term":[{"taxonomy":"category","embeddable":true,"href":"https:\/\/www.elche.es\/va\/wp-json\/wp\/v2\/categories?post=151785"},{"taxonomy":"post_tag","embeddable":true,"href":"https:\/\/www.elche.es\/va\/wp-json\/wp\/v2\/tags?post=151785"}],"curies":[{"name":"wp","href":"https:\/\/api.w.org\/{rel}","templated":true}]}}