{"id":151984,"date":"2021-06-22T09:48:29","date_gmt":"2021-06-22T08:48:29","guid":{"rendered":"https:\/\/www.elche.es\/2021\/06\/elx-acull-els-premis-alce-el-divendres-9-de-juliol-en-una-gala-que-se-celebrara-en-ifa\/"},"modified":"2021-06-22T09:48:30","modified_gmt":"2021-06-22T08:48:30","slug":"elx-acull-els-premis-alce-el-divendres-9-de-juliol-en-una-gala-que-se-celebrara-en-ifa","status":"publish","type":"post","link":"https:\/\/www.elche.es\/va\/2021\/06\/elx-acull-els-premis-alce-el-divendres-9-de-juliol-en-una-gala-que-se-celebrara-en-ifa\/","title":{"rendered":"Elx acull els Premis Alce el divendres 9 de juliol, en una gala que se celebrar\u00e0 en IFA"},"content":{"rendered":"<div class=\"wpb-content-wrapper\"><p>[vc_row el_id=&#8221;SUBTITULAR_NOTICIA&#8221;][vc_column][vc_column_text]<\/p>\n<hr \/>\n<h4>El regidor de Promoci\u00f3 Econ\u00f2mica i Turisme, Carles Molina, juntament amb el president de l&#8217;Associaci\u00f3 361\u00ba, \u00c1ngel Gonz\u00e1lez, presenta l&#8217;esdeveniment dedicat a recon\u00e9ixer i posar en valor el treball creatiu de les ag\u00e8ncies de publicitat i comunicaci\u00f3 de la prov\u00edncia d&#8217;Alacant<\/h4>\n<hr \/>\n<p>[\/vc_column_text][\/vc_column][\/vc_row][vc_row el_id=&#8221;TEXTO_NOTICIA&#8221;][vc_column][vc_column_text]Elx acollir\u00e0 els Premis Alce divendres que ve 9 de juliol en una gala que se celebrar\u00e0 en IFA. Tal com ha informat el regidor de Promoci\u00f3 Econ\u00f2mica i Turisme, Carles Molina, juntament amb el president de l&#8217;Associaci\u00f3 361\u00ba, \u00c1ngel Gonz\u00e1lez, els Premis Alce, dedicats a recon\u00e9ixer i posar en valor el treball creatiu de les ag\u00e8ncies de publicitat i comunicaci\u00f3 de la prov\u00edncia d&#8217;Alacant, tornaran a reunir els principals professionals del sector en el transcurs d&#8217;una gala que, sota el lema \u201cALCE X2\u201d, valorar\u00e0 el treball creatiu desenvolupat per aquests al llarg dels dos \u00faltims anys.<\/p>\n<p>Despr\u00e9s de la cancel\u00b7laci\u00f3 de l&#8217;anterior edici\u00f3 a causa de la pand\u00e8mia, els premis celebren enguany la seua edici\u00f3 n\u00famero 19 a la ciutat d&#8217;Elx.<\/p>\n<p>&#8220;L&#8217;esdeveniment, que compta amb el patrocini principal de Visitelche, tindr\u00e0 lloc a partir de les 20.30 hores divendres que ve 9 de juliol en les instal\u00b7lacions de la Instituci\u00f3 Firal Alacantina (IFA) i, com a novetat, els guardons introduiran enguany noves categories, fins a un total de 27 repartides en quatre grans grups: Creativitat, <em>Craft<\/em>, Premis Especials i Gran Premi&#8221;, ha indicat Molina, que ha afegit que &#8220;per primera vegada en la hist\u00f2ria dels premis organitzats per l&#8217;Associaci\u00f3 361\u00ba, s&#8217;entregaran Alces d&#8217;Or, Plata i Bronze en cadascuna de les categories, amb l&#8217;objectiu de reflectir de la manera m\u00e9s fidel possible l&#8217;actual estat de la comunicaci\u00f3 i de la creativitat publicit\u00e0ria a la prov\u00edncia d&#8217;Alacant&#8221;.[\/vc_column_text][\/vc_column][\/vc_row][vc_row el_id=&#8221;DESTACADO_NOTICIA&#8221;][vc_column][vc_column_text el_class=&#8221;cuadronoticia&#8221;]<\/p>\n<h5>Els Premis Alce s\u00f3n organitzats per l&#8217;Associaci\u00f3 361\u00ba i enguany compten amb el suport de l&#8217;Ajuntament d&#8217;Elx i el patrocini de Visitelche.<\/h5>\n<p>[\/vc_column_text][\/vc_column][\/vc_row][vc_row][vc_column][vc_column_text]Elx acollir\u00e0 els Premis Alce divendres que ve 9 de juliol en una gala que se celebrar\u00e0 en IFA. Tal com ha informat el regidor de Promoci\u00f3 Econ\u00f2mica i Turisme, Carles Molina, juntament amb el president de l&#8217;Associaci\u00f3 361\u00ba, \u00c1ngel Gonz\u00e1lez, els Premis Alce, dedicats a recon\u00e9ixer i posar en valor el treball creatiu de les ag\u00e8ncies de publicitat i comunicaci\u00f3 de la prov\u00edncia d&#8217;Alacant, tornaran a reunir els principals professionals del sector en el transcurs d&#8217;una gala que, sota el lema \u201cALCE X2\u201d, valorar\u00e0 el treball creatiu desenvolupat per aquests al llarg dels dos \u00faltims anys.<\/p>\n<p>Despr\u00e9s de la cancel\u00b7laci\u00f3 de l&#8217;anterior edici\u00f3 a causa de la pand\u00e8mia, els premis celebren enguany la seua edici\u00f3 n\u00famero 19 a la ciutat d&#8217;Elx.<\/p>\n<p>&#8220;L&#8217;esdeveniment, que compta amb el patrocini principal de Visitelche, tindr\u00e0 lloc a partir de les 20.30 hores divendres que ve 9 de juliol en les instal\u00b7lacions de la Instituci\u00f3 Firal Alacantina (IFA) i, com a novetat, els guardons introduiran enguany noves categories, fins a un total de 27 repartides en quatre grans grups: Creativitat, <em>Craft<\/em>, Premis Especials i Gran Premi&#8221;, ha indicat Molina, que ha afegit que &#8220;per primera vegada en la hist\u00f2ria dels premis organitzats per l&#8217;Associaci\u00f3 361\u00ba, s&#8217;entregaran Alces d&#8217;Or, Plata i Bronze en cadascuna de les categories, amb l&#8217;objectiu de reflectir de la manera m\u00e9s fidel possible l&#8217;actual estat de la comunicaci\u00f3 i de la creativitat publicit\u00e0ria a la prov\u00edncia d&#8217;Alacant&#8221;.[\/vc_column_text][\/vc_column][\/vc_row][vc_row][vc_column][vc_gallery interval=&#8221;5&#8243; images=&#8221;151903,151905,151907&#8243; img_size=&#8221;full&#8221; css=&#8221;.vc_custom_1624284337244{margin-top: 25px !important;margin-bottom: 25px !important;}&#8221;][\/vc_column][\/vc_row][vc_row el_id=&#8221;TEXTO_FIN_NOTICIA&#8221;][vc_column][vc_column_text]Per part seua, el president de l&#8217;Associaci\u00f3 361\u00ba, ha avan\u00e7at que &#8220;en la convocat\u00f2ria d&#8217;enguany s&#8217;han rebut 181 projectes corresponents a 20 ag\u00e8ncies diferents. Aix\u00ed mateix, el jurat encarregat de valorar-los ha estat compost per una selecci\u00f3 <em>top<\/em> del sector en l&#8217;\u00e0mbit nacional. N&#8217;han format part Alba Vence (ChiefCreativeOfficer en FCB&amp;FireSpain), Xisela L\u00f3pez (directora creativa executiva en Sra. Rushmore), Situat Morillo, (ChiefCreativeOfficer en Mono Madrid) i V\u00edctor Blanco (director creatiu executiu de PS21). El president del jurat ha sigut Jos\u00e9 Luis Moro (soci fundador i director general creatiu en Ping\u00fcino Torreblanca)&#8221;.<\/p>\n<p>&#8220;A m\u00e9s de la col\u00b7laboraci\u00f3 de l&#8217;Ajuntament d&#8217;Elx i de Visitelche per a acollir a la ciutat la celebraci\u00f3 d&#8217;un esdeveniment que amb el pas dels anys s&#8217;ha convertit en tot un referent per als amants del sector nacionalment, tamb\u00e9 s&#8217;han generat convenis de col\u00b7laboraci\u00f3 amb diversos hotels de la ciutat com l&#8217;Hotel Port Elx, l&#8217;Hotel Jard\u00edn Milenio, i l&#8217;Hotel Areca per a facilitar l&#8217;allotjament dels assistents a aquest, aix\u00ed com col\u00b7laboracions amb R\u00e0dio Taxi Elx per al trasllat de convidats&#8221; ha incidit Gonz\u00e1lez, que ha afegit que &#8220;entre la resta de patrocinadors podem trobar al diari Informaci\u00f3n, la Universitat d&#8217;Alacant (UA) i la Universitat Miguel Hern\u00e1ndez (UMH). El col\u00b7laborador principal de l&#8217;esdeveniment \u00e9s IFA (Instituci\u00f3 Firal Alacantina), a qu\u00e8 se suma El Corte Ingl\u00e9s, Ant\u00f3n Exterior, Induze, Alhambra, Alicanteplaza, \u00c0 Punt + El dia, Unmesenjapon, Portes, Human, O\u00eddo i Zyan Digital&#8221;.<\/p>\n<p>Aquells professionals i estudiants interessats a assistir a la gala poden adquirir la seua entrada en www.asociacion361.es fins al diumenge 4 de juliol.<\/p>\n<hr \/>\n<p>[\/vc_column_text][\/vc_column][\/vc_row][vc_row][vc_column width=&#8221;1\/6&#8243;][\/vc_column][vc_column width=&#8221;2\/3&#8243;]<audio class=\"sc_audio\" src=\"https:\/\/soundcloud.com\/ayuntamiento-de-elche\/premios-alce\" width=\"\" height=\"\"><\/audio>[\/vc_column][vc_column width=&#8221;1\/6&#8243;][\/vc_column][\/vc_row][vc_row][vc_column width=&#8221;1\/6&#8243;][\/vc_column][vc_column width=&#8221;2\/3&#8243;]<audio class=\"sc_audio\" src=\"https:\/\/soundcloud.com\/ayuntamiento-de-elche\/premios-alce-1\" width=\"\" height=\"\"><\/audio>[\/vc_column][vc_column width=&#8221;1\/6&#8243;][\/vc_column][\/vc_row]<\/p>\n<\/div>","protected":false},"excerpt":{"rendered":"<p>[vc_row el_id=&#8221;SUBTITULAR_NOTICIA&#8221;][vc_column][vc_column_text] El regidor de Promoci\u00f3 Econ\u00f2mica i Turisme, Carles Molina, juntament amb el president de l&#8217;Associaci\u00f3 361\u00ba, \u00c1ngel Gonz\u00e1lez, presenta l&#8217;esdeveniment dedicat a recon\u00e9ixer i posar en valor el [&hellip;]<\/p>\n","protected":false},"author":131,"featured_media":151904,"comment_status":"closed","ping_status":"closed","sticky":false,"template":"","format":"standard","meta":{"footnotes":""},"categories":[391,1312,183],"tags":[],"class_list":["post-151984","post","type-post","status-publish","format-standard","has-post-thumbnail","hentry","category-home-va","category-noticias-va","category-pomocio-economica"],"_links":{"self":[{"href":"https:\/\/www.elche.es\/va\/wp-json\/wp\/v2\/posts\/151984","targetHints":{"allow":["GET"]}}],"collection":[{"href":"https:\/\/www.elche.es\/va\/wp-json\/wp\/v2\/posts"}],"about":[{"href":"https:\/\/www.elche.es\/va\/wp-json\/wp\/v2\/types\/post"}],"author":[{"embeddable":true,"href":"https:\/\/www.elche.es\/va\/wp-json\/wp\/v2\/users\/131"}],"replies":[{"embeddable":true,"href":"https:\/\/www.elche.es\/va\/wp-json\/wp\/v2\/comments?post=151984"}],"version-history":[{"count":0,"href":"https:\/\/www.elche.es\/va\/wp-json\/wp\/v2\/posts\/151984\/revisions"}],"wp:featuredmedia":[{"embeddable":true,"href":"https:\/\/www.elche.es\/va\/wp-json\/wp\/v2\/media\/151904"}],"wp:attachment":[{"href":"https:\/\/www.elche.es\/va\/wp-json\/wp\/v2\/media?parent=151984"}],"wp:term":[{"taxonomy":"category","embeddable":true,"href":"https:\/\/www.elche.es\/va\/wp-json\/wp\/v2\/categories?post=151984"},{"taxonomy":"post_tag","embeddable":true,"href":"https:\/\/www.elche.es\/va\/wp-json\/wp\/v2\/tags?post=151984"}],"curies":[{"name":"wp","href":"https:\/\/api.w.org\/{rel}","templated":true}]}}