{"id":152013,"date":"2021-06-22T10:51:58","date_gmt":"2021-06-22T09:51:58","guid":{"rendered":"https:\/\/www.elche.es\/2021\/06\/lajuntament-contracta-18-joves-per-a-informar-sobre-les-mesures-de-la-covid-19-a-les-platges-delx-durant-aquest-estiu\/"},"modified":"2021-06-22T10:51:58","modified_gmt":"2021-06-22T09:51:58","slug":"lajuntament-contracta-18-joves-per-a-informar-sobre-les-mesures-de-la-covid-19-a-les-platges-delx-durant-aquest-estiu","status":"publish","type":"post","link":"https:\/\/www.elche.es\/va\/2021\/06\/lajuntament-contracta-18-joves-per-a-informar-sobre-les-mesures-de-la-covid-19-a-les-platges-delx-durant-aquest-estiu\/","title":{"rendered":"L&#8217;Ajuntament contracta 18 joves per a informar sobre les mesures de la covid-19 a les platges d&#8217;Elx durant aquest estiu"},"content":{"rendered":"<div class=\"wpb-content-wrapper\"><p>[vc_row el_id=&#8221;SUBTITULAR_NOTICIA&#8221;][vc_column][vc_column_text]<\/p>\n<hr \/>\n<h4>Els regidors de Turisme, Carles Molina, i de Seguretat Ciutadana, Ram\u00f3n Abad, van donar la benvinguda als auxiliars de platja divendres passat en la Prefectura de la Policia local on van signar un contracte dotat de 80.277 per la Generalitat i de 22.735 euros pel consistori<\/h4>\n<hr \/>\n<p>[\/vc_column_text][\/vc_column][\/vc_row][vc_row el_id=&#8221;TEXTO_FIN_NOTICIA&#8221;][vc_column][vc_column_text]L&#8217;Ajuntament d&#8217;Elx ha contractat 18 auxiliars de platges per a fer tasques d&#8217;informaci\u00f3 i suport sobre les mesures davant la covid en el litoral il\u00b7licit\u00e0 durant aquest estiu.<\/p>\n<p>Els regidors de Turisme, Carles Molina, i de Seguretat Ciutadana, Ram\u00f3n Abad, van donar la benvinguda als joves divendres passat en la Prefectura de la Policia local on van signar un contracte dotat de 80.277 euros per la Generalitat Valenciana i de 22.735 euros pel consistori.<\/p>\n<p>Segons ha explicat Molina \u201cels joves contractats rebran durant els \u00faltims deu dies de juny formaci\u00f3 sobre les mesures de seguretat i protecci\u00f3 que han de traslladar a turistes i persones usu\u00e0ries de les platges\u201d.<\/p>\n<p>Les contractacions seran per un per\u00edode de tres mesos i hauran d&#8217;iniciar-se i finalitzar en el per\u00edode compr\u00e9s entre el 28 de juny i el 18 de setembre.<\/p>\n<p>En concret, les funcions dels llocs seran les de vetlar pel compliment de les mesures de distanciament social tant en la zona seca com en els accessos; fer tasques emmarcades en l&#8217;\u00e0mbit de la comunicaci\u00f3 i informaci\u00f3 del document de Guia de Platges Segures; col\u00b7laborar en el control d&#8217;acc\u00e9s i aforament de platges; col\u00b7laborar amb els ens gestors a ordenar i planificar un adequat gaudi del bany, aix\u00ed com notificar les incid\u00e8ncies a la Policia local a trav\u00e9s de les comunicacions que els seran entregades.<\/p>\n<hr \/>\n<p>[\/vc_column_text][\/vc_column][\/vc_row][vc_row][vc_column width=&#8221;1\/6&#8243;][\/vc_column][vc_column width=&#8221;2\/3&#8243;]<audio class=\"sc_audio\" src=\"\" width=\"\" height=\"\"><\/audio>[\/vc_column][vc_column width=&#8221;1\/6&#8243;][\/vc_column][\/vc_row]<\/p>\n<\/div>","protected":false},"excerpt":{"rendered":"<p>[vc_row el_id=&#8221;SUBTITULAR_NOTICIA&#8221;][vc_column][vc_column_text] Els regidors de Turisme, Carles Molina, i de Seguretat Ciutadana, Ram\u00f3n Abad, van donar la benvinguda als auxiliars de platja divendres passat en la Prefectura de la Policia [&hellip;]<\/p>\n","protected":false},"author":131,"featured_media":151918,"comment_status":"closed","ping_status":"closed","sticky":false,"template":"","format":"standard","meta":{"footnotes":""},"categories":[391,1312,228],"tags":[],"class_list":["post-152013","post","type-post","status-publish","format-standard","has-post-thumbnail","hentry","category-home-va","category-noticias-va","category-turisme-va"],"_links":{"self":[{"href":"https:\/\/www.elche.es\/va\/wp-json\/wp\/v2\/posts\/152013","targetHints":{"allow":["GET"]}}],"collection":[{"href":"https:\/\/www.elche.es\/va\/wp-json\/wp\/v2\/posts"}],"about":[{"href":"https:\/\/www.elche.es\/va\/wp-json\/wp\/v2\/types\/post"}],"author":[{"embeddable":true,"href":"https:\/\/www.elche.es\/va\/wp-json\/wp\/v2\/users\/131"}],"replies":[{"embeddable":true,"href":"https:\/\/www.elche.es\/va\/wp-json\/wp\/v2\/comments?post=152013"}],"version-history":[{"count":0,"href":"https:\/\/www.elche.es\/va\/wp-json\/wp\/v2\/posts\/152013\/revisions"}],"wp:featuredmedia":[{"embeddable":true,"href":"https:\/\/www.elche.es\/va\/wp-json\/wp\/v2\/media\/151918"}],"wp:attachment":[{"href":"https:\/\/www.elche.es\/va\/wp-json\/wp\/v2\/media?parent=152013"}],"wp:term":[{"taxonomy":"category","embeddable":true,"href":"https:\/\/www.elche.es\/va\/wp-json\/wp\/v2\/categories?post=152013"},{"taxonomy":"post_tag","embeddable":true,"href":"https:\/\/www.elche.es\/va\/wp-json\/wp\/v2\/tags?post=152013"}],"curies":[{"name":"wp","href":"https:\/\/api.w.org\/{rel}","templated":true}]}}