{"id":152326,"date":"2021-06-23T11:57:09","date_gmt":"2021-06-23T10:57:09","guid":{"rendered":"https:\/\/www.elche.es\/2021\/06\/lequip-de-govern-dona-suport-a-una-nova-concentracio-en-repulsa-del-repunt-dassassinats-masclista\/"},"modified":"2021-06-23T11:57:10","modified_gmt":"2021-06-23T10:57:10","slug":"lequip-de-govern-dona-suport-a-una-nova-concentracio-en-repulsa-del-repunt-dassassinats-masclista","status":"publish","type":"post","link":"https:\/\/www.elche.es\/va\/2021\/06\/lequip-de-govern-dona-suport-a-una-nova-concentracio-en-repulsa-del-repunt-dassassinats-masclista\/","title":{"rendered":"L&#8217;Equip de Govern dona suport a una nova concentraci\u00f3 en repulsa del repunt d&#8217;assassinats masclista"},"content":{"rendered":"<div class=\"wpb-content-wrapper\"><p>[vc_row el_id=&#8221;SUBTITULAR_NOTICIA&#8221;][vc_column][vc_column_text]<\/p>\n<hr \/>\n<h4>La manifestaci\u00f3, convocada per la Coordinadora Feminista d&#8217;Elx, ha tingut lloc a la pla\u00e7a de Baix on s&#8217;ha guardat un minut de silenci<\/h4>\n<hr \/>\n<p>[\/vc_column_text][\/vc_column][\/vc_row][vc_row el_id=&#8221;TEXTO_NOTICIA&#8221;][vc_column][vc_column_text]Membres de l&#8217;Equip de Govern Municipal han donat suport a aquest dimarts 22 de juny la concentraci\u00f3 que la Coordinadora Feminista d&#8217;Elx ha convocat. L&#8217;objectiu, \u201ccremar\u201d el patriarcat en protesta pels \u00faltims crims masclistes, aix\u00ed com per les 21 dones assassinades a Espanya per viol\u00e8ncia de g\u00e8nere en el que va de 2021.<\/p>\n<p>Entre el mig centenar de persones que han secundat aquesta convocat\u00f2ria es trobaven tamb\u00e9 el regidor d&#8217;Igualtat, Mariano Valera, la regidora de Mobilitat, Esther D\u00edez, l&#8217;edil de Gesti\u00f3 Tribut\u00e0ria i Financera, Patr\u00edcia Maci\u00e0, i l&#8217;edil de Turisme, Carles Molina. La concentraci\u00f3, segons han explicat representants de la plataforma, es tornar\u00e0 a realitzar el pr\u00f2xim dia 25 de novembre com \u00e9s habitual.[\/vc_column_text][\/vc_column][\/vc_row][vc_row][vc_column][vc_gallery type=&#8221;flexslider_slide&#8221; interval=&#8221;5&#8243; images=&#8221;152274,152276,152278,152280&#8243; img_size=&#8221;full&#8221; css=&#8221;.vc_custom_1624438933822{margin-top: 25px !important;margin-bottom: 25px !important;}&#8221;][\/vc_column][\/vc_row][vc_row el_id=&#8221;TEXTO_FIN_NOTICIA&#8221;][vc_column][vc_column_text]Durant la protesta s&#8217;ha guardat un minut de silenci en mem\u00f2ria de les dones assassinades. Aix\u00ed mateix, els assistents han tirat en un recipient papers amb missatges com: \u201dLa just\u00edcia patriarcal no ens protegeix\u201d o \u201cEl patriarcat en les institucions no ens representa\u201d. A m\u00e9s, una portaveu de la plataforma ha llegit un manifest de repulsa pels assassinats i ha exigit mesures per a acabar amb aquests.<\/p>\n<hr \/>\n<p>[\/vc_column_text][\/vc_column][\/vc_row][vc_row][vc_column width=&#8221;1\/6&#8243;][\/vc_column][vc_column width=&#8221;2\/3&#8243;]<audio class=\"sc_audio\" src=\"\" width=\"\" height=\"\"><\/audio>[\/vc_column][vc_column width=&#8221;1\/6&#8243;][\/vc_column][\/vc_row]<\/p>\n<\/div>","protected":false},"excerpt":{"rendered":"<p>[vc_row el_id=&#8221;SUBTITULAR_NOTICIA&#8221;][vc_column][vc_column_text] La manifestaci\u00f3, convocada per la Coordinadora Feminista d&#8217;Elx, ha tingut lloc a la pla\u00e7a de Baix on s&#8217;ha guardat un minut de silenci [\/vc_column_text][\/vc_column][\/vc_row][vc_row el_id=&#8221;TEXTO_NOTICIA&#8221;][vc_column][vc_column_text]Membres de l&#8217;Equip de [&hellip;]<\/p>\n","protected":false},"author":131,"featured_media":152279,"comment_status":"closed","ping_status":"closed","sticky":false,"template":"","format":"standard","meta":{"footnotes":""},"categories":[190,209,391,1312],"tags":[],"class_list":["post-152326","post","type-post","status-publish","format-standard","has-post-thumbnail","hentry","category-drets-socials","category-igualtat-va","category-home-va","category-noticias-va"],"_links":{"self":[{"href":"https:\/\/www.elche.es\/va\/wp-json\/wp\/v2\/posts\/152326","targetHints":{"allow":["GET"]}}],"collection":[{"href":"https:\/\/www.elche.es\/va\/wp-json\/wp\/v2\/posts"}],"about":[{"href":"https:\/\/www.elche.es\/va\/wp-json\/wp\/v2\/types\/post"}],"author":[{"embeddable":true,"href":"https:\/\/www.elche.es\/va\/wp-json\/wp\/v2\/users\/131"}],"replies":[{"embeddable":true,"href":"https:\/\/www.elche.es\/va\/wp-json\/wp\/v2\/comments?post=152326"}],"version-history":[{"count":0,"href":"https:\/\/www.elche.es\/va\/wp-json\/wp\/v2\/posts\/152326\/revisions"}],"wp:featuredmedia":[{"embeddable":true,"href":"https:\/\/www.elche.es\/va\/wp-json\/wp\/v2\/media\/152279"}],"wp:attachment":[{"href":"https:\/\/www.elche.es\/va\/wp-json\/wp\/v2\/media?parent=152326"}],"wp:term":[{"taxonomy":"category","embeddable":true,"href":"https:\/\/www.elche.es\/va\/wp-json\/wp\/v2\/categories?post=152326"},{"taxonomy":"post_tag","embeddable":true,"href":"https:\/\/www.elche.es\/va\/wp-json\/wp\/v2\/tags?post=152326"}],"curies":[{"name":"wp","href":"https:\/\/api.w.org\/{rel}","templated":true}]}}