{"id":152423,"date":"2021-06-24T08:35:05","date_gmt":"2021-06-24T07:35:05","guid":{"rendered":"https:\/\/www.elche.es\/2021\/06\/elx-commemora-el-dia-mundial-contra-lela-amb-la-lectura-dun-manifest-la-inauguracio-duna-exposicio-fotografica-i-la-projeccio-dun-documental\/"},"modified":"2021-06-24T08:35:06","modified_gmt":"2021-06-24T07:35:06","slug":"elx-commemora-el-dia-mundial-contra-lela-amb-la-lectura-dun-manifest-la-inauguracio-duna-exposicio-fotografica-i-la-projeccio-dun-documental","status":"publish","type":"post","link":"https:\/\/www.elche.es\/va\/2021\/06\/elx-commemora-el-dia-mundial-contra-lela-amb-la-lectura-dun-manifest-la-inauguracio-duna-exposicio-fotografica-i-la-projeccio-dun-documental\/","title":{"rendered":"Elx commemora el Dia Mundial contra l&#8217;ELA amb la lectura d&#8217;un manifest, la inauguraci\u00f3 d&#8217;una exposici\u00f3 fotogr\u00e0fica i la projecci\u00f3 d&#8217;un documental"},"content":{"rendered":"<div class=\"wpb-content-wrapper\"><p>[vc_row el_id=&#8221;SUBTITULAR_NOTICIA&#8221;][vc_column][vc_column_text]<\/p>\n<hr \/>\n<h4>L&#8217;edil de Sanitat, Mariola Galiana, reclama m\u00e9s recursos per a investigaci\u00f3 i per al tractament d&#8217;aquesta malaltia<\/h4>\n<hr \/>\n<p>[\/vc_column_text][\/vc_column][\/vc_row][vc_row el_id=&#8221;TEXTO_NOTICIA&#8221;][vc_column][vc_column_text]Dins de les activitats realitzades amb motiu de la commemoraci\u00f3 del Dia Mundial contra l&#8217;ELA (Esclerosi Lateral Amiotr\u00f2fica) organitzades per la Regidoria de Sanitat de l&#8217;Ajuntament d&#8217;Elx en col\u00b7laboraci\u00f3 amb ADELA-CV, en la vesprada d&#8217;ahir es va inaugurar l&#8217;exposici\u00f3 \u2018Mirades a l&#8217;ELA\u2019, obra del fot\u00f2graf i realitzador Cristian Lizandra. La mostra recull 13 fotografies en blanc i negre que exhibeixen escenes quotidianes de persones afectades per l&#8217;ELA i que reflecteixen la import\u00e0ncia que t\u00e9 la qualitat de vida per als pacients d&#8217;aquesta malaltia.<\/p>\n<p>A la inauguraci\u00f3 de l&#8217;exposici\u00f3, que es podr\u00e0 visitar fins diumenge que ve, dia 27, al Claustre del Centre Cultural Clarisses, en horari de 17.50 a 20.50 hores, van assistir l&#8217;edil de Sanitat, Mariola Galiana, el de Pol\u00edtiques Inclusives, Mariano Valera i la de Cultura, Marga Ant\u00f3n, aix\u00ed com el representant de l&#8217;Associaci\u00f3 Valenciana d&#8217;Esclerosi Lateral Amiotr\u00f2fica ADELA-CV, Vicente Rom\u00e1n, i el mateix Lizandra.<\/p>\n<p>A continuaci\u00f3, i en el Centre de Congressos Ciutat d\u2019Elx, es va projectar el curtmetratge \u2018Al otro lado de la vida\u2019, dirigit, escrit i produ\u00eft per Lizandra en 2019 i que ha comptat amb el patrocini de la Conselleria de Sanitat de la Generalitat. La cinta reflecteix una hist\u00f2ria basada en fets reals, i representa el drama al qual s&#8217;enfronta una fam\u00edlia davant un diagn\u00f2stic d&#8217;ELA. La narraci\u00f3 es produeix a trav\u00e9s dels ulls del fill menor.<\/p>\n<p>[\/vc_column_text][\/vc_column][\/vc_row][vc_row][vc_column][vc_gallery type=&#8221;flexslider_slide&#8221; interval=&#8221;5&#8243; images=&#8221;152388,152390,152392,152394&#8243; img_size=&#8221;full&#8221; css=&#8221;.vc_custom_1624453933710{margin-top: 25px !important;margin-bottom: 25px !important;}&#8221;][\/vc_column][\/vc_row][vc_row el_id=&#8221;TEXTO_FIN_NOTICIA&#8221;][vc_column][vc_column_text]Abans de la projecci\u00f3 del curt, es va donar lectura al manifest amb motiu del Dia Mundial contra l&#8217;ELA, amb la participaci\u00f3 de Galiana, Valera i Rom\u00e1n davant membres de l&#8217;Equip de Govern i de la Corporaci\u00f3 Municipal, aix\u00ed com de diferents professionals sanitaris relacionats amb el tractament de l&#8217;ELA.<\/p>\n<p>En finalitzar, Galiana va manifestar el seu agra\u00efment a ADELA, al director del curtmetratge i a tots els presents, i va reclamar m\u00e9s recursos per a la investigaci\u00f3 i el tractament d&#8217;aquesta malaltia. Aix\u00ed mateix, va destacar la necessitat de cr\u00e9ixer en visibilitat perqu\u00e8 la societat siga conscient de les necessitats especials dels afectats per ELA.<\/p>\n<hr \/>\n<p>[\/vc_column_text][\/vc_column][\/vc_row][vc_row][vc_column width=&#8221;1\/6&#8243;][\/vc_column][vc_column width=&#8221;2\/3&#8243;]<audio class=\"sc_audio\" src=\"\" width=\"\" height=\"\"><\/audio>[\/vc_column][vc_column width=&#8221;1\/6&#8243;][\/vc_column][\/vc_row]<\/p>\n<\/div>","protected":false},"excerpt":{"rendered":"<p>[vc_row el_id=&#8221;SUBTITULAR_NOTICIA&#8221;][vc_column][vc_column_text] L&#8217;edil de Sanitat, Mariola Galiana, reclama m\u00e9s recursos per a investigaci\u00f3 i per al tractament d&#8217;aquesta malaltia [\/vc_column_text][\/vc_column][\/vc_row][vc_row el_id=&#8221;TEXTO_NOTICIA&#8221;][vc_column][vc_column_text]Dins de les activitats realitzades amb motiu de la commemoraci\u00f3 [&hellip;]<\/p>\n","protected":false},"author":131,"featured_media":152387,"comment_status":"closed","ping_status":"closed","sticky":false,"template":"","format":"standard","meta":{"footnotes":""},"categories":[391,1312,893],"tags":[],"class_list":["post-152423","post","type-post","status-publish","format-standard","has-post-thumbnail","hentry","category-home-va","category-noticias-va","category-sanidad-va"],"_links":{"self":[{"href":"https:\/\/www.elche.es\/va\/wp-json\/wp\/v2\/posts\/152423","targetHints":{"allow":["GET"]}}],"collection":[{"href":"https:\/\/www.elche.es\/va\/wp-json\/wp\/v2\/posts"}],"about":[{"href":"https:\/\/www.elche.es\/va\/wp-json\/wp\/v2\/types\/post"}],"author":[{"embeddable":true,"href":"https:\/\/www.elche.es\/va\/wp-json\/wp\/v2\/users\/131"}],"replies":[{"embeddable":true,"href":"https:\/\/www.elche.es\/va\/wp-json\/wp\/v2\/comments?post=152423"}],"version-history":[{"count":0,"href":"https:\/\/www.elche.es\/va\/wp-json\/wp\/v2\/posts\/152423\/revisions"}],"wp:featuredmedia":[{"embeddable":true,"href":"https:\/\/www.elche.es\/va\/wp-json\/wp\/v2\/media\/152387"}],"wp:attachment":[{"href":"https:\/\/www.elche.es\/va\/wp-json\/wp\/v2\/media?parent=152423"}],"wp:term":[{"taxonomy":"category","embeddable":true,"href":"https:\/\/www.elche.es\/va\/wp-json\/wp\/v2\/categories?post=152423"},{"taxonomy":"post_tag","embeddable":true,"href":"https:\/\/www.elche.es\/va\/wp-json\/wp\/v2\/tags?post=152423"}],"curies":[{"name":"wp","href":"https:\/\/api.w.org\/{rel}","templated":true}]}}