{"id":152496,"date":"2021-06-24T12:26:06","date_gmt":"2021-06-24T11:26:06","guid":{"rendered":"https:\/\/www.elche.es\/2021\/06\/el-dispositiu-especial-de-la-policia-local-evita-la-celebracio-de-festes-a-la-platja-durant-la-nit-de-sant-joan\/"},"modified":"2021-06-24T12:26:07","modified_gmt":"2021-06-24T11:26:07","slug":"el-dispositiu-especial-de-la-policia-local-evita-la-celebracio-de-festes-a-la-platja-durant-la-nit-de-sant-joan","status":"publish","type":"post","link":"https:\/\/www.elche.es\/va\/2021\/06\/el-dispositiu-especial-de-la-policia-local-evita-la-celebracio-de-festes-a-la-platja-durant-la-nit-de-sant-joan\/","title":{"rendered":"El dispositiu especial de la Policia Local evita la celebraci\u00f3 de festes a la platja durant la Nit de Sant Joan"},"content":{"rendered":"<div class=\"wpb-content-wrapper\"><p>[vc_row el_id=&#8221;SUBTITULAR_NOTICIA&#8221;][vc_column][vc_column_text]<\/p>\n<hr \/>\n<p><strong>L&#8217;edil de Seguretat Ciutadana, Ram\u00f3n Abad, felicita la ciutadania pel seu comportament exemplar i destaca la col\u00b7laboraci\u00f3 entre els diferents cossos de seguretat<\/strong><\/p>\n<hr \/>\n<p>[\/vc_column_text][\/vc_column][\/vc_row][vc_row el_id=&#8221;TEXTO_FIN_NOTICIA&#8221;][vc_column][vc_column_text]El dispositiu especial de la Policia Local, muntat per a la Nit de Sant Joan per a evitar les habituals fogueres i festes a les platges, ha funcionat a la perfecci\u00f3 i no s&#8217;han registrat incidents destacables. Aix\u00ed ho ha explicat hui l&#8217;edil de seguretat Ciutadana, Ram\u00f3n Abad, que ha destacat el bon comportament de la ciutadania. \u201cEls il\u00b7licitans i il\u00b7licitanes, una vegada m\u00e9s, han actuat amb responsabilitat i sentit com\u00fa, han complit amb el tancament de les platges i han evitat aix\u00ed un possible increment del nombre de contagis a la nostra ciutat\u201d, ha indicat Abad.<\/p>\n<p>Segons el regidor, la nit ha sigut tranquil\u00b7la i no s&#8217;han detectat temptatives de realitzar festes a les platges, les poques persones a les quals se&#8217;ls ha hagut de convidar a abandonar-les eren en la seua majoria fam\u00edlies que no havien tingut coneixement del tancament. \u201cLa resposta ciutadana ha sigut exemplar, amb total comprensi\u00f3 dels motius del tancament\u201d, ha indicat l&#8217;edil, que ha afegit que \u201ccom \u00e9s habitual la col\u00b7laboraci\u00f3 amb la Policia Local d&#8217;Alacant, la Policia Nacional i la Gu\u00e0rdia Civil ha sigut magn\u00edfica, destacant el desplegament en el control del carrer Illa de Menorca\u201d.<\/p>\n<p>El responsable de Seguretat Ciutadana ha dit que a partir de les set de la vesprada es van tancar les platges del litoral il\u00b7licit\u00e0 sense cap contratemps rellevant. Els controls es van dur a terme en les carreteres d&#8217;acc\u00e9s al litoral, aix\u00ed com en els accessos a les pr\u00f2pies platges.<\/p>\n<p>En total es van realitzar controls a prop de 240 vehicles amb quatre actes per tinen\u00e7a d&#8217;estupefaents i huit den\u00fancies per no tindre l&#8217;ITV en regla.<\/p>\n<hr \/>\n<p>[\/vc_column_text][\/vc_column][\/vc_row][vc_row][vc_column width=&#8221;1\/6&#8243;][\/vc_column][vc_column width=&#8221;2\/3&#8243;]<audio class=\"sc_audio\" src=\"https:\/\/soundcloud.com\/ayuntamiento-de-elche\/balance-de-la-noche-de-san-juan\" width=\"\" height=\"\"><\/audio>[\/vc_column][vc_column width=&#8221;1\/6&#8243;][\/vc_column][\/vc_row]<\/p>\n<\/div>","protected":false},"excerpt":{"rendered":"<p>[vc_row el_id=&#8221;SUBTITULAR_NOTICIA&#8221;][vc_column][vc_column_text] L&#8217;edil de Seguretat Ciutadana, Ram\u00f3n Abad, felicita la ciutadania pel seu comportament exemplar i destaca la col\u00b7laboraci\u00f3 entre els diferents cossos de seguretat [\/vc_column_text][\/vc_column][\/vc_row][vc_row el_id=&#8221;TEXTO_FIN_NOTICIA&#8221;][vc_column][vc_column_text]El dispositiu especial de [&hellip;]<\/p>\n","protected":false},"author":131,"featured_media":152460,"comment_status":"closed","ping_status":"closed","sticky":false,"template":"","format":"standard","meta":{"footnotes":""},"categories":[391,1312,238,2772],"tags":[],"class_list":["post-152496","post","type-post","status-publish","format-standard","has-post-thumbnail","hentry","category-home-va","category-noticias-va","category-policia-local-va","category-seguretat-ciutadana"],"_links":{"self":[{"href":"https:\/\/www.elche.es\/va\/wp-json\/wp\/v2\/posts\/152496","targetHints":{"allow":["GET"]}}],"collection":[{"href":"https:\/\/www.elche.es\/va\/wp-json\/wp\/v2\/posts"}],"about":[{"href":"https:\/\/www.elche.es\/va\/wp-json\/wp\/v2\/types\/post"}],"author":[{"embeddable":true,"href":"https:\/\/www.elche.es\/va\/wp-json\/wp\/v2\/users\/131"}],"replies":[{"embeddable":true,"href":"https:\/\/www.elche.es\/va\/wp-json\/wp\/v2\/comments?post=152496"}],"version-history":[{"count":0,"href":"https:\/\/www.elche.es\/va\/wp-json\/wp\/v2\/posts\/152496\/revisions"}],"wp:featuredmedia":[{"embeddable":true,"href":"https:\/\/www.elche.es\/va\/wp-json\/wp\/v2\/media\/152460"}],"wp:attachment":[{"href":"https:\/\/www.elche.es\/va\/wp-json\/wp\/v2\/media?parent=152496"}],"wp:term":[{"taxonomy":"category","embeddable":true,"href":"https:\/\/www.elche.es\/va\/wp-json\/wp\/v2\/categories?post=152496"},{"taxonomy":"post_tag","embeddable":true,"href":"https:\/\/www.elche.es\/va\/wp-json\/wp\/v2\/tags?post=152496"}],"curies":[{"name":"wp","href":"https:\/\/api.w.org\/{rel}","templated":true}]}}