{"id":152731,"date":"2021-06-25T13:04:17","date_gmt":"2021-06-25T12:04:17","guid":{"rendered":"https:\/\/www.elche.es\/2021\/06\/el-ayuntamiento-inicia-el-expediente-de-resolucion-del-contrato-de-la-reurbanizacion-de-la-calle-virgen-de-la-cabeza-y-asume-la-finalizacion-de-la-obra\/"},"modified":"2021-06-28T07:39:27","modified_gmt":"2021-06-28T06:39:27","slug":"el-ayuntamiento-inicia-el-expediente-de-resolucion-del-contrato-de-la-reurbanizacion-de-la-calle-virgen-de-la-cabeza-y-asume-la-finalizacion-de-la-obra","status":"publish","type":"post","link":"https:\/\/www.elche.es\/va\/2021\/06\/el-ayuntamiento-inicia-el-expediente-de-resolucion-del-contrato-de-la-reurbanizacion-de-la-calle-virgen-de-la-cabeza-y-asume-la-finalizacion-de-la-obra\/","title":{"rendered":"L&#8217;Ajuntament inicia l&#8217;expedient de resoluci\u00f3 del contracte de la reurbanitzaci\u00f3 del carrer Nostra Senyora de la Cabeza i assumeix la finalitzaci\u00f3 de l&#8217;obra"},"content":{"rendered":"<div class=\"wpb-content-wrapper\"><p>[vc_row el_id=&#8221;SUBTITULAR_NOTICIA&#8221;][vc_column][vc_column_text]<\/p>\n<hr \/>\n<h4>El portaveu de l&#8217;Equip de Govern,\u00a0<span class=\"hiddenSpellError\">H\u00e9ctor<\/span>\u00a0<span class=\"hiddenSpellError\">D\u00edez<\/span>, explica que la mercantil no ha finalitzat els treballs malgrat les facilitats donades i que ser\u00e0 el Consistori qui dur\u00e0 a terme l&#8217;asfaltat que queda en l&#8217;encreuament amb\u00a0<span class=\"hiddenSpellError\">Mestre<\/span> Alb\u00e9niz i qui tamb\u00e9 finalitze la vorera al voltant del Parc Jaume I<\/h4>\n<hr \/>\n<p>[\/vc_column_text][\/vc_column][\/vc_row][vc_row el_id=&#8221;TEXTO_NOTICIA&#8221;][vc_column][vc_column_text]El portaveu de l&#8217;Equip de Govern,\u00a0<span class=\"hiddenSpellError\">H\u00e9ctor<\/span>\u00a0<span class=\"hiddenSpellError\">D\u00edez<\/span>, ha anunciat que la Junta de Govern Local (<span class=\"hiddenSpellError\">JGL<\/span>) ha acordat hui iniciar l&#8217;expedient de resoluci\u00f3 del contracte d&#8217;obres de reurbanitzaci\u00f3 del carrer Nostra Senyora de la Cabeza.<\/p>\n<p>\u201cUna vegada que s&#8217;ha constatat que la mercantil no t\u00e9 la intenci\u00f3 de finalitzar els treballs, la\u00a0<span class=\"hiddenSpellError\">JGL<\/span>\u00a0inicia aquest expedient en el qual se li dona un termini de presentaci\u00f3 d&#8217;al\u00b7legacions i on se li comunica que es procedeix a la resoluci\u00f3 del contracte\u201d, ha indicat el portaveu, que ha afegit que\u00a0<span class=\"hiddenGrammarError\">\u201c<\/span>l&#8217;adjudicat\u00e0ria, sens dubte, ha incomplit el termini de finalitzaci\u00f3 de l&#8217;obra malgrat les facilitats que se li han donat des de l&#8217;Ajuntament. Malgrat totes les possibilitats que se&#8217;ls ha donat, la mercantil no ha finalitzat l&#8217;obra, per la qual cosa iniciem l&#8217;expedient de resoluci\u00f3 i, d&#8217;altra banda, en el mes vinent de juliol, l&#8217;Ajuntament assumir\u00e0 la finalitzaci\u00f3 de l&#8217;actuaci\u00f3 amb l&#8217;asfaltat que queda en l&#8217;encreuament amb\u00a0<span class=\"hiddenSpellError\">Mestre<\/span>\u00a0Alb\u00e9niz i tamb\u00e9 amb la vorera\u00a0al voltant del parc Jaume I.<\/p>\n<p>La Junta de Govern Local tamb\u00e9 ha aprovat hui una bonificaci\u00f3 del 50% en l&#8217;<span class=\"hiddenSpellError\">ICIO<\/span>\u00a0(Impost de Construccions, Instal\u00b7lacions i Obres) a la mercantil\u00a0<span class=\"hiddenSpellError\">Vainsa<\/span>\u00a0adjudicat\u00e0ria de la construcci\u00f3 del nou bloc quir\u00fargic de l&#8217;Hospital General Universitari d&#8217;Elx.<\/p>\n<p><span class=\"hiddenSpellError\">D\u00edez<\/span>\u00a0ha recordat que es tracta d&#8217;una infraestructura impulsada per la Conselleria de Sanitat amb una inversi\u00f3\u00a0d&#8217;11,5\u00a0milions d&#8217;euros que permetr\u00e0 al centre sanitari comptar amb 13 quir\u00f2fans, 20\u00a0b\u00f2xer\u00a0d&#8217;atenci\u00f3 als pacients, aix\u00ed com despatxos per als sanitaris, sales d&#8217;espera i zones d&#8217;emmagatzematge. Una actuaci\u00f3 molt important amb un termini d&#8217;execuci\u00f3 de 30 mesos. \u201cAt\u00e9s l&#8217;inter\u00e9s general de l&#8217;actuaci\u00f3 i a l&#8217;inter\u00e9s p\u00fablic, la Junta de Govern ha decidit concedir\u00a0aquesta\u00a0bonificaci\u00f3 que s&#8217;ha fixat finalment en un cost de 140.516 euros que haur\u00e0 d&#8217;assumir la mercantil\u00a0<span class=\"hiddenSpellError\">Vainsa<\/span>\u201d, ha indicat el portaveu.<\/p>\n<p>Coincidint amb l&#8217;inici de la temporada estival i l&#8217;obertura de les piscines municipals, la Junta de Govern ha acordat autoritzar l&#8217;acc\u00e9s gratu\u00eft a les piscines descobertes municipals per als menors de 14 anys. \u201cAix\u00f2 es fa amb el prop\u00f2sit de facilitar a tots els il\u00b7licitans i les il\u00b7licitanes l&#8217;\u00fas de les piscines p\u00fabliques municipals\u201d, ha indicat\u00a0<span class=\"hiddenSpellError\">D\u00edez,<\/span>\u00a0que ha aclarit que els menors de 14 anys hauran d&#8217;anar acompanyats d&#8217;un adult i que cada adult podr\u00e0 fer-se responsable d&#8217;un m\u00e0xim de tres menors i ser\u00e0 necessari signar una declaraci\u00f3 responsable en accedir a la piscina.[\/vc_column_text][\/vc_column][\/vc_row][vc_row][vc_column][vc_single_image image=&#8221;119939&#8243; img_size=&#8221;full&#8221; alignment=&#8221;center&#8221; css=&#8221;.vc_custom_1624630774497{margin-top: 25px !important;margin-bottom: 25px !important;}&#8221;][\/vc_column][\/vc_row][vc_row el_id=&#8221;TEXTO_FIN_NOTICIA&#8221;][vc_column][vc_column_text]<\/p>\n<h5>\u00c0rea de Cultura i Arxiu Municipal<\/h5>\n<p><span class=\"hiddenSpellError\">H\u00e9ctor<\/span>\u00a0<span class=\"hiddenSpellError\">D\u00edez<\/span>\u00a0ha dit que la Junta de Govern Local ha acceptat una important donaci\u00f3 a l&#8217;arxiu municipal. D&#8217;aquesta manera, s&#8217;at\u00e9n una donaci\u00f3 que realitza\u00a0el senyor\u00a0Jos\u00e9 Mar\u00eda Ruiz\u00a0<span class=\"hiddenSpellError\">Vicente<\/span>, que \u00e9s familiar del senyor\u00a0Jos\u00e9 Mar\u00eda Ruiz de\u00a0<span class=\"hiddenSpellError\">Lope<\/span>\u00a0P\u00e9rez, que va ser arxiver municipal i bibliotecari.<\/p>\n<p>&#8220;La cessi\u00f3 que es realitza \u00e9s una donaci\u00f3 que consta d&#8217;una s\u00e8rie de b\u00e9ns que s&#8217;han considerat per part dels t\u00e8cnics municipals d&#8217;un alt inter\u00e9s per al fons documental municipal&#8221;, ha assegurat el portaveu, que ha afegit que &#8220;l&#8217;obsequi est\u00e0 compost per 200 llibres que daten del segle XVI i el segle XX; revistes, documents originals, manuscrits i pergamins del segle XV; aix\u00ed com un consueta de l&#8217;any 1751 copiat per\u00a0<span class=\"hiddenSpellError\">Carlos<\/span>\u00a0<span class=\"hiddenSpellError\">T\u00e1rrega<\/span>\u00a0que porta instruccions per a les representacions del Misteri&#8221;.<\/p>\n<p>&#8220;El senyor\u00a0Jos\u00e9 Mar\u00eda Ruiz\u00a0<span class=\"hiddenSpellError\">Vicente<\/span>\u00a0ha expressat la seua voluntat de donar a l&#8217;Ajuntament de manera gratu\u00efta i irrevocable tota aquesta documentaci\u00f3. En aquest sentit, la col\u00b7lecci\u00f3 passar\u00e0 a formar part de l&#8217;Arxiu Municipal i del seu tractament t\u00e8cnic perqu\u00e8 puga tindre la difusi\u00f3 necess\u00e0ria i estar a la disposici\u00f3 dels investigadors que acudeixen a l&#8217;Arxiu Municipal&#8221;, ha incidit\u00a0<span class=\"hiddenSpellError\">D\u00edez<\/span>.<\/p>\n<p>Per part de la Junta de Govern Local es vol agrair la generositat i l&#8217;altruisme del senyor Ruiz\u00a0<span class=\"hiddenSpellError\">Vicente<\/span>\u00a0per la seua aportaci\u00f3 a l&#8217;Arxiu Municipal d&#8217;un valor molt important i que real\u00e7ar\u00e0 sens dubte els documents que hi figuren.<\/p>\n<hr \/>\n<p>[\/vc_column_text][\/vc_column][\/vc_row][vc_row][vc_column width=&#8221;1\/6&#8243;][\/vc_column][vc_column width=&#8221;2\/3&#8243;]<audio class=\"sc_audio\" src=\"https:\/\/soundcloud.com\/ayuntamiento-de-elche\/hector-diez-sobre-la-junta-local-de-gobierno-del-viernes-25-de-junio-de-2021\" width=\"\" height=\"\"><\/audio>[\/vc_column][vc_column width=&#8221;1\/6&#8243;][\/vc_column][\/vc_row]<\/p>\n<\/div>","protected":false},"excerpt":{"rendered":"<p>[vc_row el_id=&#8221;SUBTITULAR_NOTICIA&#8221;][vc_column][vc_column_text] El portaveu de l&#8217;Equip de Govern,\u00a0H\u00e9ctor\u00a0D\u00edez, explica que la mercantil no ha finalitzat els treballs malgrat les facilitats donades i que ser\u00e0 el Consistori qui dur\u00e0 a terme [&hellip;]<\/p>\n","protected":false},"author":131,"featured_media":152709,"comment_status":"closed","ping_status":"closed","sticky":false,"template":"","format":"standard","meta":{"footnotes":""},"categories":[187,391,1312,210,1277],"tags":[],"class_list":["post-152731","post","type-post","status-publish","format-standard","has-post-thumbnail","hentry","category-esports","category-home-va","category-noticias-va","category-urbanisme-va","category-via-publica-va"],"_links":{"self":[{"href":"https:\/\/www.elche.es\/va\/wp-json\/wp\/v2\/posts\/152731","targetHints":{"allow":["GET"]}}],"collection":[{"href":"https:\/\/www.elche.es\/va\/wp-json\/wp\/v2\/posts"}],"about":[{"href":"https:\/\/www.elche.es\/va\/wp-json\/wp\/v2\/types\/post"}],"author":[{"embeddable":true,"href":"https:\/\/www.elche.es\/va\/wp-json\/wp\/v2\/users\/131"}],"replies":[{"embeddable":true,"href":"https:\/\/www.elche.es\/va\/wp-json\/wp\/v2\/comments?post=152731"}],"version-history":[{"count":0,"href":"https:\/\/www.elche.es\/va\/wp-json\/wp\/v2\/posts\/152731\/revisions"}],"wp:featuredmedia":[{"embeddable":true,"href":"https:\/\/www.elche.es\/va\/wp-json\/wp\/v2\/media\/152709"}],"wp:attachment":[{"href":"https:\/\/www.elche.es\/va\/wp-json\/wp\/v2\/media?parent=152731"}],"wp:term":[{"taxonomy":"category","embeddable":true,"href":"https:\/\/www.elche.es\/va\/wp-json\/wp\/v2\/categories?post=152731"},{"taxonomy":"post_tag","embeddable":true,"href":"https:\/\/www.elche.es\/va\/wp-json\/wp\/v2\/tags?post=152731"}],"curies":[{"name":"wp","href":"https:\/\/api.w.org\/{rel}","templated":true}]}}