{"id":153082,"date":"2021-06-30T13:38:13","date_gmt":"2021-06-30T12:38:13","guid":{"rendered":"https:\/\/www.elche.es\/2021\/06\/movilidad-inicia-el-asfaltado-de-la-calle-sant-vicent-para-completar-la-actuacion-de-mejora\/"},"modified":"2021-07-01T07:26:56","modified_gmt":"2021-07-01T06:26:56","slug":"movilidad-inicia-el-asfaltado-de-la-calle-sant-vicent-para-completar-la-actuacion-de-mejora","status":"publish","type":"post","link":"https:\/\/www.elche.es\/va\/2021\/06\/movilidad-inicia-el-asfaltado-de-la-calle-sant-vicent-para-completar-la-actuacion-de-mejora\/","title":{"rendered":"Mobilitat inicia l&#8217;asfaltat del carrer Sant Vicent per a completar l&#8217;actuaci\u00f3 de millora"},"content":{"rendered":"<div class=\"wpb-content-wrapper\"><p>[vc_row el_id=&#8221;SUBTITULAR_NOTICIA&#8221;][vc_column][vc_column_text]<\/p>\n<hr \/>\n<h4>La regidora de l&#8217;\u00e0rea,\u00a0<span class=\"hiddenSpellError\">Esther<\/span>\u00a0<span class=\"hiddenSpellError\">D\u00edez<\/span>, destaca que la previsi\u00f3 \u00e9s que el carrer torne a obrir-se a la circulaci\u00f3 dilluns i assenyala que\u00a0<span class=\"hiddenGrammarError\">\u201c<\/span>s&#8217;est\u00e0 realitzant l&#8217;\u00faltim pas de l&#8217;actuaci\u00f3 en aquesta via per a eixamplar les voreres i garantir la seua accessibilitat<span class=\"hiddenGrammarError\" style=\"padding-bottom: 2px;background-image: url('..\/..\/..\/..\/..\/images\/squiggle.png');background-position: left bottom;vertical-align: text-top;cursor: default;color: #565353;font-family: Arial, Helvetica, Verdana, sans-serif;font-size: 18px;font-style: normal;font-weight: 400;letter-spacing: normal;text-align: start;text-indent: 0px;text-transform: none;background-color: #ffffff\">&#8220;<\/span><\/h4>\n<hr \/>\n<p>[\/vc_column_text][\/vc_column][\/vc_row][vc_row el_id=&#8221;TEXTO_NOTICIA&#8221;][vc_column][vc_column_text]Mobilitat ha iniciat hui l&#8217;asfaltat del carrer Sant Vicent per a completar l&#8217;actuaci\u00f3 de millora. La regidora de l&#8217;\u00e0rea,\u00a0<span class=\"hiddenSpellError\">Esther<\/span>\u00a0<span class=\"hiddenSpellError\">D\u00edez<\/span>, ha informat que \u201cs&#8217;est\u00e0 realitzant l&#8217;\u00faltim pas de l&#8217;actuaci\u00f3 en aquesta via per a eixamplar les voreres i garantir la seua accessibilitat\u201d.<\/p>\n<p>\u201cAquesta obra, en la qual pr\u00e8viament Aig\u00fces d\u2019Elx va escometre la millora de la xarxa de clavegueram i aigua potable, forma part del proc\u00e9s de modernitzaci\u00f3 de diversos carrers del centre; en concret, aquesta actuaci\u00f3 va ser l&#8217;\u00faltima a iniciar-se, el mes d&#8217;abril, i despr\u00e9s de l&#8217;asfaltat, est\u00e0 previst que la circulaci\u00f3 es re\u00f2briga dilluns que ve\u201d, ha indicat\u00a0<span class=\"hiddenSpellError\">D\u00edez<\/span>.[\/vc_column_text][\/vc_column][\/vc_row][vc_row][vc_column][vc_single_image image=&#8221;153016&#8243; img_size=&#8221;full&#8221; alignment=&#8221;center&#8221; onclick=&#8221;img_link_large&#8221; css=&#8221;.vc_custom_1625056679338{margin-top: 25px !important;margin-bottom: 25px !important;}&#8221;][\/vc_column][\/vc_row][vc_row el_id=&#8221;TEXTO_FIN_NOTICIA&#8221;][vc_column][vc_column_text]La regidora ha recordat que \u201cl&#8217;objectiu de la modernitzaci\u00f3 d&#8217;aquests carrers del centre hist\u00f2ric i Raval cerca garantir una accessibilitat total a les persones amb mobilitat redu\u00efda, aix\u00ed com fomentar el tr\u00e0nsit per als vianants, en el marc del pla centre i l&#8217;estrat\u00e8gia\u00a0<span class=\"hiddenSpellError\">Elx2030<\/span>\u201d.<\/p>\n<p>En total, la Regidoria de Mobilitat ha invertit 370.000 euros en la millora d&#8217;aquestes vies, mentre que la d&#8217;Aig\u00fces d\u2019Elx supera els 625.000 euros.<\/p>\n<hr \/>\n<p>[\/vc_column_text][\/vc_column][\/vc_row][vc_row][vc_column width=&#8221;1\/6&#8243;][\/vc_column][vc_column width=&#8221;2\/3&#8243;]<audio class=\"sc_audio\" src=\"https:\/\/soundcloud.com\/ayuntamiento-de-elche\/movilidad-inicia-el-asfaltado-de-la-calle-sant-vicent\" width=\"\" height=\"\"><\/audio>[\/vc_column][vc_column width=&#8221;1\/6&#8243;][\/vc_column][\/vc_row]<\/p>\n<\/div>","protected":false},"excerpt":{"rendered":"<p>[vc_row el_id=&#8221;SUBTITULAR_NOTICIA&#8221;][vc_column][vc_column_text] La regidora de l&#8217;\u00e0rea,\u00a0Esther\u00a0D\u00edez, destaca que la previsi\u00f3 \u00e9s que el carrer torne a obrir-se a la circulaci\u00f3 dilluns i assenyala que\u00a0\u201cs&#8217;est\u00e0 realitzant l&#8217;\u00faltim pas de l&#8217;actuaci\u00f3 en [&hellip;]<\/p>\n","protected":false},"author":131,"featured_media":153015,"comment_status":"closed","ping_status":"closed","sticky":false,"template":"","format":"standard","meta":{"footnotes":""},"categories":[391,217,1312,1277],"tags":[],"class_list":["post-153082","post","type-post","status-publish","format-standard","has-post-thumbnail","hentry","category-home-va","category-mobilitat","category-noticias-va","category-via-publica-va"],"_links":{"self":[{"href":"https:\/\/www.elche.es\/va\/wp-json\/wp\/v2\/posts\/153082","targetHints":{"allow":["GET"]}}],"collection":[{"href":"https:\/\/www.elche.es\/va\/wp-json\/wp\/v2\/posts"}],"about":[{"href":"https:\/\/www.elche.es\/va\/wp-json\/wp\/v2\/types\/post"}],"author":[{"embeddable":true,"href":"https:\/\/www.elche.es\/va\/wp-json\/wp\/v2\/users\/131"}],"replies":[{"embeddable":true,"href":"https:\/\/www.elche.es\/va\/wp-json\/wp\/v2\/comments?post=153082"}],"version-history":[{"count":0,"href":"https:\/\/www.elche.es\/va\/wp-json\/wp\/v2\/posts\/153082\/revisions"}],"wp:featuredmedia":[{"embeddable":true,"href":"https:\/\/www.elche.es\/va\/wp-json\/wp\/v2\/media\/153015"}],"wp:attachment":[{"href":"https:\/\/www.elche.es\/va\/wp-json\/wp\/v2\/media?parent=153082"}],"wp:term":[{"taxonomy":"category","embeddable":true,"href":"https:\/\/www.elche.es\/va\/wp-json\/wp\/v2\/categories?post=153082"},{"taxonomy":"post_tag","embeddable":true,"href":"https:\/\/www.elche.es\/va\/wp-json\/wp\/v2\/tags?post=153082"}],"curies":[{"name":"wp","href":"https:\/\/api.w.org\/{rel}","templated":true}]}}