{"id":153103,"date":"2021-06-30T14:25:06","date_gmt":"2021-06-30T13:25:06","guid":{"rendered":"https:\/\/www.elche.es\/2021\/06\/empiezan-las-obras-de-derribo-del-hotel-de-arenales-del-sol\/"},"modified":"2021-07-01T09:03:37","modified_gmt":"2021-07-01T08:03:37","slug":"empiezan-las-obras-de-derribo-del-hotel-de-arenales-del-sol","status":"publish","type":"post","link":"https:\/\/www.elche.es\/va\/2021\/06\/empiezan-las-obras-de-derribo-del-hotel-de-arenales-del-sol\/","title":{"rendered":"Comencen les obres d&#8217;enderrocament de l&#8217;Hotel dels Arenals del Sol"},"content":{"rendered":"<div class=\"wpb-content-wrapper\"><p>[vc_row el_id=&#8221;SUBTITULAR_NOTICIA&#8221;][vc_column][vc_column_text]<\/p>\n<hr \/>\n<h4>Amb la demolici\u00f3 del vell edifici es resol un llarg conflicte jur\u00eddic que es remunta a 2016, quan un particular denunci\u00e0 les obres que l&#8217;empresa estava realitzant per a la seua rehabilitaci\u00f3<\/h4>\n<hr \/>\n<p>[\/vc_column_text][\/vc_column][\/vc_row][vc_row el_id=&#8221;TEXTO_NOTICIA&#8221;][vc_column][vc_column_text]L&#8217;alcalde d&#8217;Elx,\u00a0<span class=\"hiddenSpellError\">Carlos<\/span>\u00a0Gonz\u00e1lez, ha anunciat que hui s&#8217;ha iniciat l&#8217;enderrocament de l&#8217;antic Hotel dels Arenals del Sol. Una actuaci\u00f3 amb la qual es resol un llarg conflicte jur\u00eddic que es remunta a l&#8217;any 2016, quan un particular va denunciar que les obres de rehabilitaci\u00f3 que s&#8217;estaven fent per part de l&#8217;empresa estaven incomplint els par\u00e0metres de l&#8217;autoritzaci\u00f3 concedida per a aix\u00f2.<\/p>\n<p>\u201cEstem davant una bona not\u00edcia per als residents dels Arenals del Sol i per a Elx. Amb l&#8217;inici de les obres d&#8217;enderrocament de les ru\u00efnes de l&#8217;hotel es dona soluci\u00f3 a un problema que es trobava enquistat i que estava danyant seriosament la imatge d&#8217;aquesta pedania\u201d, ha indicat l&#8217;alcalde, que destacat que les ru\u00efnes de l&#8217;edifici en primera l\u00ednia de platja estaven generant una situaci\u00f3 complexa per a la din\u00e0mica del litoral i la de tots els comer\u00e7os de l&#8217;avinguda de Sant\u00a0<span class=\"hiddenSpellError\">Bartolom\u00e9<\/span>\u00a0de\u00a0<span class=\"hiddenSpellError\">Tirajana<\/span>.<\/p>\n<p><span class=\"hiddenSpellError\">Carlos<\/span>\u00a0Gonz\u00e1lez ha ressaltat que \u201cles obres que s&#8217;han iniciat tindran un impacte baix sobre el desenvolupament de la temporada estival<span class=\"hiddenGrammarError\" style=\"padding-bottom: 2px;background-image: url('..\/..\/..\/..\/..\/images\/squiggle.png');background-position: left bottom;vertical-align: text-top;cursor: default;color: #565353;font-family: Arial, Helvetica, Verdana, sans-serif;font-size: 18px;font-style: normal;font-weight: 400;letter-spacing: normal;text-align: start;text-indent: 0px;text-transform: none;background-color: #ffffff\">\u201d<\/span>.[\/vc_column_text][\/vc_column][\/vc_row][vc_row][vc_column][vc_single_image image=&#8221;153000&#8243; img_size=&#8221;full&#8221; alignment=&#8221;center&#8221; onclick=&#8221;img_link_large&#8221; css=&#8221;.vc_custom_1625055891166{margin-top: 25px !important;margin-bottom: 25px !important;}&#8221;][\/vc_column][\/vc_row][vc_row el_id=&#8221;DESTACADO_NOTICIA&#8221;][vc_column][vc_column_text el_class=&#8221;cuadronoticia&#8221;]<\/p>\n<h5>L&#8217;alcalde, Carlos Gonz\u00e1lez, destaca que els treballs tindran un m\u00ednim impacte en la din\u00e0mica de la temporada estival i que milloraran la imatge de la pedania<\/h5>\n<p>[\/vc_column_text][\/vc_column][\/vc_row][vc_row el_id=&#8221;TEXTO_FIN_NOTICIA&#8221;][vc_column][vc_column_text]Tal com ha explicat l&#8217;alcalde, des de l&#8217;Ajuntament s&#8217;ha demanat a l&#8217;empresa que execute els treballs amb el m\u00e0xim rigor, prevalent la seguretat i causant les menys mol\u00e8sties possibles als ve\u00efns i a les ve\u00efnes, als usuaris de les platges i a l&#8217;activitat econ\u00f2mica, per tant, \u201cles obres que s&#8217;han iniciat tindran un impacte baix sobre el desenvolupament de la temporada estival perqu\u00e8 tindran un desenvolupament progressiu\u201d.<\/p>\n<p>L&#8217;alcalde ha recordat que \u201caquestes obres de l&#8217;enderrocament de l&#8217;hotel no estan afectades per l&#8217;ordenan\u00e7a municipal que prohibeix les demolicions d&#8217;edificis o moviments de terra en per\u00edode estival, ja que l&#8217;hotel es troba en s\u00f2l no urbanitzable i afectat pel domini p\u00fablic mar\u00edtim terrestre, \u00e9s a dir, fora de l&#8217;\u00e0mbit d&#8217;aplicaci\u00f3 de l&#8217;ordenan\u00e7a\u201d.<\/p>\n<p>L&#8217;alcalde ha insistit en la import\u00e0ncia que t\u00e9 l&#8217;inici de les obres de l&#8217;hotel, ja que\u00a0\u201c\u00e9s una necessitat social, econ\u00f2mica i ambiental per a posar\u00a0punt final\u00a0al conflicte jur\u00eddic m\u00e9s complex de les \u00faltimes d\u00e8cades\u201d. Gonz\u00e1lez ha agra\u00eft als gestors de\u00a0<span class=\"hiddenSpellError\">Princesol<\/span>\u00a0\u201cla bona disposici\u00f3 i la col\u00b7laboraci\u00f3 mostrada per a solucionar l&#8217;actual situaci\u00f3 negativa per a totes les parts\u201d.<\/p>\n<hr \/>\n<p>[\/vc_column_text][\/vc_column][\/vc_row][vc_row][vc_column][vc_single_image image=&#8221;153002&#8243; img_size=&#8221;full&#8221; alignment=&#8221;center&#8221; css=&#8221;.vc_custom_1625053248896{margin-top: 25px !important;margin-bottom: 25px !important;}&#8221;][\/vc_column][\/vc_row][vc_row][vc_column width=&#8221;1\/6&#8243;][\/vc_column][vc_column width=&#8221;2\/3&#8243;]<audio class=\"sc_audio\" src=\"https:\/\/soundcloud.com\/ayuntamiento-de-elche\/declaraciones-del-alcalde-sobre-el-derribo-del-hotel-de-arenales\" width=\"\" height=\"\"><\/audio>[\/vc_column][vc_column width=&#8221;1\/6&#8243;][\/vc_column][\/vc_row]<\/p>\n<\/div>","protected":false},"excerpt":{"rendered":"<p>[vc_row el_id=&#8221;SUBTITULAR_NOTICIA&#8221;][vc_column][vc_column_text] Amb la demolici\u00f3 del vell edifici es resol un llarg conflicte jur\u00eddic que es remunta a 2016, quan un particular denunci\u00e0 les obres que l&#8217;empresa estava realitzant per [&hellip;]<\/p>\n","protected":false},"author":131,"featured_media":153005,"comment_status":"closed","ping_status":"closed","sticky":false,"template":"","format":"standard","meta":{"footnotes":""},"categories":[391,1312,228,210,1277],"tags":[],"class_list":["post-153103","post","type-post","status-publish","format-standard","has-post-thumbnail","hentry","category-home-va","category-noticias-va","category-turisme-va","category-urbanisme-va","category-via-publica-va"],"_links":{"self":[{"href":"https:\/\/www.elche.es\/va\/wp-json\/wp\/v2\/posts\/153103","targetHints":{"allow":["GET"]}}],"collection":[{"href":"https:\/\/www.elche.es\/va\/wp-json\/wp\/v2\/posts"}],"about":[{"href":"https:\/\/www.elche.es\/va\/wp-json\/wp\/v2\/types\/post"}],"author":[{"embeddable":true,"href":"https:\/\/www.elche.es\/va\/wp-json\/wp\/v2\/users\/131"}],"replies":[{"embeddable":true,"href":"https:\/\/www.elche.es\/va\/wp-json\/wp\/v2\/comments?post=153103"}],"version-history":[{"count":0,"href":"https:\/\/www.elche.es\/va\/wp-json\/wp\/v2\/posts\/153103\/revisions"}],"wp:featuredmedia":[{"embeddable":true,"href":"https:\/\/www.elche.es\/va\/wp-json\/wp\/v2\/media\/153005"}],"wp:attachment":[{"href":"https:\/\/www.elche.es\/va\/wp-json\/wp\/v2\/media?parent=153103"}],"wp:term":[{"taxonomy":"category","embeddable":true,"href":"https:\/\/www.elche.es\/va\/wp-json\/wp\/v2\/categories?post=153103"},{"taxonomy":"post_tag","embeddable":true,"href":"https:\/\/www.elche.es\/va\/wp-json\/wp\/v2\/tags?post=153103"}],"curies":[{"name":"wp","href":"https:\/\/api.w.org\/{rel}","templated":true}]}}