{"id":153785,"date":"2021-07-07T12:44:12","date_gmt":"2021-07-07T11:44:12","guid":{"rendered":"https:\/\/www.elche.es\/2021\/07\/el-palacio-de-altamira-acoge-la-presentacion-del-numero-43-de-la-revista-de-moros-y-cristianos\/"},"modified":"2021-07-08T07:27:33","modified_gmt":"2021-07-08T06:27:33","slug":"el-palacio-de-altamira-acoge-la-presentacion-del-numero-43-de-la-revista-de-moros-y-cristianos","status":"publish","type":"post","link":"https:\/\/www.elche.es\/va\/2021\/07\/el-palacio-de-altamira-acoge-la-presentacion-del-numero-43-de-la-revista-de-moros-y-cristianos\/","title":{"rendered":"El Palau d&#8217;Altamira acull la presentaci\u00f3 del n\u00famero 43 de la revista de Moros i Cristians"},"content":{"rendered":"<div class=\"wpb-content-wrapper\"><p>[vc_row el_id=&#8221;SUBTITULAR_NOTICIA&#8221;][vc_column][vc_column_text]<\/p>\n<hr \/>\n<h4>L&#8217;acte ha comptat amb la pres\u00e8ncia de l&#8217;alcalde, Carlos Gonz\u00e1lez, i de la regidora de Festes, Mariola Galiana<\/h4>\n<hr \/>\n<p>[\/vc_column_text][\/vc_column][\/vc_row][vc_row][vc_column][vc_column_text<\/p>\n<p><span class=\"hiddenGrammarError\">]\u201c<\/span>Vull felicitar-vos per l&#8217;esfor\u00e7 extraordinari, pel treball, per la creativitat que esteu demostrant perqu\u00e8 la festa dels Moros i Cristians siga present a la ciutat sense que hi haja festa. Aquest llibre de festes, m\u00e9s que revista a la meua manera de veure, \u00e9s un magn\u00edfic exemple d&#8217;aix\u00f2\u201d, ha assenyalat l&#8217;alcalde d&#8217;Elx, <span class=\"hiddenSpellError\">Carlos<\/span> Gonz\u00e1lez, durant la presentaci\u00f3 del n\u00famero 43 de la publicaci\u00f3 de l&#8217;Associaci\u00f3 Festera.<\/p>\n<p>La presentaci\u00f3 es va desenvolupar al pati d&#8217;armes del Palau d&#8217;Altamira guardant totes les mesures sanit\u00e0ries de seguretat. L&#8217;acte ha comptat amb la pres\u00e8ncia de la regidora de Festes, Mariola Galiana; del president de l&#8217;Associaci\u00f3 de Moros i Cristians, <span class=\"hiddenSpellError\">Juli\u00e1n<\/span> Fern\u00e1ndez; de c\u00e0rrecs festers i de diferents personalitats relacionades amb la F<span class=\"hiddenGrammarError\">esta.<\/span><\/p>\n<p>[\/vc_column_text][\/vc_column][\/vc_row][vc_row][vc_column][vc_gallery type=&#8221;flexslider_slide&#8221; interval=&#8221;5&#8243; images=&#8221;153681,153684,153686,153688,153690,153692,153694,153696,153700&#8243; img_size=&#8221;full&#8221; onclick=&#8221;img_link_large&#8221; css=&#8221;.vc_custom_1625658242303{margin-top: 25px !important;margin-bottom: 25px !important;}&#8221;][\/vc_column][\/vc_row][vc_row el_id=&#8221;TEXTO_FIN_NOTICIA&#8221;][vc_column][vc_column_text]\u201c<span class=\"hiddenGrammarError\">Aquest revista<\/span> recull en les seues 250 p\u00e0gines <span class=\"hiddenGrammarError\">present<\/span>, passat, viv\u00e8ncies, experi\u00e8ncies, opinions i reflexions d&#8217;una festa que heu sabut convertir en un element clau de les celebracions d&#8217;agost. Una publicaci\u00f3 de qualitat, amb contingut, amb una maquetaci\u00f3 molt cuidada, una fotografia espectacular i una portada bella, s\u00f2bria, singular i molt evocadora\u201d, ha expressat el regidor il\u00b7licit\u00e0.<\/p>\n<p>L&#8217;Associaci\u00f3 ha editat 1.500 exemplars d&#8217;aquesta publicaci\u00f3 dirigida per <span class=\"hiddenSpellError\">Juli\u00e1n<\/span> Fern\u00e1ndez i que compta amb fotografies de la mateixa Associaci\u00f3, de les respectives comparses i de Salva Gonz\u00e1lez. La portada \u00e9s l&#8217;obra \u201cTots som un\u201d, d&#8217;Alba Jover, guanyadora de la XL edici\u00f3 del concurs de cartell anunciador.<\/p>\n<hr \/>\n<p>[\/vc_column_text][\/vc_column][\/vc_row][vc_row][vc_column][vc_single_image image=&#8221;153704&#8243; img_size=&#8221;full&#8221; alignment=&#8221;right&#8221; onclick=&#8221;img_link_large&#8221; css=&#8221;.vc_custom_1625658219585{margin-top: 25px !important;margin-bottom: 25px !important;}&#8221;][\/vc_column][\/vc_row][vc_row][vc_column width=&#8221;1\/2&#8243;]<audio class=\"sc_audio\" src=\"https:\/\/soundcloud.com\/ayuntamiento-de-elche\/acto-de-presentacion-de-la-revista-de-la-asociacion-de-moros-y-cristianos-en-el-palacio-de-altamira-1\" width=\"\" height=\"\"><\/audio>[\/vc_column][vc_column width=&#8221;1\/2&#8243;]<audio class=\"sc_audio\" src=\"https:\/\/soundcloud.com\/ayuntamiento-de-elche\/acto-de-presentacion-de-la-revista-de-la-asociacion-de-moros-y-cristianos-en-el-palacio-de-altamira\" width=\"\" height=\"\"><\/audio>[\/vc_column][\/vc_row]<\/p>\n<\/div>","protected":false},"excerpt":{"rendered":"<p>[vc_row el_id=&#8221;SUBTITULAR_NOTICIA&#8221;][vc_column][vc_column_text] L&#8217;acte ha comptat amb la pres\u00e8ncia de l&#8217;alcalde, Carlos Gonz\u00e1lez, i de la regidora de Festes, Mariola Galiana [\/vc_column_text][\/vc_column][\/vc_row][vc_row][vc_column][vc_column_text ]\u201cVull felicitar-vos per l&#8217;esfor\u00e7 extraordinari, pel treball, per la [&hellip;]<\/p>\n","protected":false},"author":145,"featured_media":153699,"comment_status":"closed","ping_status":"closed","sticky":false,"template":"","format":"standard","meta":{"footnotes":""},"categories":[191,391,1312],"tags":[],"class_list":["post-153785","post","type-post","status-publish","format-standard","has-post-thumbnail","hentry","category-festes-va","category-home-va","category-noticias-va"],"_links":{"self":[{"href":"https:\/\/www.elche.es\/va\/wp-json\/wp\/v2\/posts\/153785","targetHints":{"allow":["GET"]}}],"collection":[{"href":"https:\/\/www.elche.es\/va\/wp-json\/wp\/v2\/posts"}],"about":[{"href":"https:\/\/www.elche.es\/va\/wp-json\/wp\/v2\/types\/post"}],"author":[{"embeddable":true,"href":"https:\/\/www.elche.es\/va\/wp-json\/wp\/v2\/users\/145"}],"replies":[{"embeddable":true,"href":"https:\/\/www.elche.es\/va\/wp-json\/wp\/v2\/comments?post=153785"}],"version-history":[{"count":0,"href":"https:\/\/www.elche.es\/va\/wp-json\/wp\/v2\/posts\/153785\/revisions"}],"wp:featuredmedia":[{"embeddable":true,"href":"https:\/\/www.elche.es\/va\/wp-json\/wp\/v2\/media\/153699"}],"wp:attachment":[{"href":"https:\/\/www.elche.es\/va\/wp-json\/wp\/v2\/media?parent=153785"}],"wp:term":[{"taxonomy":"category","embeddable":true,"href":"https:\/\/www.elche.es\/va\/wp-json\/wp\/v2\/categories?post=153785"},{"taxonomy":"post_tag","embeddable":true,"href":"https:\/\/www.elche.es\/va\/wp-json\/wp\/v2\/tags?post=153785"}],"curies":[{"name":"wp","href":"https:\/\/api.w.org\/{rel}","templated":true}]}}