{"id":157190,"date":"2021-08-05T10:23:15","date_gmt":"2021-08-05T09:23:15","guid":{"rendered":"https:\/\/www.elche.es\/2021\/08\/detinguts-per-agredir-al-titular-dun-establiment-que-no-els-va-vendre-alcohol\/"},"modified":"2021-08-05T10:23:16","modified_gmt":"2021-08-05T09:23:16","slug":"detinguts-per-agredir-al-titular-dun-establiment-que-no-els-va-vendre-alcohol","status":"publish","type":"post","link":"https:\/\/www.elche.es\/va\/2021\/08\/detinguts-per-agredir-al-titular-dun-establiment-que-no-els-va-vendre-alcohol\/","title":{"rendered":"Detinguts per agredir al titular d&#8217;un establiment que no els va vendre alcohol"},"content":{"rendered":"<div class=\"wpb-content-wrapper\"><p>[vc_row el_id=&#8221;SUBTITULAR_NOTICIA&#8221;][vc_column][vc_column_text]<\/p>\n<hr \/>\n<h4>Els agressors, que van rebre la negativa de la propiet\u00e0ria en intentar comprar beguda alcoh\u00f2lica, van romandre enfront de l&#8217;establiment i van ocasionar mol\u00e8sties als vianants<\/h4>\n<hr \/>\n<p>[\/vc_column_text][\/vc_column][\/vc_row][vc_row el_id=&#8221;TEXTO_FIN_NOTICIA&#8221;][vc_column][vc_column_text]La Policia Local d&#8217;Elx va detindre, el passat 25 de juliol, dues persones de 36 i 24 anys per agredir amb un casc el titular d&#8217;un establiment 24 hores situat en Cam\u00ed dels Magres. Els agents van ser alertats sobre les 03.50 hores perqu\u00e8 es dirigiren a un establiment on van trobar a un home amb una bretxa en l&#8217;ull al costat de la seua dona, tots dos responsables de l&#8217;activitat.<\/p>\n<p>La parella va relatar que minuts abans dues persones van entrar al local, sense samarreta ni m\u00e0scara, amb la intenci\u00f3 de comprar beguda alcoh\u00f2lica. Davant la negativa de la propiet\u00e0ria per la prohibici\u00f3 vigent, tots dos implicats van abandonar l&#8217;establiment, van romandre enfront d&#8217;aquest i van ocasionar mol\u00e8sties als vianants.<\/p>\n<p>Els titulars de l&#8217;establiment els van recriminar el fet i un d&#8217;ells va ser agredit tot seguit amb un casc. Una vegada facilitada la descripci\u00f3 dels presumptes autors dels fets, els agents els van trobar en la rodalia del jard\u00ed 1 de Maig i van ser identificats.<\/p>\n<p>Despr\u00e9s de l&#8217;assist\u00e8ncia m\u00e8dica a l&#8217;agredit, que va requerir punts de sutura, es va procedir a la detenci\u00f3 dels dos denunciats i seguidament van ser traslladats a depend\u00e8ncies policials.<\/p>\n<hr \/>\n<p>[\/vc_column_text][\/vc_column][\/vc_row][vc_row][vc_column width=&#8221;1\/6&#8243;][\/vc_column][vc_column width=&#8221;2\/3&#8243;]<audio class=\"sc_audio\" src=\"\" width=\"\" height=\"\"><\/audio>[\/vc_column][vc_column width=&#8221;1\/6&#8243;][\/vc_column][\/vc_row]<\/p>\n<\/div>","protected":false},"excerpt":{"rendered":"<p>[vc_row el_id=&#8221;SUBTITULAR_NOTICIA&#8221;][vc_column][vc_column_text] Els agressors, que van rebre la negativa de la propiet\u00e0ria en intentar comprar beguda alcoh\u00f2lica, van romandre enfront de l&#8217;establiment i van ocasionar mol\u00e8sties als vianants [\/vc_column_text][\/vc_column][\/vc_row][vc_row el_id=&#8221;TEXTO_FIN_NOTICIA&#8221;][vc_column][vc_column_text]La [&hellip;]<\/p>\n","protected":false},"author":131,"featured_media":152460,"comment_status":"closed","ping_status":"closed","sticky":false,"template":"","format":"standard","meta":{"footnotes":""},"categories":[1312,238],"tags":[],"class_list":["post-157190","post","type-post","status-publish","format-standard","has-post-thumbnail","hentry","category-noticias-va","category-policia-local-va"],"_links":{"self":[{"href":"https:\/\/www.elche.es\/va\/wp-json\/wp\/v2\/posts\/157190","targetHints":{"allow":["GET"]}}],"collection":[{"href":"https:\/\/www.elche.es\/va\/wp-json\/wp\/v2\/posts"}],"about":[{"href":"https:\/\/www.elche.es\/va\/wp-json\/wp\/v2\/types\/post"}],"author":[{"embeddable":true,"href":"https:\/\/www.elche.es\/va\/wp-json\/wp\/v2\/users\/131"}],"replies":[{"embeddable":true,"href":"https:\/\/www.elche.es\/va\/wp-json\/wp\/v2\/comments?post=157190"}],"version-history":[{"count":0,"href":"https:\/\/www.elche.es\/va\/wp-json\/wp\/v2\/posts\/157190\/revisions"}],"wp:featuredmedia":[{"embeddable":true,"href":"https:\/\/www.elche.es\/va\/wp-json\/wp\/v2\/media\/152460"}],"wp:attachment":[{"href":"https:\/\/www.elche.es\/va\/wp-json\/wp\/v2\/media?parent=157190"}],"wp:term":[{"taxonomy":"category","embeddable":true,"href":"https:\/\/www.elche.es\/va\/wp-json\/wp\/v2\/categories?post=157190"},{"taxonomy":"post_tag","embeddable":true,"href":"https:\/\/www.elche.es\/va\/wp-json\/wp\/v2\/tags?post=157190"}],"curies":[{"name":"wp","href":"https:\/\/api.w.org\/{rel}","templated":true}]}}