{"id":157515,"date":"2021-08-09T13:06:35","date_gmt":"2021-08-09T12:06:35","guid":{"rendered":"https:\/\/www.elche.es\/2021\/08\/lhort-del-monjo-comptara-a-partir-de-setembre-amb-nous-jocs-infantils-que-desenvoluparan-les-habilitats-motores-dels-xiquets\/"},"modified":"2021-08-10T07:55:56","modified_gmt":"2021-08-10T06:55:56","slug":"lhort-del-monjo-comptara-a-partir-de-setembre-amb-nous-jocs-infantils-que-desenvoluparan-les-habilitats-motores-dels-xiquets","status":"publish","type":"post","link":"https:\/\/www.elche.es\/va\/2021\/08\/lhort-del-monjo-comptara-a-partir-de-setembre-amb-nous-jocs-infantils-que-desenvoluparan-les-habilitats-motores-dels-xiquets\/","title":{"rendered":"L&#8217;Hort del Monjo comptar\u00e0 a partir de setembre amb nous jocs infantils que desenvoluparan les habilitats motores dels xiquets"},"content":{"rendered":"<div class=\"wpb-content-wrapper\"><p>[vc_row el_id=&#8221;SUBTITULAR_NOTICIA&#8221;][vc_column][vc_column_text]<\/p>\n<hr \/>\n<h4>El regidor de Modernitzaci\u00f3 de l&#8217;Espai P\u00fablic, H\u00e9ctor D\u00edez, quantifica la inversi\u00f3 en 15.200 euros i destaca l&#8217;aposta per elements moderns i singulars com a escalada, equilibri o grimpa<\/h4>\n<hr \/>\n<p>[\/vc_column_text][\/vc_column][\/vc_row][vc_row el_id=&#8221;TEXTO_FIN_NOTICIA&#8221;][vc_column][vc_column_text]El regidor de Modernitzaci\u00f3 de l&#8217;Espai P\u00fablic, H\u00e9ctor D\u00edez, ha presentat els nous jocs infantils que es construiran al parc de l&#8217;Hort del Monjo. L&#8217;objectiu d&#8217;aquesta obra \u00e9s oferir als xiquets de 6 a 15 anys una \u00e0rea tem\u00e0tica i esportiva per a divertir-se m\u00e9s enll\u00e0 dels tradicionals tobogans o gronxadors que es poden trobar en qualsevol parc convencional.<\/p>\n<p>L&#8217;edil pret\u00e9n apostar per jocs que ajuden a desenvolupar les capacitats motores dels m\u00e9s xicotets, amb diferents jocs de grimpa, escalada i equilibri. Per a la renovaci\u00f3 s&#8217;invertiran 15.200\u20ac amb els quals tamb\u00e9 es renovar\u00e0 el cautx\u00fa del propi parc. Es planeja que l&#8217;obra estiga llesta en un mes d&#8217;execuci\u00f3, \u00e9s a dir, que els xiquets puguen fer \u00fas del parc a la fi de setembre. Entre els diferents recreatius que es construiran estan, entre altres, uns jocs de barres, una escalada amb corda i una rampa amb diferents tipus de suport d&#8217;agafada.<\/p>\n<p>&#8220;Pretenem que Elx deixe de tindre els mateixos jocs en tots els barris i en totes les pedanies. Que s&#8217;aposte per alternatives modernes que seguisquen la tend\u00e8ncia que hi ha actualment a tota la naci\u00f3 i que siguen tem\u00e0tics. Que cada zona d&#8217;Elx puga tindre jocs diferents&#8221;, ha puntualitzat l&#8217;edil. D\u00edez tamb\u00e9 ha volgut destacar que &#8220;en el cas de l&#8217;Hort del Monjo, hi ha, en menys de 50 metres, 4 zones de jocs infantils addicionals en la via p\u00fablica que ja tenen els gronxadors i tobogans de sempre. Volem apostar per elements singulars i moderns que no hi ha a la resta de la ciutat. Volem que els ve\u00efns i les ve\u00efnes d&#8217;Elx rec\u00f3rreguen la ciutats a la recerca d&#8217;aquests jocs tem\u00e0tics que poden ser un est\u00edmul per als xiquets entre 6 i 15 anys.&#8221;<\/p>\n<p>L&#8217;edil tamb\u00e9 ha aprofitat per a fer balan\u00e7 de l&#8217;any 2021, en el qual s&#8217;han invertit al voltant de 575.000\u20ac en la modernitzaci\u00f3, millora i manteniment dels m\u00e9s de 150 parcs de la ciutat, i ha anunciat que es duran a terme m\u00e9s renovacions a final d&#8217;any en zones com la pla\u00e7a de la Glea-Marina i el Jard\u00ed d&#8217;Andalusia al Toscar.<\/p>\n<hr \/>\n<p>[\/vc_column_text][\/vc_column][\/vc_row][vc_row][vc_column][vc_gallery type=&#8221;flexslider_slide&#8221; interval=&#8221;3&#8243; images=&#8221;157571,157573,157575&#8243; img_size=&#8221;full&#8221; css=&#8221;.vc_custom_1628520693355{margin-top: 25px !important;margin-bottom: 25px !important;}&#8221;][\/vc_column][\/vc_row][vc_row][vc_column width=&#8221;1\/6&#8243;][\/vc_column][vc_column width=&#8221;2\/3&#8243;]<audio class=\"sc_audio\" src=\"https:\/\/soundcloud.com\/ayuntamiento-de-elche\/hector-diez-sobre-los-nuevos-juegos-infantiles-del-hort-del-monjo\" width=\"\" height=\"\"><\/audio>[\/vc_column][vc_column width=&#8221;1\/6&#8243;][\/vc_column][\/vc_row]<\/p>\n<\/div>","protected":false},"excerpt":{"rendered":"<p>[vc_row el_id=&#8221;SUBTITULAR_NOTICIA&#8221;][vc_column][vc_column_text] El regidor de Modernitzaci\u00f3 de l&#8217;Espai P\u00fablic, H\u00e9ctor D\u00edez, quantifica la inversi\u00f3 en 15.200 euros i destaca l&#8217;aposta per elements moderns i singulars com a escalada, equilibri o [&hellip;]<\/p>\n","protected":false},"author":131,"featured_media":157512,"comment_status":"closed","ping_status":"closed","sticky":false,"template":"","format":"standard","meta":{"footnotes":""},"categories":[391,2785,1312,2706,1277],"tags":[],"class_list":["post-157515","post","type-post","status-publish","format-standard","has-post-thumbnail","hentry","category-home-va","category-modernizacion-va","category-noticias-va","category-parques-y-jardines-va","category-via-publica-va"],"_links":{"self":[{"href":"https:\/\/www.elche.es\/va\/wp-json\/wp\/v2\/posts\/157515","targetHints":{"allow":["GET"]}}],"collection":[{"href":"https:\/\/www.elche.es\/va\/wp-json\/wp\/v2\/posts"}],"about":[{"href":"https:\/\/www.elche.es\/va\/wp-json\/wp\/v2\/types\/post"}],"author":[{"embeddable":true,"href":"https:\/\/www.elche.es\/va\/wp-json\/wp\/v2\/users\/131"}],"replies":[{"embeddable":true,"href":"https:\/\/www.elche.es\/va\/wp-json\/wp\/v2\/comments?post=157515"}],"version-history":[{"count":0,"href":"https:\/\/www.elche.es\/va\/wp-json\/wp\/v2\/posts\/157515\/revisions"}],"wp:featuredmedia":[{"embeddable":true,"href":"https:\/\/www.elche.es\/va\/wp-json\/wp\/v2\/media\/157512"}],"wp:attachment":[{"href":"https:\/\/www.elche.es\/va\/wp-json\/wp\/v2\/media?parent=157515"}],"wp:term":[{"taxonomy":"category","embeddable":true,"href":"https:\/\/www.elche.es\/va\/wp-json\/wp\/v2\/categories?post=157515"},{"taxonomy":"post_tag","embeddable":true,"href":"https:\/\/www.elche.es\/va\/wp-json\/wp\/v2\/tags?post=157515"}],"curies":[{"name":"wp","href":"https:\/\/api.w.org\/{rel}","templated":true}]}}