{"id":157858,"date":"2021-08-13T07:46:37","date_gmt":"2021-08-13T06:46:37","guid":{"rendered":"https:\/\/www.elche.es\/2021\/08\/un-mosaic-floral-i-un-ninot-commemoren-al-costat-del-museu-arqueologic-la-batalla-de-flors\/"},"modified":"2021-08-13T07:46:38","modified_gmt":"2021-08-13T06:46:38","slug":"un-mosaic-floral-i-un-ninot-commemoren-al-costat-del-museu-arqueologic-la-batalla-de-flors","status":"publish","type":"post","link":"https:\/\/www.elche.es\/va\/2021\/08\/un-mosaic-floral-i-un-ninot-commemoren-al-costat-del-museu-arqueologic-la-batalla-de-flors\/","title":{"rendered":"Un mosaic floral i un ninot commemoren al costat del Museu Arqueol\u00f2gic la \u201cBatalla de Flors\u201d"},"content":{"rendered":"<div class=\"wpb-content-wrapper\"><p>[vc_row el_id=&#8221;SUBTITULAR_NOTICIA&#8221;][vc_column][vc_column_text]<\/p>\n<hr \/>\n<h4>\u00c9s un homenatge a totes les reines i dames de la ciutat i es podr\u00e0 visitar fins al dia 15 d&#8217;agost<\/h4>\n<hr \/>\n<p>[\/vc_column_text][\/vc_column][\/vc_row][vc_row el_id=&#8221;TEXTO_NOTICIA&#8221;][vc_column][vc_column_text]La regidora de festes, Mariola Galiana, junt a Fernando Ja\u00e9n, president de la Federaci\u00f3 Gestora de Festejos Populars, han presentat aquest mat\u00ed despr\u00e9s d&#8217;una masclet\u00e1 un mosaic floral amb un ninot commemoratiu de la \u201cBatalla de Flors\u201d, una cerim\u00f2nia que porta dos anys sense celebrar-se a causa de la situaci\u00f3 sanit\u00e0ria.<\/p>\n<p>La figura creada per Fran Sierra, el mestre faller que va dissenyar el Cub Fester que es troba en la pla\u00e7a de Baix, representa tal com ha dit la regidora \u201cel moment en qu\u00e8 les dames i reines de cada comissi\u00f3 dels diferents barris de la ciutat baixen de la seua carrossa i travessen la catifa que formen les flors\u201d.<\/p>\n<p>Aquesta iniciativa est\u00e0 enfocada \u201ca dotar la ciutat en aquests meravellosos dies de festes patronals adaptades a les condicions sanit\u00e0ries i a tots els il\u00b7licitans i il\u00b7licitanes espais en els quals puguen passejar, gaudir i evocar moments de les festes patronals\u201d, com ha explicat la regidora de Festes.<\/p>\n<p>El president de la Federaci\u00f3 Gestora de Festejos Populars tamb\u00e9 ha volgut deixar clar que un dels objectius d&#8217;aquesta commemoraci\u00f3 \u00e9s \u201cque la ciutadania tinga present que la comissi\u00f3 de festes continua sent ac\u00ed\u201d encara que enguany les festes s&#8217;hagen hagut de renovar i d&#8217;adaptar a la situaci\u00f3 sanit\u00e0ria provocada per la pand\u00e8mia.<\/p>\n<p>Aquest mosaic floral es podr\u00e0 visitar fins al dia 15 d&#8217;agost igual que el grafiti commemoratiu a la Gran Xaranga il\u00b7licitana.[\/vc_column_text][\/vc_column][\/vc_row][vc_row type=&#8221;flexslider_slide&#8221; interval=&#8221;5&#8243; source=&#8221;media_library&#8221; images=&#8221;&#8221; img_size=&#8221;full&#8221; external_img_size=&#8221;&#8221; onclick=&#8221;link_image&#8221; custom_links_target=&#8221;_self&#8221; el_class=&#8221;galerianoticia&#8221; title=&#8221;&#8221; custom_srcs=&#8221;&#8221; custom_links=&#8221;&#8221;][vc_column][vc_gallery type=&#8221;flexslider_slide&#8221; interval=&#8221;5&#8243; images=&#8221;157823,157829,157833,157821&#8243; img_size=&#8221;full&#8221; el_class=&#8221;galerianoticia&#8221;][\/vc_column][\/vc_row][vc_row el_id=&#8221;DESTACADO_NOTICIA&#8221;][vc_column][vc_column_text el_class=&#8221;cuadronoticia&#8221;]<strong>Continuen els concerts programats fins al dia 14 en els quals actuaran artistes com Beret o El Arrebato.<\/strong>[\/vc_column_text][\/vc_column][\/vc_row][vc_row el_id=&#8221;TEXTO_FIN_NOTICIA&#8221;][vc_column][vc_column_text]A m\u00e9s, continuen els concerts que fins al dia 14 d&#8217;agost se celebraran a l&#8217;esplanada de la UMH, en la Rotonda Parc Municipal i a l\u2019Hort de Baix, en els quals actuen estreles de la talla de Beret o El Arrebato.<\/p>\n<hr \/>\n<p>[\/vc_column_text][\/vc_column][\/vc_row][vc_row source=&#8221;media_library&#8221; image=&#8221;&#8221; img_size=&#8221;full&#8221; external_img_size=&#8221;&#8221; add_caption=&#8221;&#8221; alignment=&#8221;left&#8221; style=&#8221;&#8221; external_style=&#8221;&#8221; border_color=&#8221;grey&#8221; external_border_color=&#8221;grey&#8221; onclick=&#8221;link_image&#8221; img_link_target=&#8221;_self&#8221; el_class=&#8221;fotounicanoticia&#8221; title=&#8221;&#8221; custom_src=&#8221;&#8221; caption=&#8221;&#8221; link=&#8221;&#8221; img_link_large=&#8221;&#8221;][vc_column][vc_single_image image=&#8221;157819&#8243; img_size=&#8221;full&#8221; onclick=&#8221;link_image&#8221; el_class=&#8221;fotounicanoticia&#8221;][\/vc_column][\/vc_row]<\/p>\n<\/div>","protected":false},"excerpt":{"rendered":"<p>[vc_row el_id=&#8221;SUBTITULAR_NOTICIA&#8221;][vc_column][vc_column_text] \u00c9s un homenatge a totes les reines i dames de la ciutat i es podr\u00e0 visitar fins al dia 15 d&#8217;agost [\/vc_column_text][\/vc_column][\/vc_row][vc_row el_id=&#8221;TEXTO_NOTICIA&#8221;][vc_column][vc_column_text]La regidora de festes, Mariola Galiana, [&hellip;]<\/p>\n","protected":false},"author":131,"featured_media":157832,"comment_status":"closed","ping_status":"closed","sticky":false,"template":"","format":"standard","meta":{"footnotes":""},"categories":[191,391,1312],"tags":[],"class_list":["post-157858","post","type-post","status-publish","format-standard","has-post-thumbnail","hentry","category-festes-va","category-home-va","category-noticias-va"],"_links":{"self":[{"href":"https:\/\/www.elche.es\/va\/wp-json\/wp\/v2\/posts\/157858","targetHints":{"allow":["GET"]}}],"collection":[{"href":"https:\/\/www.elche.es\/va\/wp-json\/wp\/v2\/posts"}],"about":[{"href":"https:\/\/www.elche.es\/va\/wp-json\/wp\/v2\/types\/post"}],"author":[{"embeddable":true,"href":"https:\/\/www.elche.es\/va\/wp-json\/wp\/v2\/users\/131"}],"replies":[{"embeddable":true,"href":"https:\/\/www.elche.es\/va\/wp-json\/wp\/v2\/comments?post=157858"}],"version-history":[{"count":0,"href":"https:\/\/www.elche.es\/va\/wp-json\/wp\/v2\/posts\/157858\/revisions"}],"wp:featuredmedia":[{"embeddable":true,"href":"https:\/\/www.elche.es\/va\/wp-json\/wp\/v2\/media\/157832"}],"wp:attachment":[{"href":"https:\/\/www.elche.es\/va\/wp-json\/wp\/v2\/media?parent=157858"}],"wp:term":[{"taxonomy":"category","embeddable":true,"href":"https:\/\/www.elche.es\/va\/wp-json\/wp\/v2\/categories?post=157858"},{"taxonomy":"post_tag","embeddable":true,"href":"https:\/\/www.elche.es\/va\/wp-json\/wp\/v2\/tags?post=157858"}],"curies":[{"name":"wp","href":"https:\/\/api.w.org\/{rel}","templated":true}]}}