{"id":158000,"date":"2021-08-16T10:12:55","date_gmt":"2021-08-16T09:12:55","guid":{"rendered":"https:\/\/www.elche.es\/2021\/08\/lalcalde-advoca-per-un-major-financament-i-per-la-rehabilitacio-de-la-basilica-de-santa-maria-per-a-garantir-ladequada-proteccio-i-promocio-del-misteri\/"},"modified":"2021-08-16T10:12:56","modified_gmt":"2021-08-16T09:12:56","slug":"lalcalde-advoca-per-un-major-financament-i-per-la-rehabilitacio-de-la-basilica-de-santa-maria-per-a-garantir-ladequada-proteccio-i-promocio-del-misteri","status":"publish","type":"post","link":"https:\/\/www.elche.es\/va\/2021\/08\/lalcalde-advoca-per-un-major-financament-i-per-la-rehabilitacio-de-la-basilica-de-santa-maria-per-a-garantir-ladequada-proteccio-i-promocio-del-misteri\/","title":{"rendered":"L&#8217;alcalde advoca per un major finan\u00e7ament i per la rehabilitaci\u00f3 de la bas\u00edlica de Santa Maria per a garantir l&#8217;adequada protecci\u00f3 i promoci\u00f3 del Misteri"},"content":{"rendered":"<div class=\"wpb-content-wrapper\"><p>[vc_row el_id=&#8221;SUBTITULAR_NOTICIA&#8221;][vc_column][vc_column_text]<\/p>\n<hr \/>\n<h4>Carlos Gonz\u00e1lez presideix la sessi\u00f3 del Patronat Rector i tamb\u00e9 planteja la desestacionalitzaci\u00f3 de la Festa, la import\u00e0ncia d&#8217;enfortir i d&#8217;estendre el seu arrelament social, aix\u00ed com potenciar la seua projecci\u00f3 nacional i internacional<\/h4>\n<hr \/>\n<p>[\/vc_column_text][\/vc_column][\/vc_row][vc_row el_id=&#8221;TEXTO_NOTICIA&#8221;][vc_column][vc_column_text]La suspensi\u00f3 de les festes patronals i l&#8217;esdeveniment principal d&#8217;aquestes, la Festa, que enguany ha complit dues d\u00e8cades com a Patrimoni de la Humanitat, no ha impedit la celebraci\u00f3 en data de hui de la sessi\u00f3 p\u00fablica del Patronat Rector del Misteri d\u2019Elx, que ha sigut retransmesa per<em> streaming<\/em> per segon any consecutiu en el Centre de Congressos on s&#8217;han adoptat totes les mesures de seguretat per a garantir el distanciament interpersonal entre les persones assistents. Una convocat\u00f2ria a la qual ha assistit l&#8217;alcalde i president efectiu del Patronat i de la Junta Rectora, Carlos Gonz\u00e1lez; el president executiu, Francisco Borja; el secretari de la Junta, Joaqu\u00edn Sempere; la regidora de Cultura, Marga Ant\u00f3n; i el vicari episcopal, Jos\u00e9 Antonio Valero, entre altres membres del Patronat.<\/p>\n<p>En la reuni\u00f3 s&#8217;ha donat compte de l&#8217;activitat desenvolupada en l&#8217;\u00faltim any i s&#8217;han definit les directrius a seguir per a continuar assegurant el futur d&#8217;aquest b\u00e9 immaterial que data del segle XV.<\/p>\n<p>Durant la sessi\u00f3, el regidor il\u00b7licit\u00e0 ha plantejat cinc directrius b\u00e0siques que garantisquen la protecci\u00f3 de la Festa que la llei encomana a aquest Patronat. En aquest sentit, Gonz\u00e1lez ha advocat per un major finan\u00e7ament i per la rehabilitaci\u00f3 de la bas\u00edlica de Santa Maria que permeten una adequada protecci\u00f3 i promoci\u00f3 del Misteri. \u201cEn aquests moments exigeix un esfor\u00e7 inversor dirigit a frenar la deterioraci\u00f3 i la degradaci\u00f3 que pateix a conseq\u00fc\u00e8ncia del transcurs de temps\u201d, ha declarat Gonz\u00e1lez, que, malgrat recon\u00e9ixer els avan\u00e7os en les aportacions de la Generalitat i la Diputaci\u00f3, ha considerat necessari equiparar les aportacions de les administracions, aix\u00ed com que l&#8217;Institut Nacional de les Arts Esc\u00e8niques i de la M\u00fasica (INAEM) incremente els seus recursos per a garantir la sufici\u00e8ncia financera de la Festa com a element essencial per a assegurar la seua conservaci\u00f3.<\/p>\n<p>El responsable de l&#8217;Equip de Govern ha puntualitzat, a m\u00e9s, que una de les directrius necess\u00e0ries per a impulsar la Festa \u00e9s la seua desestacionalitzaci\u00f3, sense alterar la tradici\u00f3. \u201cHem de ser capa\u00e7os de posar en marxa un projecte que permeta con\u00e9ixer, gaudir i sentir el Misteri, fora dels per\u00edodes de representaci\u00f3 d&#8217;agost i que tinga la seua base essencial en les noves tecnologies\u201d, ha assenyalat Gonz\u00e1lez, que ha destacat tamb\u00e9 la import\u00e0ncia d&#8217;enfortir i d&#8217;estendre l&#8217;arrelament social d&#8217;aquesta joia medieval.[\/vc_column_text][\/vc_column][\/vc_row][vc_row el_id=&#8221;DESTACADO_NOTICIA&#8221;][vc_column][vc_column_text el_class=&#8221;cuadronoticia&#8221;]<\/p>\n<h5>Aprovat un pressupost de 412.000 euros en una sessi\u00f3 a la qual han assistit, entre altres membres, el president executiu, Francisco Borja; el secretari de la Junta, Joaqu\u00edn Sempere; la regidora de Cultura, Marga Ant\u00f3n; i el vicari episcopal, Jos\u00e9 Antonio Valero<\/h5>\n<p>[\/vc_column_text][\/vc_column][\/vc_row][vc_row el_id=&#8221;TEXTO_FIN_NOTICIA&#8221;][vc_column][vc_column_text]\u201c\u00c9s prioritari treballar amb visi\u00f3 de llarg termini i impulsar iniciatives que generen afecte, vinculaci\u00f3 i inclinaci\u00f3 cap al Misteri, en una ciutat que cada dia \u00e9s m\u00e9s complexa, m\u00e9s canviant i multicultural\u201d, ha assenyalat el regidor il\u00b7licit\u00e0, que ha indicat que \u201cels xiquets i els joves, de tots dos sexes, s\u00f3n clau per a garantir que el Misteri continue transmetent-se de generaci\u00f3 en generaci\u00f3\u201d.<\/p>\n<p>Tamb\u00e9 ha posat l&#8217;accent en el fet de rellan\u00e7ar la projecci\u00f3 nacional i internacional del Misteri. L&#8217;alcalde ha assenyalat que \u201caquest context de redefinici\u00f3 del turisme es presenta com una oportunitat per a potenciar el coneixement i gaudi del valor excepcional del Misteri per tots els pobles del m\u00f3n, la qual cosa entronca amb un dels sentits de la mateixa Declaraci\u00f3 de Patrimoni de la Humanitat\u201d.<\/p>\n<p>Aix\u00ed mateix, Gonz\u00e1lez ha lloat la responsabilitat del Patronat i de la resta d&#8217;ens festers que van adoptar la determinaci\u00f3 de suspendre tots els actes estiuencs en pro de la salut p\u00fablica i ha tingut unes paraules d&#8217;afecte i \u00e0nim per a les quasi 300 persones que cada any fan possible les representacions d&#8217;aquest tresor cultural. Des de tramoistes, perruquers, sastresses i cambreres fins a consuetes, organistes, porters, hostesses, electricistes, mestre de cerim\u00f2nies, mestre de capella, membres de l&#8217;Escolania i la Capella.<\/p>\n<p>Francisco Borja, per part seua, ha donat compte dels fets m\u00e9s rellevants del passat exercici, com el primer concert de la Capella, des que es va iniciar la pand\u00e8mia, amb p\u00fablic presencial a l&#8217;Auditori Internacional de Torrevella o la celebraci\u00f3 del concert de Nadal mitjan\u00e7ant un enregistrament professional que es va emetre en les xarxes socials i televisions.<\/p>\n<p>El Misteri d\u2019Elx tamb\u00e9 va ser present en la primera Trobada de Gestors de Patrimoni Cultural Immaterial organitzada per la Subdirecci\u00f3 General de Gesti\u00f3 i Coordinaci\u00f3 dels B\u00e9ns Culturals. A m\u00e9s, es van realitzar una s\u00e8rie d&#8217;activitats com \u201cLa participaci\u00f3 de les dones en el Patrimoni Cultural Immaterial: situaci\u00f3 actual, experi\u00e8ncies i perspectives de futur\u201d, la projecci\u00f3 dels documentals \u201cEn temps de festa\u201d i \u201cElx en Festa\u201d, un acte institucional amb motiu del 18 de maig a la pla\u00e7a del Congr\u00e9s Eucar\u00edstic, l&#8217;exposici\u00f3 a la Corredora \u201cCinc segles de la Festa, 20 anys de Patrimoni Immaterial\u201d i la posada en marxa de la figura de Protector d&#8217;Honor, un t\u00edtol p\u00f2stum amb el qual es va distingir Joaqu\u00edn Serrano, expresident del Patronat en reconeixement a la gran contribuci\u00f3 que va realitzar per la superviv\u00e8ncia del Misteri.[\/vc_column_text][\/vc_column][\/vc_row][vc_row][vc_column width=&#8221;1\/6&#8243;][\/vc_column][vc_column width=&#8221;2\/3&#8243;]<audio class=\"sc_audio\" src=\"https:\/\/soundcloud.com\/ayuntamiento-de-elche\/carlos-gonzalez-sobre-la-rehabilitacion-de-la-basilica-de-santa-maria\" width=\"\" height=\"\"><\/audio>[\/vc_column][vc_column width=&#8221;1\/6&#8243;][\/vc_column][\/vc_row][vc_row][vc_column][vc_column_text]Borja ha destacat que les vesprades del 14 i del 15 d&#8217;agost tindr\u00e0 lloc les Vespres de l&#8217;Assumpci\u00f3, interpretades pel Cor Juvenil. A m\u00e9s, el 15 d&#8217;agost a les 12.00 hores se celebrar\u00e0 una missa solemne de l&#8217;Assumpci\u00f3 de la Verge, presidida pel bisbe de la di\u00f2cesi d&#8217;Oriola-Alacant amb la intervenci\u00f3 del Cor Juvenil. I per finalitzar, del 16 al 22 d&#8217;agost a les 20.00 hores es dur\u00e0 a terme una missa i cant de la Salve i dels Gojos de l&#8217;Assumpci\u00f3 amb la intervenci\u00f3 de tres cantors cada dia.<\/p>\n<p>Els actes es retransmetran tant a trav\u00e9s de les xarxes socials com de les televisions locals i a l&#8217;interior de la bas\u00edlica es comptar\u00e0 amb totes les mesures sanit\u00e0ries vigents i amb un estricte control d&#8217;aforament.<\/p>\n<h5>Pressupost 2022<\/h5>\n<p>Quant al futur immediat, i en el marc del nou pressupost, el Patronat ha aprovat un pressupost de 412.000 euros, la qual cosa suposa un increment del 8,56% respecte a l&#8217;exercici 2021 i d&#8217;un 11,87% respecte al de 2020. El pressupost de despesa corrent m\u00e9s gran de la hist\u00f2ria que es destinar\u00e0 a la realitzaci\u00f3 d&#8217;activitats i a la posada en valor de la Festa, segons ha indicat el tresorer, Antonio R\u00f3denas, que l&#8217;ha qualificat com a \u201crealista i ambici\u00f3s, i que podria complir amb escreix la necessitat del Patronat\u201d.<\/p>\n<hr \/>\n<p>[\/vc_column_text][\/vc_column][\/vc_row][vc_row type=&#8221;flexslider_slide&#8221; interval=&#8221;5&#8243; source=&#8221;media_library&#8221; images=&#8221;&#8221; img_size=&#8221;full&#8221; external_img_size=&#8221;&#8221; onclick=&#8221;link_image&#8221; custom_links_target=&#8221;_self&#8221; el_class=&#8221;galerianoticia&#8221; title=&#8221;&#8221; custom_srcs=&#8221;&#8221; custom_links=&#8221;&#8221;][vc_column][vc_gallery type=&#8221;flexslider_slide&#8221; interval=&#8221;5&#8243; images=&#8221;157930,157928,157926&#8243; img_size=&#8221;full&#8221; el_class=&#8221;galerianoticia&#8221;][\/vc_column][\/vc_row]<\/p>\n<\/div>","protected":false},"excerpt":{"rendered":"<p>[vc_row el_id=&#8221;SUBTITULAR_NOTICIA&#8221;][vc_column][vc_column_text] Carlos Gonz\u00e1lez presideix la sessi\u00f3 del Patronat Rector i tamb\u00e9 planteja la desestacionalitzaci\u00f3 de la Festa, la import\u00e0ncia d&#8217;enfortir i d&#8217;estendre el seu arrelament social, aix\u00ed com potenciar [&hellip;]<\/p>\n","protected":false},"author":131,"featured_media":157931,"comment_status":"closed","ping_status":"closed","sticky":false,"template":"","format":"standard","meta":{"footnotes":""},"categories":[193,391,1312],"tags":[],"class_list":["post-158000","post","type-post","status-publish","format-standard","has-post-thumbnail","hentry","category-cultura-va","category-home-va","category-noticias-va"],"_links":{"self":[{"href":"https:\/\/www.elche.es\/va\/wp-json\/wp\/v2\/posts\/158000","targetHints":{"allow":["GET"]}}],"collection":[{"href":"https:\/\/www.elche.es\/va\/wp-json\/wp\/v2\/posts"}],"about":[{"href":"https:\/\/www.elche.es\/va\/wp-json\/wp\/v2\/types\/post"}],"author":[{"embeddable":true,"href":"https:\/\/www.elche.es\/va\/wp-json\/wp\/v2\/users\/131"}],"replies":[{"embeddable":true,"href":"https:\/\/www.elche.es\/va\/wp-json\/wp\/v2\/comments?post=158000"}],"version-history":[{"count":0,"href":"https:\/\/www.elche.es\/va\/wp-json\/wp\/v2\/posts\/158000\/revisions"}],"wp:featuredmedia":[{"embeddable":true,"href":"https:\/\/www.elche.es\/va\/wp-json\/wp\/v2\/media\/157931"}],"wp:attachment":[{"href":"https:\/\/www.elche.es\/va\/wp-json\/wp\/v2\/media?parent=158000"}],"wp:term":[{"taxonomy":"category","embeddable":true,"href":"https:\/\/www.elche.es\/va\/wp-json\/wp\/v2\/categories?post=158000"},{"taxonomy":"post_tag","embeddable":true,"href":"https:\/\/www.elche.es\/va\/wp-json\/wp\/v2\/tags?post=158000"}],"curies":[{"name":"wp","href":"https:\/\/api.w.org\/{rel}","templated":true}]}}