{"id":158193,"date":"2021-08-18T07:34:36","date_gmt":"2021-08-18T06:34:36","guid":{"rendered":"https:\/\/www.elche.es\/2021\/08\/lajuntament-demana-al-ministeri-de-turisme-la-declaracio-de-festa-dinteres-turistic-nacional-per-a-la-nit-de-lalba\/"},"modified":"2021-08-18T07:34:37","modified_gmt":"2021-08-18T06:34:37","slug":"lajuntament-demana-al-ministeri-de-turisme-la-declaracio-de-festa-dinteres-turistic-nacional-per-a-la-nit-de-lalba","status":"publish","type":"post","link":"https:\/\/www.elche.es\/va\/2021\/08\/lajuntament-demana-al-ministeri-de-turisme-la-declaracio-de-festa-dinteres-turistic-nacional-per-a-la-nit-de-lalba\/","title":{"rendered":"L&#8217;Ajuntament demana al Ministeri de Turisme la declaraci\u00f3 de Festa d&#8217;Inter\u00e9s Tur\u00edstic Nacional per a la Nit de l\u2019&#8221;Alb\u00e0&#8221;"},"content":{"rendered":"<div class=\"wpb-content-wrapper\"><p>[vc_row el_id=&#8221;SUBTITULAR_NOTICIA&#8221;][vc_column][vc_column_text]<\/p>\n<hr \/>\n<h4>El regidor de Turisme, Carles Molina, anuncia que Visitelche ha preparat un complet dossier amb tota la documentaci\u00f3 preceptiva exigida en l&#8217;ordre ministerial que regula la declaraci\u00f3<\/h4>\n<hr \/>\n<p>[\/vc_column_text][\/vc_column][\/vc_row][vc_row el_id=&#8221;TEXTO_NOTICIA&#8221;][vc_column][vc_column_text]El regidor de Turisme, Carles Molina, ha anunciat que Visitelche ja ha sol\u00b7licitat al Ministeri d&#8217;Ind\u00fastria, Comer\u00e7 i Turisme la declaraci\u00f3 de Festa d&#8217;Inter\u00e9s Tur\u00edstic Nacional per a la Nit de l\u2019<em>Alb\u00e0<\/em>. Una iniciativa que compta amb el suport de l&#8217;Associaci\u00f3 d&#8217;Amics de la Nit de l\u2019Alb\u00e0, que presideix Antonio S\u00e1nchez.<\/p>\n<p>Tal com ha recordat l&#8217;edil, \u201cla declaraci\u00f3 de Festa d&#8217;Inter\u00e9s Tur\u00edstic Nacional \u00e9s un t\u00edtol de car\u00e0cter honor\u00edfic que s&#8217;atorga a aquelles festes que, declarades festes d&#8217;inter\u00e9s tur\u00edstic per la comunitat aut\u00f2noma corresponent, suposen manifestacions de valors culturals i de llarga tradici\u00f3 popular i tinguen una especial import\u00e0ncia com a atractiu tur\u00edstic\u201d.[\/vc_column_text][\/vc_column][\/vc_row][vc_row source=&#8221;media_library&#8221; image=&#8221;&#8221; img_size=&#8221;full&#8221; external_img_size=&#8221;&#8221; add_caption=&#8221;&#8221; alignment=&#8221;left&#8221; style=&#8221;&#8221; external_style=&#8221;&#8221; border_color=&#8221;grey&#8221; external_border_color=&#8221;grey&#8221; onclick=&#8221;link_image&#8221; img_link_target=&#8221;_self&#8221; el_class=&#8221;fotounicanoticia&#8221; title=&#8221;&#8221; custom_src=&#8221;&#8221; caption=&#8221;&#8221; link=&#8221;&#8221; img_link_large=&#8221;&#8221;][vc_column][vc_single_image image=&#8221;158164&#8243; img_size=&#8221;full&#8221; onclick=&#8221;link_image&#8221; el_class=&#8221;fotounicanoticia&#8221;][\/vc_column][\/vc_row][vc_row][vc_column][vc_column_text]Molina ha assenyalat que, malgrat que, per segon any consecutiu i a causa de les mesures adoptades per a evitar la generaci\u00f3 de riscos de propagaci\u00f3 de contagis de la Covid, la Nit de l\u2019<em>Alb\u00e0<\/em> no s&#8217;ha pogut celebrar, des de l&#8217;Equip de Govern es continua treballant per a posar en valor aquesta festa tan volguda pels il\u00b7licitans i les il\u00b7licitanes.<\/p>\n<p>\u201cLa Nit de l\u2019<em>Alb\u00e0<\/em> \u00e9s molt m\u00e9s que una festa. \u00c9s un espectacle pirot\u00e8cnic \u00fanic i un s\u00edmbol d&#8217;identitat cultural del poble d&#8217;Elx, declarat Festa d&#8217;Inter\u00e9s Tur\u00edstic Auton\u00f2mic de la Comunitat Valenciana des de l&#8217;any 2014\u201d, ha assenyalat.<\/p>\n<p>L&#8217;origen d&#8217;aquesta celebraci\u00f3 es remunta a l&#8217;Edat Mitjana, en la qual, en la nit del 13 d&#8217;agost es disparaven tot tipus de focs artificials i s&#8217;encenien llumin\u00e0ries amb la finalitat d&#8217;espantar les forces del mal en la vespra dels dies grans de les festes d&#8217;Elx. D&#8217;igual manera, les fam\u00edlies disparaven un coet per cadascun dels seus fills i filles com a ofrena a la patrona.<\/p>\n<p>Hui, aquella tradici\u00f3 ha derivat en el llan\u00e7ament de desenes de milers d&#8217;artefactes pirot\u00e8cnics de manera coordinada i alterna des de diferents punts de la ciutat. L&#8217;espectacle culmina a les dotze en punt de la nit amb el llan\u00e7ament de la palmera de focs artificials m\u00e9s gran del m\u00f3n, la Palmera de la Verge o de la Mare de D\u00e9u.<\/p>\n<p>Per a contemplar i participar en aquest magn\u00edfic espectacle pirot\u00e8cnic, els il\u00b7licitans i les il\u00b7licitanes pugen a les terrasses dels seus edificis en companyia de milers de visitants i turistes, que tamb\u00e9 segueixen l&#8217;esdeveniment a peu de carrer.[\/vc_column_text][\/vc_column][\/vc_row][vc_row el_id=&#8221;DESTACADO_NOTICIA&#8221;][vc_column][vc_column_text el_class=&#8221;cuadronoticia&#8221;]<\/p>\n<h5>\u201cTenim l&#8217;esperan\u00e7a que en la seua pr\u00f2xima celebraci\u00f3 compte amb aquest t\u00edtol honor\u00edfic, la qual cosa suposaria el reconeixement de la seua singularitat i refor\u00e7aria la promoci\u00f3 tur\u00edstica d&#8217;aquest en l&#8217;\u00e0mbit nacional\u201d, assegura l&#8217;edil<\/h5>\n<p>[\/vc_column_text][\/vc_column][\/vc_row][vc_row el_id=&#8221;TEXTO_FIN_NOTICIA&#8221;][vc_column][vc_column_text]\u201cPer tot aix\u00f2, la Nit de l\u2019Alb\u00e0 suposa una manifestaci\u00f3 dels valors culturals de gran tradici\u00f3 popular i, donada la seua transcend\u00e8ncia com a atractiu tur\u00edstic, Visitelche ha preparat un complet dossier amb tota la documentaci\u00f3 preceptiva exigida en l&#8217;ordre ministerial que regula la declaraci\u00f3 de festes d&#8217;inter\u00e9s tur\u00edstic per a sol\u00b7licitar al Ministeri d&#8217;Ind\u00fastria, Comer\u00e7 i Turisme la declaraci\u00f3 de Festa d&#8217;Inter\u00e9s Tur\u00edstic Nacional per a la Nit de l\u2019<em>Alb\u00e0<\/em> d&#8217;Elx\u201d, ha assenyalat Molina, que ha afegit que \u201ctenim l&#8217;esperan\u00e7a que en la seua pr\u00f2xima celebraci\u00f3, aquesta festa tan especial i volguda per tota la poblaci\u00f3 compte amb aquest t\u00edtol honor\u00edfic, la qual cosa suposaria el reconeixement de la singularitat i\u00a0 la rellev\u00e0ncia d&#8217;aquest espectacle pirot\u00e8cnic i refor\u00e7aria la promoci\u00f3 tur\u00edstica d&#8217;aquest en l&#8217;\u00e0mbit nacional\u201d.<\/p>\n<p>En la mateixa l\u00ednia, Antonio S\u00e1nchez ha destacat la gran import\u00e0ncia que tindria per a la difusi\u00f3 d&#8217;aquesta tradici\u00f3 tan il\u00b7licitana la declaraci\u00f3 de Festa d&#8217;Inter\u00e9s Tur\u00edstic Nacional. \u201cLa Nit de l\u2019Alb\u00e0 \u00e9s una festa \u00fanica en el m\u00f3n, un espectacle pirot\u00e8cnic que compta amb la singularitat que els il\u00b7licitans i les il\u00b7licitanes participen activament en aquesta celebraci\u00f3 que compta amb cinc segles d&#8217;hist\u00f2ria\u201d, ha assenyalat.<\/p>\n<hr \/>\n<p>[\/vc_column_text][\/vc_column][\/vc_row][vc_row][vc_column width=&#8221;1\/6&#8243;][\/vc_column][vc_column width=&#8221;2\/3&#8243;]<audio class=\"sc_audio\" src=\"https:\/\/soundcloud.com\/ayuntamiento-de-elche\/carles-molina-sobre-la-declaracion-de-la-nit-dlalba-como-fiesta-de-interes-turistico-nacional\" width=\"\" height=\"\"><\/audio>[\/vc_column][vc_column width=&#8221;1\/6&#8243;][\/vc_column][\/vc_row]<\/p>\n<\/div>","protected":false},"excerpt":{"rendered":"<p>[vc_row el_id=&#8221;SUBTITULAR_NOTICIA&#8221;][vc_column][vc_column_text] El regidor de Turisme, Carles Molina, anuncia que Visitelche ha preparat un complet dossier amb tota la documentaci\u00f3 preceptiva exigida en l&#8217;ordre ministerial que regula la declaraci\u00f3 [\/vc_column_text][\/vc_column][\/vc_row][vc_row [&hellip;]<\/p>\n","protected":false},"author":131,"featured_media":158163,"comment_status":"closed","ping_status":"closed","sticky":false,"template":"","format":"standard","meta":{"footnotes":""},"categories":[391,1312,228],"tags":[],"class_list":["post-158193","post","type-post","status-publish","format-standard","has-post-thumbnail","hentry","category-home-va","category-noticias-va","category-turisme-va"],"_links":{"self":[{"href":"https:\/\/www.elche.es\/va\/wp-json\/wp\/v2\/posts\/158193","targetHints":{"allow":["GET"]}}],"collection":[{"href":"https:\/\/www.elche.es\/va\/wp-json\/wp\/v2\/posts"}],"about":[{"href":"https:\/\/www.elche.es\/va\/wp-json\/wp\/v2\/types\/post"}],"author":[{"embeddable":true,"href":"https:\/\/www.elche.es\/va\/wp-json\/wp\/v2\/users\/131"}],"replies":[{"embeddable":true,"href":"https:\/\/www.elche.es\/va\/wp-json\/wp\/v2\/comments?post=158193"}],"version-history":[{"count":0,"href":"https:\/\/www.elche.es\/va\/wp-json\/wp\/v2\/posts\/158193\/revisions"}],"wp:featuredmedia":[{"embeddable":true,"href":"https:\/\/www.elche.es\/va\/wp-json\/wp\/v2\/media\/158163"}],"wp:attachment":[{"href":"https:\/\/www.elche.es\/va\/wp-json\/wp\/v2\/media?parent=158193"}],"wp:term":[{"taxonomy":"category","embeddable":true,"href":"https:\/\/www.elche.es\/va\/wp-json\/wp\/v2\/categories?post=158193"},{"taxonomy":"post_tag","embeddable":true,"href":"https:\/\/www.elche.es\/va\/wp-json\/wp\/v2\/tags?post=158193"}],"curies":[{"name":"wp","href":"https:\/\/api.w.org\/{rel}","templated":true}]}}