{"id":158351,"date":"2021-08-20T13:03:54","date_gmt":"2021-08-20T12:03:54","guid":{"rendered":"https:\/\/www.elche.es\/2021\/08\/la-visita-de-turistes-nacionals-a-elx-creix-un-30-respecte-a-2019-cosa-que-confirma-la-recuperacio-del-sector-malgrat-la-pandemia\/"},"modified":"2021-08-23T07:36:17","modified_gmt":"2021-08-23T06:36:17","slug":"la-visita-de-turistes-nacionals-a-elx-creix-un-30-respecte-a-2019-cosa-que-confirma-la-recuperacio-del-sector-malgrat-la-pandemia","status":"publish","type":"post","link":"https:\/\/www.elche.es\/va\/2021\/08\/la-visita-de-turistes-nacionals-a-elx-creix-un-30-respecte-a-2019-cosa-que-confirma-la-recuperacio-del-sector-malgrat-la-pandemia\/","title":{"rendered":"La visita de turistes nacionals a Elx creix un 30% respecte a 2019, cosa que confirma la recuperaci\u00f3 del sector malgrat la pand\u00e8mia"},"content":{"rendered":"<div class=\"wpb-content-wrapper\"><p>[vc_row el_id=&#8221;SUBTITULAR_NOTICIA&#8221;][vc_column][vc_column_text]<\/p>\n<hr \/>\n<h4>El regidor de l&#8217;\u00e0rea, Carles Molina, destaca que aquestes bones dades es produeixen malgrat no haver-se celebrat les festes patronals i esdeveniments tan atractius com el Misteri o la Nit de l\u2019<em>Alb\u00e0<\/em><\/h4>\n<hr \/>\n<p>[\/vc_column_text][\/vc_column][\/vc_row][vc_row el_id=&#8221;TEXTO_NOTICIA&#8221;][vc_column][vc_column_text]El regidor de Turisme, Carles Molina, ha fet hui balan\u00e7 de la visita de turistes a Elx en el que va de mes d&#8217;agost sobre la base de les dades d&#8217;atencions realitzades des de l&#8217;Oficina de Turisme del parc municipal. Tal com ha explicat l&#8217;edil, les dades confirmen la recuperaci\u00f3 del turisme en el municipi, fonamentalment pel que fa a la visita de turistes nacionals, que s&#8217;ha incrementat en un 30% respecte al mateix per\u00edode de 2019.<\/p>\n<p>\u201cLes dades reflecteixen que el turisme a Elx est\u00e0 cada vegada millor. En el que portem de mes d&#8217;agost ha augmentat en m\u00e9s d&#8217;un 30% el nombre de turistes nacionals, fonamentalment procedents de Navarra, Pa\u00eds Basc, Catalunya i de la Comunitat Valenciana\u201d, ha apuntat l&#8217;edil, que ha afegit que \u201caquestes bones dades reforcen Elx com a destinaci\u00f3 tur\u00edstica i confirmen la bona faena que s&#8217;est\u00e0 duent a terme des de Visitelche\u201d.<\/p>\n<p>Molina ha destacat que aquests xifres es produeixen malgrat no haver-se celebrat les festes patronals i esdeveniments tan atractius tur\u00edsticament parlant com el Misteri o la Nit de l\u2019<em>Alb\u00e0<\/em>. Precisament, aquesta abs\u00e8ncia de festes ha fet que disminu\u00efsca l&#8217;aflu\u00e8ncia de visitants locals respecte a abans de la pand\u00e8mia.<\/p>\n<p>Tamb\u00e9 s&#8217;ha produ\u00eft un descens del turisme internacional a conseq\u00fc\u00e8ncia de les restriccions imposades per la pand\u00e8mia de la Covid-19.<\/p>\n<p>\u201cEn termes generals, parlem d&#8217;un descens de l&#8217;aflu\u00e8ncia de turistes del 30% respecte a les xifres de 2019, la qual cosa indica que, malgrat la complicada situaci\u00f3 en la qual ens trobem, hem recuperat el 70% dels visitants respecte als anys anteriors a la pand\u00e8mia\u201d, ha indicat Molina.<\/p>\n<p>El regidor ha indicat que aquestes bones dades tenen la seua confirmaci\u00f3 en les bones xifres obtingudes quant a l&#8217;ocupaci\u00f3 hotelera en la primera quinzena del mes d&#8217;agost, que pr\u00e0cticament han fregat el ple.[\/vc_column_text][\/vc_column][\/vc_row][vc_row link=&#8221;https:\/\/vimeo.com\/51589652&#8243; el_width=&#8221;100&#8243; el_aspect=&#8221;169&#8243; align=&#8221;left&#8221; el_class=&#8221;videonoticia&#8221; title=&#8221;&#8221;][vc_column][vc_video link=&#8221;https:\/\/youtu.be\/JcVTsubfjhY&#8221; el_class=&#8221;videonoticia&#8221;][\/vc_column][\/vc_row][vc_row el_id=&#8221;DESTACADO_NOTICIA&#8221;][vc_column][vc_column_text el_class=&#8221;cuadronoticia&#8221;]<\/p>\n<h5>La majoria de visitants que passen per l&#8217;Oficina de Turisme d&#8217;Elx s\u00f3n fam\u00edlies compostes per quatre o cinc persones i el Palmerar Hist\u00f2ric \u00e9s el principal reclam<\/h5>\n<p>[\/vc_column_text][\/vc_column][\/vc_row][vc_row el_id=&#8221;TEXTO_FIN_NOTICIA&#8221;][vc_column][vc_column_text]La majoria de visitants que passen per l&#8217;Oficina de Turisme d&#8217;Elx s\u00f3n fam\u00edlies compostes per 4 o 5 persones. La major part provenen de l&#8217;\u00e0rea nacional i arriben de part de totes les comunitats del pa\u00eds.<\/p>\n<p>L&#8217;atracci\u00f3 tur\u00edstica m\u00e9s atractiva i per la que m\u00e9s pregunten els viatgers \u00e9s el Palmerar d&#8217;Elx. \u201cVenen amb la idea que aquest punt solament es tracta de l&#8217;Hort del Capell\u00e0, per\u00f2 des de l&#8217;Oficina de Turisme se&#8217;ls mostra que no \u00e9s aix\u00ed i que tenen m\u00e9s llocs que visitar que el jard\u00ed on est\u00e0 la Palmera Imperial\u201d, explica el regidor.<\/p>\n<p>Pel que fa als museus del municipi, els dos pels quals m\u00e9s s&#8217;interessen els visitants s\u00f3n el Museu Arqueol\u00f2gic i d&#8217;Hist\u00f2ria d&#8217;Elx (MAHE) i el Museu Paleontol\u00f2gic, aquest \u00faltim \u00e9s el m\u00e9s atractiu per als xiquets. La Torre de la Calaforra tamb\u00e9 \u00e9s un punt d&#8217;inter\u00e9s per a gran part dels turistes.<\/p>\n<p>El temps de resid\u00e8ncia a la ciutat sol ser curt, ja que la majoria de viatgers estan nom\u00e9s de pas per la ciutat. No obstant aix\u00f2, les grans xifres hoteleres registrades en els \u00faltims mesos demostren que hi ha molts visitants que s\u00ed que dormen, almenys durant un dia, al municipi.<\/p>\n<p>D&#8217;altra banda, l&#8217;atracci\u00f3 del Trenet t\u00e9 un gran \u00e8xit entre els turistes, ja que la gran majoria en fan \u00fas per a visitar la ciutat. Des de la seua eixida a les 10 del mat\u00ed fins al seu \u00faltim viatge a les 8 de la vesprada, el Trenet porta els seus vagons plens de viatgers ansiosos per con\u00e9ixer m\u00e9s a fons el municipi il\u00b7licit\u00e0.<\/p>\n<hr \/>\n<p>[\/vc_column_text][\/vc_column][\/vc_row][vc_row][vc_column width=&#8221;1\/6&#8243;][\/vc_column][vc_column width=&#8221;2\/3&#8243;]<audio class=\"sc_audio\" src=\"https:\/\/soundcloud.com\/ayuntamiento-de-elche\/carles-molina-valora-la-llegada-de-turistas-a-la-ciudad\" width=\"\" height=\"\"><\/audio>[\/vc_column][vc_column width=&#8221;1\/6&#8243;][\/vc_column][\/vc_row]<\/p>\n<\/div>","protected":false},"excerpt":{"rendered":"<p>[vc_row el_id=&#8221;SUBTITULAR_NOTICIA&#8221;][vc_column][vc_column_text] El regidor de l&#8217;\u00e0rea, Carles Molina, destaca que aquestes bones dades es produeixen malgrat no haver-se celebrat les festes patronals i esdeveniments tan atractius com el Misteri o [&hellip;]<\/p>\n","protected":false},"author":131,"featured_media":158347,"comment_status":"closed","ping_status":"closed","sticky":false,"template":"","format":"standard","meta":{"footnotes":""},"categories":[391,1312,228],"tags":[],"class_list":["post-158351","post","type-post","status-publish","format-standard","has-post-thumbnail","hentry","category-home-va","category-noticias-va","category-turisme-va"],"_links":{"self":[{"href":"https:\/\/www.elche.es\/va\/wp-json\/wp\/v2\/posts\/158351","targetHints":{"allow":["GET"]}}],"collection":[{"href":"https:\/\/www.elche.es\/va\/wp-json\/wp\/v2\/posts"}],"about":[{"href":"https:\/\/www.elche.es\/va\/wp-json\/wp\/v2\/types\/post"}],"author":[{"embeddable":true,"href":"https:\/\/www.elche.es\/va\/wp-json\/wp\/v2\/users\/131"}],"replies":[{"embeddable":true,"href":"https:\/\/www.elche.es\/va\/wp-json\/wp\/v2\/comments?post=158351"}],"version-history":[{"count":0,"href":"https:\/\/www.elche.es\/va\/wp-json\/wp\/v2\/posts\/158351\/revisions"}],"wp:featuredmedia":[{"embeddable":true,"href":"https:\/\/www.elche.es\/va\/wp-json\/wp\/v2\/media\/158347"}],"wp:attachment":[{"href":"https:\/\/www.elche.es\/va\/wp-json\/wp\/v2\/media?parent=158351"}],"wp:term":[{"taxonomy":"category","embeddable":true,"href":"https:\/\/www.elche.es\/va\/wp-json\/wp\/v2\/categories?post=158351"},{"taxonomy":"post_tag","embeddable":true,"href":"https:\/\/www.elche.es\/va\/wp-json\/wp\/v2\/tags?post=158351"}],"curies":[{"name":"wp","href":"https:\/\/api.w.org\/{rel}","templated":true}]}}