{"id":158445,"date":"2021-08-24T08:54:20","date_gmt":"2021-08-24T07:54:20","guid":{"rendered":"https:\/\/www.elche.es\/2021\/08\/tall-del-pont-de-canalejas-3\/"},"modified":"2021-08-24T08:54:20","modified_gmt":"2021-08-24T07:54:20","slug":"tall-del-pont-de-canalejas-3","status":"publish","type":"post","link":"https:\/\/www.elche.es\/va\/2021\/08\/tall-del-pont-de-canalejas-3\/","title":{"rendered":"TALL DEL PONT DE CANALEJAS"},"content":{"rendered":"<p>Dimarts que ve, 31 d&#8217;agost, a partir de les 15.00 hores, es duran a terme treballs de fresat i asfaltat al pont de Canalejas. Els treballs es realitzaran amb tall total del tr\u00e0nsit rodat.<\/p>\n<p>Es disposen com a vies alternatives de tr\u00e0nsit: Jordi Joan cap a Gabriel Mir\u00f3; av. De la Comunitat Valenciana cap a Lepant \u2013 Jordi Joan, Gabriel Mir\u00f3; Camilo Flammarion cap a Doctor Caro, Vicent Blasco Ib\u00e1\u00f1ez. L&#8217;eixida i l&#8217;acc\u00e9s als guals de Major de la Vila, La Fira, Mestre Javaloyes i adjacents, inclosa Bisbe Tormo, ser\u00e0 per Major de la Vila des de Diagonal del Palau.<\/p>\n<p><strong>Asfalt Pont del Ferrocarril<\/strong><br \/>\nEl dimarts 31 d&#8217;agost, a partir de les 08.00 hores, es duran a terme treballs de fresat i asfaltat en el pont del Ferrocarril. Els treballs es realitzaran amb tall parcial del tr\u00e0nsit rodat.<\/p>\n<p><strong>Asfalt av. Alcalde Vicente Quiles<\/strong><br \/>\nEl dilluns 30 d&#8217;agost, a partir de les 08.00 hores, es duran a terme treballs de fresat i asfaltat en l&#8217;avinguda de l&#8217;Alcalde Vicente Quiles Fuentes, carril nord, entre les rotondes de l&#8217;Estaci\u00f3 d&#8217;Autobusos i la rotonda de Renfe. Els treballs es realitzaran amb tall parcial del tr\u00e0nsit rodat.<\/p>\n","protected":false},"excerpt":{"rendered":"<p>Dimarts que ve, 31 d&#8217;agost, a partir de les 15.00 hores, es duran a terme treballs de fresat i asfaltat al pont de Canalejas. Els treballs es realitzaran amb tall [&hellip;]<\/p>\n","protected":false},"author":77,"featured_media":158431,"comment_status":"closed","ping_status":"closed","sticky":false,"template":"","format":"standard","meta":{"footnotes":""},"categories":[882,238,1323],"tags":[],"class_list":["post-158445","post","type-post","status-publish","format-standard","has-post-thumbnail","hentry","category-incidencies-i-avisos","category-policia-local-va","category-policia-local-trafico-va"],"_links":{"self":[{"href":"https:\/\/www.elche.es\/va\/wp-json\/wp\/v2\/posts\/158445","targetHints":{"allow":["GET"]}}],"collection":[{"href":"https:\/\/www.elche.es\/va\/wp-json\/wp\/v2\/posts"}],"about":[{"href":"https:\/\/www.elche.es\/va\/wp-json\/wp\/v2\/types\/post"}],"author":[{"embeddable":true,"href":"https:\/\/www.elche.es\/va\/wp-json\/wp\/v2\/users\/77"}],"replies":[{"embeddable":true,"href":"https:\/\/www.elche.es\/va\/wp-json\/wp\/v2\/comments?post=158445"}],"version-history":[{"count":0,"href":"https:\/\/www.elche.es\/va\/wp-json\/wp\/v2\/posts\/158445\/revisions"}],"wp:featuredmedia":[{"embeddable":true,"href":"https:\/\/www.elche.es\/va\/wp-json\/wp\/v2\/media\/158431"}],"wp:attachment":[{"href":"https:\/\/www.elche.es\/va\/wp-json\/wp\/v2\/media?parent=158445"}],"wp:term":[{"taxonomy":"category","embeddable":true,"href":"https:\/\/www.elche.es\/va\/wp-json\/wp\/v2\/categories?post=158445"},{"taxonomy":"post_tag","embeddable":true,"href":"https:\/\/www.elche.es\/va\/wp-json\/wp\/v2\/tags?post=158445"}],"curies":[{"name":"wp","href":"https:\/\/api.w.org\/{rel}","templated":true}]}}