{"id":159102,"date":"2021-08-30T12:36:00","date_gmt":"2021-08-30T11:36:00","guid":{"rendered":"https:\/\/www.elche.es\/2021\/08\/la-policia-local-alca-60-actes-per-consum-dalcohol-i-precinta-un-establiment-per-vendre-a-menors\/"},"modified":"2021-08-31T07:04:02","modified_gmt":"2021-08-31T06:04:02","slug":"la-policia-local-alca-60-actes-per-consum-dalcohol-i-precinta-un-establiment-per-vendre-a-menors","status":"publish","type":"post","link":"https:\/\/www.elche.es\/va\/2021\/08\/la-policia-local-alca-60-actes-per-consum-dalcohol-i-precinta-un-establiment-per-vendre-a-menors\/","title":{"rendered":"La Policia Local al\u00e7a 60 actes per consum d&#8217;alcohol i precinta un establiment per vendre a menors"},"content":{"rendered":"<div class=\"wpb-content-wrapper\"><p>[vc_row el_id=&#8221;TEXTO_FIN_NOTICIA&#8221;][vc_column][vc_column_text]<\/p>\n<p>&nbsp;<\/p>\n<p>La Policia Local d&#8217;Elx ha al\u00e7at aquest cap de setmana 60 actes per consum d&#8217;alcohol i ha precintat un establiment per la venda d&#8217;aquest a menors d&#8217;edat.<\/p>\n<p>Durant el capvespre del 29 d&#8217;agost, l&#8217;operatiu conjunt entre UMAE (Unitat de Mitjans Aeris d&#8217;Elx) i UMA (Urbanitat i Medi Ambient) va sumar 60 actes per consum d&#8217;alcohol en via p\u00fablica i va precintar un establiment per vendre&#8217;n a menors i fora d&#8217;horari. De la mateixa manera, es van realitzar dues actes per infracci\u00f3 a la L.O. 4\/2015, de Protecci\u00f3 de la Seguretat Ciutadana i dues identificacions en comissaria.<\/p>\n<p>Les dotacions policials fan \u00fas de cambra t\u00e8rmica i focus per a vigilar el litoral i el Clot de Galvany i per a controlar amb major efic\u00e0cia el respecte al compliment de les mesures sanit\u00e0ries enfront de la Covid-19. Aix\u00ed mateix, el focus d&#8217;intervenci\u00f3 del dron policial va ser la dissoluci\u00f3 de diversos grups no autoritzats. Tots dos paratges havien sigut objecte d&#8217;alerta per part d&#8217;usuaris i responsables per la gran quantitat de deixalles abandonades per alguns grups i, a m\u00e9s, havien registrat danys i vandalisme en diversos punts, aix\u00ed com la possible abs\u00e8ncia de mesures sanit\u00e0ries i de distanciament.<\/p>\n<hr \/>\n<p>[\/vc_column_text][\/vc_column][\/vc_row][vc_row][vc_column width=&#8221;1\/6&#8243;][\/vc_column][vc_column width=&#8221;1\/6&#8243;][\/vc_column][\/vc_row]<\/p>\n<\/div>","protected":false},"excerpt":{"rendered":"<p>[vc_row el_id=&#8221;TEXTO_FIN_NOTICIA&#8221;][vc_column][vc_column_text] &nbsp; La Policia Local d&#8217;Elx ha al\u00e7at aquest cap de setmana 60 actes per consum d&#8217;alcohol i ha precintat un establiment per la venda d&#8217;aquest a menors d&#8217;edat. [&hellip;]<\/p>\n","protected":false},"author":131,"featured_media":159098,"comment_status":"closed","ping_status":"closed","sticky":false,"template":"","format":"standard","meta":{"footnotes":""},"categories":[391,1312,238],"tags":[],"class_list":["post-159102","post","type-post","status-publish","format-standard","has-post-thumbnail","hentry","category-home-va","category-noticias-va","category-policia-local-va"],"_links":{"self":[{"href":"https:\/\/www.elche.es\/va\/wp-json\/wp\/v2\/posts\/159102","targetHints":{"allow":["GET"]}}],"collection":[{"href":"https:\/\/www.elche.es\/va\/wp-json\/wp\/v2\/posts"}],"about":[{"href":"https:\/\/www.elche.es\/va\/wp-json\/wp\/v2\/types\/post"}],"author":[{"embeddable":true,"href":"https:\/\/www.elche.es\/va\/wp-json\/wp\/v2\/users\/131"}],"replies":[{"embeddable":true,"href":"https:\/\/www.elche.es\/va\/wp-json\/wp\/v2\/comments?post=159102"}],"version-history":[{"count":0,"href":"https:\/\/www.elche.es\/va\/wp-json\/wp\/v2\/posts\/159102\/revisions"}],"wp:featuredmedia":[{"embeddable":true,"href":"https:\/\/www.elche.es\/va\/wp-json\/wp\/v2\/media\/159098"}],"wp:attachment":[{"href":"https:\/\/www.elche.es\/va\/wp-json\/wp\/v2\/media?parent=159102"}],"wp:term":[{"taxonomy":"category","embeddable":true,"href":"https:\/\/www.elche.es\/va\/wp-json\/wp\/v2\/categories?post=159102"},{"taxonomy":"post_tag","embeddable":true,"href":"https:\/\/www.elche.es\/va\/wp-json\/wp\/v2\/tags?post=159102"}],"curies":[{"name":"wp","href":"https:\/\/api.w.org\/{rel}","templated":true}]}}