{"id":162982,"date":"2021-09-23T09:23:57","date_gmt":"2021-09-23T08:23:57","guid":{"rendered":"https:\/\/www.elche.es\/2021\/09\/la-inauguracio-del-i-congres-internacional-de-violencia-de-genere-digital-reuneix-a-elx-autoritats-i-experts-sobre-una-xacra-que-esta-augmentant\/"},"modified":"2021-09-23T09:38:46","modified_gmt":"2021-09-23T08:38:46","slug":"la-inauguracio-del-i-congres-internacional-de-violencia-de-genere-digital-reuneix-a-elx-autoritats-i-experts-sobre-una-xacra-que-esta-augmentant","status":"publish","type":"post","link":"https:\/\/www.elche.es\/va\/2021\/09\/la-inauguracio-del-i-congres-internacional-de-violencia-de-genere-digital-reuneix-a-elx-autoritats-i-experts-sobre-una-xacra-que-esta-augmentant\/","title":{"rendered":"La inauguraci\u00f3 del I Congr\u00e9s Internacional de Viol\u00e8ncia de G\u00e8nere Digital reuneix a Elx autoritats i experts sobre una xacra que est\u00e0 augmentant"},"content":{"rendered":"<div class=\"wpb-content-wrapper\"><p>[vc_row][vc_column][vc_column_text]<\/p>\n<hr \/>\n<h4>La vicepresidenta del Consell, M\u00f3nica Oltra, anuncia l&#8217;elaboraci\u00f3 d&#8217;un gran estudi per a detectar amenaces sobre aquest tema i com combatre-les mitjan\u00e7ant la implementaci\u00f3 de pol\u00edtiques p\u00fabliques<\/h4>\n<hr \/>\n<h4><\/h4>\n<p>&nbsp;[\/vc_column_text][\/vc_column][\/vc_row][vc_row][vc_column][vc_column_text]<strong>Elx encap\u00e7ala la lluita contra la viol\u00e8ncia de g\u00e8nere digital organitzant una trobada de refer\u00e8ncia en l&#8217;\u00e0mbit mundial.<\/strong>\u00a0El <strong>Centre de Congressos Ciutat d\u2019Elx<\/strong> ha inaugurat\u00a0 la primera edici\u00f3 d&#8217;un Congr\u00e9s Internacional que es convertir\u00e0 en un espai de coneixement i debat sobre una problem\u00e0tica que afecta a totes les dones presents en entorns virtuals. I \u00e9s que, encara que promouen avan\u00e7os, les tecnologies de la informaci\u00f3 tamb\u00e9 es tornen en eines perverses en les mans equivocades.<\/p>\n<p>Alguns dels eixos tem\u00e0tics que es treballen en aquest <strong>I Congr\u00e9s Internacional de Viol\u00e8ncia de G\u00e8nere Digital<\/strong> s\u00f3n la prevenci\u00f3 d&#8217;aquesta en les xarxes socials i mitjans virtuals, l&#8217;ab\u00fas sexual infantil i la viol\u00e8ncia de g\u00e8nere digital inversa, les mesures de protecci\u00f3 a aquestes v\u00edctimes durant els processos penals, el tractament il\u00b7l\u00edcit de dades personals com a forma de viol\u00e8ncia de g\u00e8nere digital, i el tr\u00e0fic de persones i les formes d&#8217;explotaci\u00f3 en mitjans digitals.<\/p>\n<p>La jornada, <strong>organitzada conjuntament per Casa de la Dona de la Regidoria d&#8217;Igualtat de l&#8217;Ajuntament il\u00b7licit\u00e0 i l&#8217;Observatori Espanyol de Delictes Telem\u00e0tics (OEDI)<\/strong>, ha arrancat a la seu congressual de Porta de la Morera, amb la <strong>vicepresidenta del Consell i consellera d&#8217;Igualtat, M\u00f3nica Oltra<\/strong>, com a protagonista de l&#8217;obertura; el <strong>S\u00edndic de Greuges, \u00c1ngel Luna; la subdelegada del Govern a la prov\u00edncia d&#8217;Alacant, Araceli Poblador; la responsable d&#8217;Igualtat de la Diputaci\u00f3 d&#8217;Alacant, Mar\u00eda Carmen Jover; l&#8217;alcalde d&#8217;Elx, Carlos Gonz\u00e1lez \u2014mitjan\u00e7ant una intervenci\u00f3 pregrabada, ja que es trobava a MICAM i Lineapelle, a Mil\u00e0\u2014; el regidor d&#8217;Igualtat, Mariano Valera, i el president d&#8217;OEDI, Salvador Samper. A l&#8217;acte tamb\u00e9 han assistit l&#8217;edil, Felip S\u00e0nchez, i el cap de la Policia Local, C\u00e9sar Zaragoza<\/strong>, aix\u00ed com membres de la Corporaci\u00f3 Municipal i altres autoritats destacades.<\/p>\n<p>L&#8217;esdeveniment, que <strong>s&#8217;estendr\u00e0 fins al dijous 23<\/strong>, ha aconseguit convocar de manera presencial i en l\u00ednia autoritats i perfils especialitzats relacionats amb la mat\u00e8ria i que desenvolupen la seua labor en l&#8217;\u00e0mbit de la igualtat, la seguretat ciutadana, la criminal\u00edstica, la judicatura o les noves tecnologies, procedents de l&#8217;\u00e0mbit p\u00fablic i privat: universitats, fundacions, oeneg\u00e9s, pimes, corporacions, governs locals i nacionals, mitjans de comunicaci\u00f3, poder judicial, etc.<\/p>\n<p>De fet, el dimecres 22 s&#8217;han celebrat quatre confer\u00e8ncies i dues taules de di\u00e0leg en les quals han participat la <strong>fiscal Teresa Peramato; la psic\u00f2loga i doctora en Dret Susana Laguna<\/strong>; <strong>l&#8217;expert en crims inform\u00e0tics Juan Gonzalo<\/strong>;<strong> la docent i penalista especialitzada en viol\u00e8ncia de g\u00e8nere i delictes sexuals Beatriz Uriarte<\/strong>; <strong>la comiss\u00e0ria de la Policia Local de Val\u00e8ncia i directora operativa del GAMMA (Grup d&#8217;Atenci\u00f3 al Maltractament), Estefan\u00eda Navarrete<\/strong>; la <strong>directora de la Fundaci\u00f3 Saving Cyber-Children i assessora sobre viol\u00e8ncia digital a Col\u00f2mbia i l&#8217;Equador, Nazly Borrero-V\u00e1squez<\/strong>; la <strong>directora de la Fundaci\u00f3 Ra\u00edces, Ar\u00e1nzazu Herrador<\/strong>, i l&#8217;<strong>educador social i pedagog dels Serveis Socials de l&#8217;Ajuntament de Bigastro, Abraham Fern\u00e1ndez<\/strong>. A m\u00e9s, s&#8217;ha comptat amb el testimoniatge de dues v\u00edctimes de viol\u00e8ncia de g\u00e8nere digital, les experi\u00e8ncies de les quals han emocionat als congressistes.[\/vc_column_text][\/vc_column][\/vc_row][vc_row][vc_column][vc_gallery type=&#8221;flexslider_slide&#8221; interval=&#8221;5&#8243; images=&#8221;162912,162914,162918,162920,162938,162932,162930,162928,162926,162924,162934,162922,162936&#8243; img_size=&#8221;full&#8221; el_class=&#8221;galerianoticia&#8221;][\/vc_column][\/vc_row][vc_row][vc_column][vc_column_text]\u201cLa viol\u00e8ncia de g\u00e8nere digital \u00e9s una problem\u00e0tica que va en augment i que incloem en l&#8217;Estrat\u00e8gia Valenciana contra les Viol\u00e8ncies Sexuals\u201d, ha manifestat la vicepresidenta del Consell. \u201cEls algoritmes continuen amagant uns mecanismes masclistes; per tant, si el patriarcat ens afecta a les dones en la nostra vida anal\u00f2gica, tamb\u00e9 t\u00e9 el seu reflex en el m\u00f3n virtual\u201d, ha puntualitzat Oltra, que ha reconegut la import\u00e0ncia d&#8217;\u201ceducar des de xicotets els menors sobre aquesta mena d&#8217;amenaces\u201d, i ha anunciat com a objectiu principal l&#8217;elaboraci\u00f3 d&#8217;un \u201cgran estudi que ens diga on estan les amenaces i com combatre-les per a poder implementar pol\u00edtiques per a erradicar i evitar la viol\u00e8ncia de g\u00e8nere digital\u201d.<\/p>\n<p>L&#8217;alcalde d&#8217;Elx, que en el seu missatge pregravat ha lamentat no estar tan present al Congr\u00e9s com li haguera agradat, ha donat les gr\u00e0cies als participants: \u201c\u00c9s un orgull que Elx siga la ciutat amfitriona d&#8217;aquesta cita. El vostre treball ac\u00ed servir\u00e0 perqu\u00e8 avancem contra el masclisme criminal\u201d. \u201cLa digitalitzaci\u00f3\u201d, ha continuat, \u201cha obert una nova finestra al mal, al maltractament, a la viol\u00e8ncia masclista, la qual cosa ens exigeix respostes. Des de l&#8217;Ajuntament d&#8217;Elx ja estem posant mesures que aborden les manifestacions de viol\u00e8ncia que es produeixen en l&#8217;entorn virtual\u201d. Gonz\u00e1lez, que s&#8217;ha mostrat conven\u00e7ut que \u201cdes de l&#8217;\u00e0mbit local hem de cooperar i establir amb determinaci\u00f3 estrat\u00e8gies dirigides a acabar amb aquesta bogeria criminal que \u00e9s la viol\u00e8ncia de g\u00e8nere\u201d, ha recordat que les xifres s\u00f3n ac\u00ed i que s&#8217;ha de parlar d&#8217;elles: \u201cEnguany s\u00f3n 35 v\u00edctimes i 35 assassinats cruels, 35 dones que haurien d&#8217;estar i que ja no estan, i a les quals devem tots els esfor\u00e7os per a acabar amb aquesta insofrible aberraci\u00f3\u201d.<\/p>\n<p><strong>Mariano Valera<\/strong>, per part seua, <strong>ha explicat que \u201cen l&#8217;actual context de digitalitzaci\u00f3, una nova forma de maltractament s&#8217;ha obert pas a trav\u00e9s de l&#8217;acc\u00e9s i del control no autoritzat de comptes, vigil\u00e0ncia, \u00fas de programari espia, geolocalitzaci\u00f3, robatori d&#8217;identitat i creaci\u00f3 de perfils falsos, ciberamenaces i coacci\u00f3, difusi\u00f3 de dades, fotografies i v\u00eddeos personals<\/strong>\u201d, la Regidoria d&#8217;Igualtat il\u00b7licitana va posar en marxa el passat mes de juliol un servei precursor en l&#8217;\u00e0mbit de l&#8217;atenci\u00f3 preco\u00e7 de viol\u00e8ncia de g\u00e8nere digital, que en poc m\u00e9s de dos mesos ja ha at\u00e9s huit v\u00edctimes, ha procedit a 17 extraccions d&#8217;evid\u00e8ncies digitals en tel\u00e8fons i ha redactat 4 informes pericials. \u201cConsiderem aquest primer Congr\u00e9s crucial, ja que \u00e9s una eina b\u00e0sica contundent i compromesa amb els qui pateixen la viol\u00e8ncia masclista\u201d.<\/p>\n<p>Finalment, el <strong>president d&#8217;OEDI<\/strong>, coorganitzador de la trobada, <strong>ha traslladat les gr\u00e0cies a l&#8217;Ajuntament d&#8217;Elx i al seu edil d&#8217;Igualtat \u201cper mostrar una elevada sensibilitat davant el problema de la viol\u00e8ncia de g\u00e8nere digital<\/strong>\u201d. Samper ha repassat els esfor\u00e7os inicials a banda i banda de l&#8217;Atl\u00e0ntic fins a materialitzar el Congr\u00e9s. Aix\u00ed mateix, ha informat que ja es troben disponibles les estad\u00edstiques reals sobre viol\u00e8ncia de g\u00e8nere digital en els punts d&#8217;atenci\u00f3 preco\u00e7 a les v\u00edctimes de la Comunitat Valenciana \u2014que sumen quatre, entre ells el d&#8217;Elx\u2014, pioners internacionalment. \u201cEn definitiva, l&#8217;objectiu d&#8217;aquestes jornades \u00e9s col\u00b7laborar i servir de suport a les v\u00edctimes\u201d, ha concl\u00f2s el responsable d&#8217;OEDI abans d&#8217;alertar sobre \u201cl&#8217;augment exponencial\u201d que experimenta la viol\u00e8ncia de g\u00e8nere digital.<\/p>\n<p>El dijous 23 de setembre tindr\u00e0 lloc, de 16.00 a 20.00 hores, la segona i \u00faltima sessi\u00f3 d&#8217;un esdeveniment que pret\u00e9n perdurar i elevar-se com un f\u00f2rum de refer\u00e8ncia sobre aquest tema, en un municipi, el d&#8217;Elx, clarament bolcat amb la igualtat de g\u00e8nere i el combat sense pal\u00b7liatius de la viol\u00e8ncia contra dones i xiquetes, ja siga en l&#8217;entorn f\u00edsic o en el cibern\u00e8tic.[\/vc_column_text][\/vc_column][\/vc_row]<\/p>\n<\/div>","protected":false},"excerpt":{"rendered":"<p>[vc_row][vc_column][vc_column_text] La vicepresidenta del Consell, M\u00f3nica Oltra, anuncia l&#8217;elaboraci\u00f3 d&#8217;un gran estudi per a detectar amenaces sobre aquest tema i com combatre-les mitjan\u00e7ant la implementaci\u00f3 de pol\u00edtiques p\u00fabliques &nbsp;[\/vc_column_text][\/vc_column][\/vc_row][vc_row][vc_column][vc_column_text]Elx encap\u00e7ala [&hellip;]<\/p>\n","protected":false},"author":131,"featured_media":162917,"comment_status":"closed","ping_status":"closed","sticky":false,"template":"","format":"standard","meta":{"footnotes":""},"categories":[209,391,1312],"tags":[],"class_list":["post-162982","post","type-post","status-publish","format-standard","has-post-thumbnail","hentry","category-igualtat-va","category-home-va","category-noticias-va"],"_links":{"self":[{"href":"https:\/\/www.elche.es\/va\/wp-json\/wp\/v2\/posts\/162982","targetHints":{"allow":["GET"]}}],"collection":[{"href":"https:\/\/www.elche.es\/va\/wp-json\/wp\/v2\/posts"}],"about":[{"href":"https:\/\/www.elche.es\/va\/wp-json\/wp\/v2\/types\/post"}],"author":[{"embeddable":true,"href":"https:\/\/www.elche.es\/va\/wp-json\/wp\/v2\/users\/131"}],"replies":[{"embeddable":true,"href":"https:\/\/www.elche.es\/va\/wp-json\/wp\/v2\/comments?post=162982"}],"version-history":[{"count":0,"href":"https:\/\/www.elche.es\/va\/wp-json\/wp\/v2\/posts\/162982\/revisions"}],"wp:featuredmedia":[{"embeddable":true,"href":"https:\/\/www.elche.es\/va\/wp-json\/wp\/v2\/media\/162917"}],"wp:attachment":[{"href":"https:\/\/www.elche.es\/va\/wp-json\/wp\/v2\/media?parent=162982"}],"wp:term":[{"taxonomy":"category","embeddable":true,"href":"https:\/\/www.elche.es\/va\/wp-json\/wp\/v2\/categories?post=162982"},{"taxonomy":"post_tag","embeddable":true,"href":"https:\/\/www.elche.es\/va\/wp-json\/wp\/v2\/tags?post=162982"}],"curies":[{"name":"wp","href":"https:\/\/api.w.org\/{rel}","templated":true}]}}