{"id":165641,"date":"2021-10-06T12:12:33","date_gmt":"2021-10-06T11:12:33","guid":{"rendered":"https:\/\/www.elche.es\/2021\/10\/felip-sanchez-trasllada-el-suport-de-la-regidoria-de-desenvolupament-rural-als-productors-agricoles-il%c2%b7licitans-en-la-fira-fruit-attraction\/"},"modified":"2021-10-06T13:01:25","modified_gmt":"2021-10-06T12:01:25","slug":"felip-sanchez-trasllada-el-suport-de-la-regidoria-de-desenvolupament-rural-als-productors-agricoles-il%c2%b7licitans-en-la-fira-fruit-attraction","status":"publish","type":"post","link":"https:\/\/www.elche.es\/va\/2021\/10\/felip-sanchez-trasllada-el-suport-de-la-regidoria-de-desenvolupament-rural-als-productors-agricoles-il%c2%b7licitans-en-la-fira-fruit-attraction\/","title":{"rendered":"Felip S\u00e0nchez trasllada el suport de la Regidoria de Desenvolupament Rural als productors agr\u00edcoles il\u00b7licitans a la fira \u2018Fruit &#038; Attraction\u2019"},"content":{"rendered":"<div class=\"wpb-content-wrapper\"><p>[vc_row el_id=&#8221;SUBTITULAR_NOTICIA&#8221;][vc_column][vc_column_text]<\/p>\n<hr \/>\n<h4>\u201c\u00c9s fonamental que els productors puguen reprendre aquestes fires que s\u00f3n vitals per a la seua activitat comercial\u201d, ha assegurat el regidor en un certamen que ha comptat tamb\u00e9 amb el suport de la consellera d&#8217;Agricultura, Mireia Moll\u00e0<\/h4>\n<hr \/>\n<p>[\/vc_column_text][\/vc_column][\/vc_row][vc_row el_id=&#8221;TEXTO_FIN_NOTICIA&#8221;][vc_column][vc_column_text]El responsable de l&#8217;\u00c0rea de Desenvolupament Rural de l&#8217;Ajuntament d&#8217;Elx, Felip S\u00e0nchez, ha visitat la <strong>Fira Internacional del Sector de Fruites i Verdures Fruit &amp; Attraction<\/strong>, que s&#8217;est\u00e0 celebrant<strong> a IFEMA, a Madrid, del 5 al 7 d&#8217;octubre<\/strong>, per a mostrar el <strong>suport institucional de la Regidoria als productors agr\u00edcoles del municipi amb pres\u00e8ncia a la fira<\/strong>.<\/p>\n<p>\u201cAquesta \u00e9s la <strong>fira hortofruct\u00edcola m\u00e9s gran del m\u00f3n<\/strong>. Els nostres expositors del Camp d\u2019Elx venen ac\u00ed per a fer contactes, per a obrir fronteres i nous mercats, tant en l&#8217;\u00e0mbit nacional com en l&#8217;internacional. Des de la Regidoria hem vingut a donar-los suport en tota la seua activitat exportadora i productora\u201d. Ha assegurat S\u00e0nchez i ha afegit: <strong>\u201c\u00c9s fonamental que els productors puguen reprendre aquestes fires que s\u00f3n vitals per a la seua activitat comercial\u201d<\/strong>.<\/p>\n<hr \/>\n<p>[\/vc_column_text][\/vc_column][\/vc_row][vc_row link=&#8221;https:\/\/vimeo.com\/51589652&#8243; el_width=&#8221;100&#8243; el_aspect=&#8221;169&#8243; align=&#8221;left&#8221; el_class=&#8221;videonoticia&#8221; title=&#8221;&#8221;][vc_column][vc_video link=&#8221;https:\/\/youtu.be\/WgYFXLdUNCE&#8221; el_class=&#8221;videonoticia&#8221;][\/vc_column][\/vc_row][vc_row][vc_column][vc_column_text]Felip S\u00e0nchez ha pogut visitar l&#8217;estand de la Comunitat Valenciana i la seua marca de qualitat \u201cMolt de gust\u201d, el de la denominaci\u00f3 d&#8217;origen Granada Mollar d&#8217;Elx, el de l&#8217;Associaci\u00f3 de Productors de D\u00e0tils d&#8217;Elx, <strong>dos productes que ha qualificat com a \u201cproductes estrela del Camp d\u2019Elx\u201d<\/strong>. Precisament, aquesta \u00e9s la primera fira a la qual assisteix l&#8217;Associaci\u00f3 de Productors de D\u00e0tils, que est\u00e0 realitzant una forta aposta per la promoci\u00f3 i la comercialitzaci\u00f3 dels d\u00e0tils il\u00b7licitans.<\/p>\n<p>S\u00e0nchez ha visitat tamb\u00e9 els estands de diversos productors del Camp d\u2019Elx com ara Marfruit i Cambayas, entre altres.<\/p>\n<p>Aix\u00ed mateix, la fira ha comptat tamb\u00e9 amb <strong>la pres\u00e8ncia de la consellera d&#8217;Agricultura, Mireia Moll\u00e0, i amb la dels directors generals d&#8217;Agricultura i de Desenvolupament Rural,<\/strong> que han visitat tamb\u00e9 els expositors il\u00b7licitans i els han mostrat el suport ferm de la Conselleria.<\/p>\n<p>L&#8217;esdeveniment, <strong>tot un referent del m\u00f3n hortofruct\u00edcola<\/strong>, serveix a les empreses del municipi com a gran aparador per a afermar i per a aconseguir introduir-se en nous mercats.<\/p>\n<hr \/>\n<p>[\/vc_column_text][\/vc_column][\/vc_row][vc_row][vc_column][vc_gallery type=&#8221;flexslider_slide&#8221; interval=&#8221;5&#8243; images=&#8221;165627,165625,165629,165623&#8243; img_size=&#8221;full&#8221; el_class=&#8221;galerianoticia&#8221;][\/vc_column][\/vc_row]<\/p>\n<\/div>","protected":false},"excerpt":{"rendered":"<p>[vc_row el_id=&#8221;SUBTITULAR_NOTICIA&#8221;][vc_column][vc_column_text] \u201c\u00c9s fonamental que els productors puguen reprendre aquestes fires que s\u00f3n vitals per a la seua activitat comercial\u201d, ha assegurat el regidor en un certamen que ha comptat [&hellip;]<\/p>\n","protected":false},"author":131,"featured_media":165632,"comment_status":"closed","ping_status":"closed","sticky":false,"template":"","format":"standard","meta":{"footnotes":""},"categories":[2716,391,1312],"tags":[],"class_list":["post-165641","post","type-post","status-publish","format-standard","has-post-thumbnail","hentry","category-desenvolupament-rural-va","category-home-va","category-noticias-va"],"_links":{"self":[{"href":"https:\/\/www.elche.es\/va\/wp-json\/wp\/v2\/posts\/165641","targetHints":{"allow":["GET"]}}],"collection":[{"href":"https:\/\/www.elche.es\/va\/wp-json\/wp\/v2\/posts"}],"about":[{"href":"https:\/\/www.elche.es\/va\/wp-json\/wp\/v2\/types\/post"}],"author":[{"embeddable":true,"href":"https:\/\/www.elche.es\/va\/wp-json\/wp\/v2\/users\/131"}],"replies":[{"embeddable":true,"href":"https:\/\/www.elche.es\/va\/wp-json\/wp\/v2\/comments?post=165641"}],"version-history":[{"count":0,"href":"https:\/\/www.elche.es\/va\/wp-json\/wp\/v2\/posts\/165641\/revisions"}],"wp:featuredmedia":[{"embeddable":true,"href":"https:\/\/www.elche.es\/va\/wp-json\/wp\/v2\/media\/165632"}],"wp:attachment":[{"href":"https:\/\/www.elche.es\/va\/wp-json\/wp\/v2\/media?parent=165641"}],"wp:term":[{"taxonomy":"category","embeddable":true,"href":"https:\/\/www.elche.es\/va\/wp-json\/wp\/v2\/categories?post=165641"},{"taxonomy":"post_tag","embeddable":true,"href":"https:\/\/www.elche.es\/va\/wp-json\/wp\/v2\/tags?post=165641"}],"curies":[{"name":"wp","href":"https:\/\/api.w.org\/{rel}","templated":true}]}}