{"id":165809,"date":"2021-10-07T12:30:09","date_gmt":"2021-10-07T11:30:09","guid":{"rendered":"https:\/\/www.elche.es\/2021\/10\/el-regidor-de-recursos-humans-inaugura-a-elx-el-ii-congres-nacional-de-dret-dempresa-que-aborda-els-reptes-empresarials-en-la-postpandemia\/"},"modified":"2021-10-07T12:30:09","modified_gmt":"2021-10-07T11:30:09","slug":"el-regidor-de-recursos-humans-inaugura-a-elx-el-ii-congres-nacional-de-dret-dempresa-que-aborda-els-reptes-empresarials-en-la-postpandemia","status":"publish","type":"post","link":"https:\/\/www.elche.es\/va\/2021\/10\/el-regidor-de-recursos-humans-inaugura-a-elx-el-ii-congres-nacional-de-dret-dempresa-que-aborda-els-reptes-empresarials-en-la-postpandemia\/","title":{"rendered":"El regidor de Recursos Humans inaugura a Elx el II Congr\u00e9s Nacional de Dret d&#8217;Empresa, que aborda els reptes empresarials en la postpand\u00e8mia"},"content":{"rendered":"<div class=\"wpb-content-wrapper\"><p>[vc_row el_id=&#8221;SUBTITULAR_NOTICIA&#8221;][vc_column][vc_column_text]<\/p>\n<hr \/>\n<h4>L&#8217;edil Ram\u00f3n Abad valora la cita com de \u201cm\u00e0xim inter\u00e9s\u201d i assegura que \u201cl&#8217;acci\u00f3 participativa dels col\u00b7lectius professionals \u00e9s en bona part l&#8217;origen de la vertebraci\u00f3 de la societat i dels avan\u00e7os que es produeixen en aquesta\u201d<\/h4>\n<hr \/>\n<p>[\/vc_column_text][\/vc_column][\/vc_row][vc_row el_id=&#8221;TEXTO_FIN_NOTICIA&#8221;][vc_column][vc_column_text]El regidor de Recursos Humans, Ram\u00f3n Abad, acompanyat del president del F\u00f2rum de Debat Econ\u00f2mic Germ\u00e1n Bern\u00e1cer, Pedro Algarra; el president del Col\u00b7legi d&#8217;Economistes d&#8217;Alacant, Francisco Menargues; i la rectora de la Universitat d&#8217;Alacant, Amparo Navarro; <strong>ha inaugurat el mat\u00ed del 7 d&#8217;octubre el II Congr\u00e9s Nacional de Dret d&#8217;Empresa a l&#8217;Hotel Hort del Cura<\/strong>. Aquesta trobada se celebra per segon any consecutiu a Elx i ha sigut impulsada pel F\u00f2rum de Debat Econ\u00f2mic Germ\u00e1n Bern\u00e1cer, el Col\u00b7legi d&#8217;Economistes d&#8217;Alacant, la C\u00e0tedra Germ\u00e1n Bern\u00e1cer, la Universitat d&#8217;Alacant, el CEU Cardenal Herrera i la Universitat Miguel Hern\u00e1ndez, amb la col\u00b7laboraci\u00f3 de l&#8217;Ajuntament d&#8217;Elx i de Caixa Rural Central, entre altres empreses i institucions.<\/p>\n<p>Aquesta edici\u00f3 compta amb l&#8217;assist\u00e8ncia de 150 congressistes advocats i economistes de diversos punts d&#8217;Espanya i posa tota la seua atenci\u00f3 en els <strong>\u201cReptes empresarials en la postpand\u00e8mia\u201d<\/strong> amb la finalitat de <strong>contribuir al fet que les empreses superen la crisi econ\u00f2mica i social que ha causat el coronavirus des de mar\u00e7 de 2020<\/strong>.<\/p>\n<p>Ram\u00f3n Abad ha assegurat que <strong>\u201cl&#8217;acci\u00f3 participativa dels col\u00b7lectius professionals \u00e9s en bona part l&#8217;origen de la vertebraci\u00f3 de la societat i dels avan\u00e7os que es produeixen en aquesta\u201d<\/strong>.<\/p>\n<p>\u201cEstem en una situaci\u00f3 bastant esperan\u00e7adora. Ens queda poc per a v\u00e9ncer definitivament la pand\u00e8mia. L&#8217;<strong>esfor\u00e7 col\u00b7lectiu que ha fet la nostra societat en totes les fases de la covid-19 obri en aquesta \u00e8poca un marc d&#8217;optimisme i d&#8217;obertura cap a noves metes, nous objectius<\/strong> i tamb\u00e9 singulars reptes que hem d&#8217;abordar junts\u201d, ha puntualitzat l&#8217;edil.<\/p>\n<p>Aix\u00ed mateix, Abad <strong>ha agra\u00eft que s&#8217;haja pres la decisi\u00f3 de celebrar aquest congr\u00e9s a Elx i ha valorat la cita com de \u201cm\u00e0xim inter\u00e9s\u201d<\/strong> en el complex escenari actual.<\/p>\n<hr \/>\n<p>[\/vc_column_text][\/vc_column][\/vc_row][vc_row el_id=&#8221;TEXTO_NOTICIA&#8221;][vc_column][vc_column_text][\/vc_column_text][\/vc_column][\/vc_row][vc_row el_id=&#8221;DESTACADO_NOTICIA&#8221;][vc_column][vc_column_text el_class=&#8221;cuadronoticia&#8221;]<\/p>\n<h5>L&#8217;acte, que t\u00e9 lloc el 7 i 8 d&#8217;octubre a l&#8217;hort del Cura, compta amb l&#8217;assist\u00e8ncia de 150 congressistes advocats i economistes, aix\u00ed com amb la participaci\u00f3 de m\u00e9s de 20 ponents, la majoria d&#8217;ells magistrats dels jutjats del mercantil i d&#8217;audi\u00e8ncies provincials de tota Espanya<\/h5>\n<p>[\/vc_column_text][\/vc_column][\/vc_row][vc_row source=&#8221;media_library&#8221; image=&#8221;&#8221; img_size=&#8221;full&#8221; external_img_size=&#8221;&#8221; add_caption=&#8221;&#8221; alignment=&#8221;left&#8221; style=&#8221;&#8221; external_style=&#8221;&#8221; border_color=&#8221;grey&#8221; external_border_color=&#8221;grey&#8221; onclick=&#8221;link_image&#8221; img_link_target=&#8221;_self&#8221; el_class=&#8221;fotounicanoticia&#8221; title=&#8221;&#8221; custom_src=&#8221;&#8221; caption=&#8221;&#8221; link=&#8221;&#8221; img_link_large=&#8221;&#8221;][vc_column][vc_single_image image=&#8221;165770&#8243; img_size=&#8221;full&#8221; onclick=&#8221;link_image&#8221; el_class=&#8221;fotounicanoticia&#8221;][\/vc_column][\/vc_row][vc_row][vc_column][vc_column_text]Per part seua, Pedro Algarra ha assenyalat que aquesta trobada pret\u00e9n abordar els temes d&#8217;actualitat del Dret Mercantil i la seua incid\u00e8ncia en les empreses. A m\u00e9s, ha indicat que s&#8217;ha procurat que les pon\u00e8ncies estiguen <strong>adaptades a l&#8217;avantprojecte de la Llei Concursal per a la incorporaci\u00f3 a la legislaci\u00f3 espanyola de la directiva europea sobre la reestructuraci\u00f3 i la insolv\u00e8ncia<\/strong>.<\/p>\n<p>Mentrestant, Francisco Menargues ha manifestat \u201cla necessitat que les <strong>empreses tinguen les idees clares sobre el que suposa una insolv\u00e8ncia, en qu\u00e8 consisteix el procediment concursal i quins s\u00f3n els mecanismes per a intentar resoldre la crisi financera<\/strong> que els afecta mitjan\u00e7ant l&#8217;aplicaci\u00f3 de diversos tractaments de millora, de sanejament i de reflotaci\u00f3\u201d.<\/p>\n<p>Amparo Navarro ha felicitat els ponents i els organitzadors del congr\u00e9s perqu\u00e8, segons ha assegurat,<strong> \u201caquesta nova edici\u00f3 institucionalitzar\u00e0 aquest congr\u00e9s nacional com una cita obligada de la nostra prov\u00edncia en els pr\u00f2xims anys\u201d<\/strong>.<\/p>\n<hr \/>\n<p>[\/vc_column_text][\/vc_column][\/vc_row][vc_row source=&#8221;media_library&#8221; image=&#8221;&#8221; img_size=&#8221;full&#8221; external_img_size=&#8221;&#8221; add_caption=&#8221;&#8221; alignment=&#8221;left&#8221; style=&#8221;&#8221; external_style=&#8221;&#8221; border_color=&#8221;grey&#8221; external_border_color=&#8221;grey&#8221; onclick=&#8221;link_image&#8221; img_link_target=&#8221;_self&#8221; el_class=&#8221;fotounicanoticia&#8221; title=&#8221;&#8221; custom_src=&#8221;&#8221; caption=&#8221;&#8221; link=&#8221;&#8221; img_link_large=&#8221;&#8221;][vc_column][vc_single_image image=&#8221;165762&#8243; img_size=&#8221;full&#8221; onclick=&#8221;link_image&#8221; el_class=&#8221;fotounicanoticia&#8221;][\/vc_column][\/vc_row][vc_row][vc_column][vc_column_text]En l&#8217;esdeveniment <strong>han participat m\u00e9s de 20 ponents, la majoria d&#8217;ells magistrats dels jutjats del mercantil i de les audi\u00e8ncies provincials de tota Espanya<\/strong>, aix\u00ed com nombroses autoritats, entre elles, la directora de la C\u00e0tedra Germ\u00e1n Bern\u00e1cer, Enar Ruiz Conde, el vicerector de Professorat de la Universitat Miguel Hern\u00e1ndez, Jos\u00e9 Carlos Espigares Huete i el director del CEU Cardenal Herrera, Francisco S\u00e1nchez.<\/p>\n<p>Despr\u00e9s de les intervencions,<strong> ha tingut lloc la primera taula-debat: \u201cReestructuraci\u00f3 de deute i preconcurs, <em>prepack<\/em> i altres eixides a la insolv\u00e8ncia en la transposici\u00f3 de la directiva sobre reestructuracions i insolv\u00e8ncia\u201d<\/strong> amb Mois\u00e9s Guillam\u00f3n Ruiz, magistrat titular del Jutjat del mercantil n\u00fam. 5 de Madrid; Amagoia Serrano Men\u00e9ndez, magistrada titular del Jutjat del mercantil n\u00fam. 1 de Madrid; i Juan Carlos Picazo Men\u00e9ndez, magistrat titular del Jutjat del mercantil n\u00fam. 7 de Madrid.<\/p>\n<hr \/>\n<p>[\/vc_column_text][\/vc_column][\/vc_row][vc_row][vc_column width=&#8221;1\/6&#8243;][\/vc_column][vc_column width=&#8221;2\/3&#8243;]<audio class=\"sc_audio\" src=\"https:\/\/soundcloud.com\/ayuntamiento-de-elche\/ramon-abad-enen-el-ii-congreso-nacional-de-derecho-de-empresa?si=80703043e58b4c6d922664697e60110e\" width=\"\" height=\"\"><\/audio>[\/vc_column][vc_column width=&#8221;1\/6&#8243;][\/vc_column][\/vc_row][vc_row type=&#8221;flexslider_slide&#8221; interval=&#8221;5&#8243; source=&#8221;media_library&#8221; images=&#8221;&#8221; img_size=&#8221;full&#8221; external_img_size=&#8221;&#8221; onclick=&#8221;link_image&#8221; custom_links_target=&#8221;_self&#8221; el_class=&#8221;galerianoticia&#8221; title=&#8221;&#8221; custom_srcs=&#8221;&#8221; custom_links=&#8221;&#8221;][vc_column][vc_gallery type=&#8221;flexslider_slide&#8221; interval=&#8221;5&#8243; images=&#8221;165794,165764,165768&#8243; img_size=&#8221;full&#8221; el_class=&#8221;galerianoticia&#8221;][\/vc_column][\/vc_row]<\/p>\n<\/div>","protected":false},"excerpt":{"rendered":"<p>[vc_row el_id=&#8221;SUBTITULAR_NOTICIA&#8221;][vc_column][vc_column_text] L&#8217;edil Ram\u00f3n Abad valora la cita com de \u201cm\u00e0xim inter\u00e9s\u201d i assegura que \u201cl&#8217;acci\u00f3 participativa dels col\u00b7lectius professionals \u00e9s en bona part l&#8217;origen de la vertebraci\u00f3 de la [&hellip;]<\/p>\n","protected":false},"author":131,"featured_media":165797,"comment_status":"closed","ping_status":"closed","sticky":false,"template":"","format":"standard","meta":{"footnotes":""},"categories":[391,1312,223],"tags":[],"class_list":["post-165809","post","type-post","status-publish","format-standard","has-post-thumbnail","hentry","category-home-va","category-noticias-va","category-recursos-humans-va"],"_links":{"self":[{"href":"https:\/\/www.elche.es\/va\/wp-json\/wp\/v2\/posts\/165809","targetHints":{"allow":["GET"]}}],"collection":[{"href":"https:\/\/www.elche.es\/va\/wp-json\/wp\/v2\/posts"}],"about":[{"href":"https:\/\/www.elche.es\/va\/wp-json\/wp\/v2\/types\/post"}],"author":[{"embeddable":true,"href":"https:\/\/www.elche.es\/va\/wp-json\/wp\/v2\/users\/131"}],"replies":[{"embeddable":true,"href":"https:\/\/www.elche.es\/va\/wp-json\/wp\/v2\/comments?post=165809"}],"version-history":[{"count":0,"href":"https:\/\/www.elche.es\/va\/wp-json\/wp\/v2\/posts\/165809\/revisions"}],"wp:featuredmedia":[{"embeddable":true,"href":"https:\/\/www.elche.es\/va\/wp-json\/wp\/v2\/media\/165797"}],"wp:attachment":[{"href":"https:\/\/www.elche.es\/va\/wp-json\/wp\/v2\/media?parent=165809"}],"wp:term":[{"taxonomy":"category","embeddable":true,"href":"https:\/\/www.elche.es\/va\/wp-json\/wp\/v2\/categories?post=165809"},{"taxonomy":"post_tag","embeddable":true,"href":"https:\/\/www.elche.es\/va\/wp-json\/wp\/v2\/tags?post=165809"}],"curies":[{"name":"wp","href":"https:\/\/api.w.org\/{rel}","templated":true}]}}