{"id":166777,"date":"2021-10-14T13:02:48","date_gmt":"2021-10-14T12:02:48","guid":{"rendered":"https:\/\/www.elche.es\/2021\/10\/lajuntament-dona-un-nou-impuls-al-pla-municipal-de-reposicio-darbratge-en-barris-i-pedanies\/"},"modified":"2021-10-14T13:59:17","modified_gmt":"2021-10-14T12:59:17","slug":"lajuntament-dona-un-nou-impuls-al-pla-municipal-de-reposicio-darbratge-en-barris-i-pedanies","status":"publish","type":"post","link":"https:\/\/www.elche.es\/va\/2021\/10\/lajuntament-dona-un-nou-impuls-al-pla-municipal-de-reposicio-darbratge-en-barris-i-pedanies\/","title":{"rendered":"L&#8217;Ajuntament dona un nou impuls al Pla Municipal de reposici\u00f3 d&#8217;Arbratge en barris i en pedanies"},"content":{"rendered":"<div class=\"wpb-content-wrapper\"><p>[vc_row el_id=&#8221;SUBTITULAR_NOTICIA&#8221;][vc_column][vc_column_text]<\/p>\n<h4>L&#8217;edil de Modernitzaci\u00f3 de l&#8217;Espai P\u00fablic, H\u00e9ctor D\u00edez, explica que l&#8217;objectiu de l&#8217;Equip de Govern \u00e9s reposar tots els escocells que hi ha buits en barris i en pedanies<\/h4>\n<hr \/>\n<h4><\/h4>\n<p>[\/vc_column_text][\/vc_column][\/vc_row][vc_row el_id=&#8221;TEXTO_NOTICIA&#8221;][vc_column][vc_column_text]El regidor de Parcs i Jardins i Modernitzaci\u00f3 de l&#8217;Espai P\u00fablic, H\u00e9ctor D\u00edez, ha anunciat hui que des del seu departament <strong>s&#8217;ha repr\u00e9s el Pla d&#8217;Arbratge, que coincideix amb l&#8217;arribada de la tardor i una vegada finalitzat el per\u00edode estival<\/strong>.<\/p>\n<p>Tal com ha explicat D\u00edez, l&#8217;objectiu de l&#8217;Equip de Govern \u00e9s <strong>reposar els escocells buits al nucli urb\u00e0 i a les pedanies<\/strong> en el que resta de l&#8217;actual mandat; amb <strong>pressupost de 63.500 euros per a 2021.<\/strong><\/p>\n<p>Segons ha explicat l&#8217;edil, en alguns carrers als quals hi ha prop d&#8217;un 20 o 30% d&#8217;escocells buits. \u201c<strong>Es tracta d&#8217;un treball que pret\u00e9n una cosa tan \u00f2bvia i tan senzilla com \u00e9s reposar tots els escocells que estan buits als nostres barris i pedanies per dos motius fonamentalment.<\/strong> El primer d&#8217;ells, el medi ambiental i de sostenibilitat. No cal perdre de vista el paper que juga l&#8217;arbratge a la via p\u00fablica; els arbres s\u00f3n essencials per a reduir les emissions de carboni, s\u00f3n necessaris a l&#8217;hora d&#8217;absorbir CO\u2082 i tamb\u00e9 regulen la temperatura als nostres carrers\u201d, ha assenyalat el regidor, que ha afegit que <strong>la segona ra\u00f3 \u00e9s la referent a la imatge urbana del municipi<\/strong>, \u201cja que juguen un paper fonamental; una ciutat amb escocells buits \u00e9s una ciutat que dona una mala imatge\u201d.[\/vc_column_text][\/vc_column][\/vc_row][vc_row source=&#8221;media_library&#8221; image=&#8221;&#8221; img_size=&#8221;full&#8221; external_img_size=&#8221;&#8221; add_caption=&#8221;&#8221; alignment=&#8221;left&#8221; style=&#8221;&#8221; external_style=&#8221;&#8221; border_color=&#8221;grey&#8221; external_border_color=&#8221;grey&#8221; onclick=&#8221;link_image&#8221; img_link_target=&#8221;_self&#8221; el_class=&#8221;fotounicanoticia&#8221; title=&#8221;&#8221; custom_src=&#8221;&#8221; caption=&#8221;&#8221; link=&#8221;&#8221; img_link_large=&#8221;&#8221;][vc_column][vc_single_image image=&#8221;166701&#8243; img_size=&#8221;full&#8221; onclick=&#8221;link_image&#8221; el_class=&#8221;fotounicanoticia&#8221;][\/vc_column][\/vc_row][vc_row el_id=&#8221;TEXTO_FIN_NOTICIA&#8221;][vc_column][vc_column_text]<strong>El Pla d&#8217;Arbratge va comen\u00e7ar a executar-se en els mesos de primavera i s&#8217;est\u00e0 desenvolupant tant en barris com en pedanies<\/strong>. \u201cEn aquest cas, l&#8217;\u00faltima actuaci\u00f3 que hem realitzat en pedanies s&#8217;ha centrat en els <strong>Arenals del Sol.<\/strong> All\u00ed s&#8217;ha procedit a la <strong>plantaci\u00f3 de 90 arbres nous a l&#8217;entorn del passeig de S\u00f2ria<\/strong>, una zona per als vianants que comptava amb un 40% d&#8217;escocells buits i amb un 30% de <em>brachychitons <\/em>malalts. En aquest cas, s&#8217;ha apostat per una esp\u00e8cie m\u00e9s adequada per a zones de costa com \u00e9s el tamarinde, un pi aut\u00f2cton de la zona\u201d, ha apuntat D\u00edez.<\/p>\n<p>El pla tamb\u00e9 s&#8217;est\u00e0 desenvolupant al nucli urb\u00e0. <strong>\u201cEl prop\u00f2sit \u00e9s que en el que queda de mandat pentinem tota la ciutat, de sud a nord, per a tractar de reduir a la m\u00ednima expressi\u00f3 els escocells buits\u201d<\/strong>.<\/p>\n<p>El regidor ha dit que <strong>s&#8217;ha actuat al carrer Pere Joan Perpiny\u00e0<\/strong>, on s&#8217;han reposat deu escocells de palmeres que estaven buits. Als <strong>carrers Conrado del Campo, Concepci\u00f3n Arenal, Mariano Benlliure i Fernanda Santa Mar\u00eda<\/strong> s&#8217;estan reposant una trentena d&#8217;escocells buits.[\/vc_column_text][\/vc_column][\/vc_row][vc_row source=&#8221;media_library&#8221; image=&#8221;&#8221; img_size=&#8221;full&#8221; external_img_size=&#8221;&#8221; add_caption=&#8221;&#8221; alignment=&#8221;left&#8221; style=&#8221;&#8221; external_style=&#8221;&#8221; border_color=&#8221;grey&#8221; external_border_color=&#8221;grey&#8221; onclick=&#8221;link_image&#8221; img_link_target=&#8221;_self&#8221; el_class=&#8221;fotounicanoticia&#8221; title=&#8221;&#8221; custom_src=&#8221;&#8221; caption=&#8221;&#8221; link=&#8221;&#8221; img_link_large=&#8221;&#8221;][vc_column][vc_single_image image=&#8221;166703&#8243; img_size=&#8221;full&#8221; onclick=&#8221;link_image&#8221; el_class=&#8221;fotounicanoticia&#8221;][\/vc_column][\/vc_row][vc_row][vc_column][vc_column_text]\u201c<strong>En el cas de la ciutat estem apostant per esp\u00e8cies que els enginyers municipals consideren que s\u00f3n id\u00f2nies com ara lledoners i ligustres<\/strong>, que s\u00f3n arbres de creixement r\u00e0pid, que generen una copa molt redona i que generen amb rapidesa zones d&#8217;ombra, la qual cosa \u00e9s fonamental en aquesta zona\u201d, ha indicat el regidor.<\/p>\n<p>L&#8217;edil ha apuntat que en aquells carrers en les quals hi haja escocells buits i la resta de l&#8217;arbratge estiga en bon estat, l&#8217;actuaci\u00f3 consistir\u00e0 a <strong>reposar l&#8217;escocell buit sense canviar la totalitat de l&#8217;esp\u00e8cie del carrer.<\/strong><\/p>\n<p>Finalment, D\u00edez ha dit que la <strong>millora de l&#8217;arbratge \u00e9s fonamental<\/strong> en el cam\u00ed d&#8217;Elx cap a la<strong> capitalitat europea 2030.<\/strong><\/p>\n<hr \/>\n<p>[\/vc_column_text][\/vc_column][\/vc_row][vc_row][vc_column width=&#8221;1\/6&#8243;][\/vc_column][vc_column width=&#8221;2\/3&#8243;]<audio class=\"sc_audio\" src=\"https:\/\/soundcloud.com\/ayuntamiento-de-elche\/hector-diez-sobre-el-plan-de-arbolado?si=5caf5458434a4f41ae171cca8452df2d\" width=\"\" height=\"\"><\/audio>[\/vc_column][vc_column width=&#8221;1\/6&#8243;][\/vc_column][\/vc_row]<\/p>\n<\/div>","protected":false},"excerpt":{"rendered":"<p>[vc_row el_id=&#8221;SUBTITULAR_NOTICIA&#8221;][vc_column][vc_column_text] L&#8217;edil de Modernitzaci\u00f3 de l&#8217;Espai P\u00fablic, H\u00e9ctor D\u00edez, explica que l&#8217;objectiu de l&#8217;Equip de Govern \u00e9s reposar tots els escocells que hi ha buits en barris i en [&hellip;]<\/p>\n","protected":false},"author":144,"featured_media":166700,"comment_status":"closed","ping_status":"closed","sticky":false,"template":"","format":"standard","meta":{"footnotes":""},"categories":[391,2785,1312],"tags":[],"class_list":["post-166777","post","type-post","status-publish","format-standard","has-post-thumbnail","hentry","category-home-va","category-modernizacion-va","category-noticias-va"],"_links":{"self":[{"href":"https:\/\/www.elche.es\/va\/wp-json\/wp\/v2\/posts\/166777","targetHints":{"allow":["GET"]}}],"collection":[{"href":"https:\/\/www.elche.es\/va\/wp-json\/wp\/v2\/posts"}],"about":[{"href":"https:\/\/www.elche.es\/va\/wp-json\/wp\/v2\/types\/post"}],"author":[{"embeddable":true,"href":"https:\/\/www.elche.es\/va\/wp-json\/wp\/v2\/users\/144"}],"replies":[{"embeddable":true,"href":"https:\/\/www.elche.es\/va\/wp-json\/wp\/v2\/comments?post=166777"}],"version-history":[{"count":0,"href":"https:\/\/www.elche.es\/va\/wp-json\/wp\/v2\/posts\/166777\/revisions"}],"wp:featuredmedia":[{"embeddable":true,"href":"https:\/\/www.elche.es\/va\/wp-json\/wp\/v2\/media\/166700"}],"wp:attachment":[{"href":"https:\/\/www.elche.es\/va\/wp-json\/wp\/v2\/media?parent=166777"}],"wp:term":[{"taxonomy":"category","embeddable":true,"href":"https:\/\/www.elche.es\/va\/wp-json\/wp\/v2\/categories?post=166777"},{"taxonomy":"post_tag","embeddable":true,"href":"https:\/\/www.elche.es\/va\/wp-json\/wp\/v2\/tags?post=166777"}],"curies":[{"name":"wp","href":"https:\/\/api.w.org\/{rel}","templated":true}]}}